{"id":15310,"date":"2017-03-25T16:04:31","date_gmt":"2017-03-25T15:04:31","guid":{"rendered":"http:\/\/www.infosadowne.boo.pl\/?p=15310"},"modified":"2017-03-25T16:04:31","modified_gmt":"2017-03-25T15:04:31","slug":"zieleniec-zaskakuje","status":"publish","type":"post","link":"http:\/\/info.sadowne.pl\/?p=15310","title":{"rendered":"Zieleniec zaskakuje!"},"content":{"rendered":"<p><strong><a href=\"http:\/\/www.info.sadowne.pl\/wp-content\/uploads\/2017\/03\/2017.03.25.21.jpg\" target=\"_blank\"><img loading=\"lazy\" decoding=\"async\" class=\"alignleft wp-image-15312 size-thumbnail\" src=\"http:\/\/www.info.sadowne.pl\/wp-content\/uploads\/2017\/03\/2017.03.25.21-180x130.jpg\" alt=\"\" width=\"180\" height=\"130\" \/><\/a>Rzadko w Naszej Gminie m\u00f3wi si\u0119 o Ziele\u0144cu, ale chyba to si\u0119 zmieni za spraw\u0105 jednostki OSP.<\/strong><!--more--><\/p>\n<p>Wszyscy mog\u0105 przyzna\u0107, i\u017c nie cz\u0119sto spotykamy si\u0119 z informacjami, kt\u00f3re dotycz\u0105 wydarze\u0144 w po\u0142udniowej cz\u0119\u015bci Naszej Gminy, gdzie zlokalizowane jest so\u0142ectwo i miejscowo\u015b\u0107 Zieleniec. Czy tam nic si\u0119 nie dzieje?<\/p>\n<p><strong>Dzieje si\u0119 i to sporo<\/strong>, cho\u0107 nie zawsze mamy okazj\u0119 zdawa\u0107 relacj\u0119 z tych ciekawych wydarze\u0144. Z kilku z nich, np.: ubieg\u0142orocznego pikniku i balu dla dzieci, prezentowali\u015bmy Pa\u0144stwu fotorelacj\u0119, korzystaj\u0105c z zaproszenia mieszka\u0144c\u00f3w tej miejscowo\u015bci. Ostatnio jednak dochodz\u0105 nas s\u0142uchy o do\u015b\u0107 istotnych dla lokalnej spo\u0142eczno\u015bci przedsi\u0119wzi\u0119ciach, kt\u00f3rych autorami s\u0105 stra\u017cacy \u2013 ochotnicy.<\/p>\n<p><strong><a href=\"http:\/\/www.info.sadowne.pl\/wp-content\/uploads\/2017\/03\/2017.03.25.22.jpg\" target=\"_blank\"><img loading=\"lazy\" decoding=\"async\" class=\"alignright wp-image-15313 size-thumbnail\" src=\"http:\/\/www.info.sadowne.pl\/wp-content\/uploads\/2017\/03\/2017.03.25.22-180x130.jpg\" alt=\"\" width=\"180\" height=\"130\" \/><\/a>Ale na pocz\u0105tek troch\u0119 historii\u2026<\/strong> Na terenie Naszej Gminy dotychczas do\u015b\u0107 pr\u0119\u017cnie funkcjonowa\u0142o siedem jednostek Ochotniczej Stra\u017cy Po\u017carnej, kt\u00f3re &#8211; wspomagane przez KP PSP w W\u0119growie &#8211; w pe\u0142ni zapewnia\u0142y bezpiecze\u0144stwo po\u017carowe naszym mieszka\u0144com. Po\u0142udnie Gminy, a wi\u0119c i teren Ziele\u0144ca, zabezpiecza\u0142a OSP Sadowne i pobliskie jednostki. Co na to mieszka\u0144cy Ziele\u0144ca? Bez \u017cadnych nakaz\u00f3w, polece\u0144 \u201ewzi\u0119li si\u0119 i zebrali\u201d. W 2015 roku odby\u0142o si\u0119 zebranie za\u0142o\u017cycielskie w sprawie utworzenia jednostki OSP w Ziele\u0144cu. Wybrano Zarz\u0105d w sk\u0142adzie: <strong>Prezes<\/strong>\u00a0&#8211; Jaros\u0142aw Pop\u0142awski, <strong>Wice<\/strong><strong>prezes<\/strong>\u00a0&#8211; Marcin G\u0119sina, <strong>Naczelnik<\/strong>\u00a0&#8211; Sylwester Majba\u0144ski, <strong>Zast\u0119pca Naczelnika<\/strong>\u00a0&#8211; Jacek Rudo, <strong>Skarbnik<\/strong>\u00a0&#8211; Andrzej Malenka, <strong>Sekretarz<\/strong>\u00a0&#8211; Andrzej Gasto\u0142. <strong>Gospodarzem jednostki OSP zosta\u0142 so\u0142tys Ziele\u0144ca &#8211;<\/strong>\u00a0Andrzej Kopacz. Jednostk\u0119 tym samym wpisano w gminne struktury OSP.<\/p>\n<p><strong><a href=\"http:\/\/www.info.sadowne.pl\/wp-content\/uploads\/2017\/03\/2017.03.25.23.jpg\" target=\"_blank\"><img loading=\"lazy\" decoding=\"async\" class=\"alignleft wp-image-15314 size-thumbnail\" src=\"http:\/\/www.info.sadowne.pl\/wp-content\/uploads\/2017\/03\/2017.03.25.23-180x130.jpg\" alt=\"\" width=\"180\" height=\"130\" \/><\/a>I co dalej?<\/strong> Troch\u0119 formalno\u015bci \u2013 ju\u017c w 2015 roku Zarz\u0105d OSP w Ziele\u0144cu wyst\u0105pi\u0142 do warszawskiego s\u0105du o nadanie numeru KRS. Po roku oczekiwa\u0144 s\u0105d przychyli\u0142 si\u0119 do wniosku i od tego momentu jednostka OSP mog\u0142a pe\u0142noprawnie funkcjonowa\u0107. Jeszcze tego samego roku zaznaczy\u0142a sw\u00f3j udzia\u0142 w Gminnych Zawodach Sportowo \u2013 Po\u017carniczych, kt\u00f3re odby\u0142y si\u0119 w Morzyczynie, a tak\u017ce wsp\u00f3\u0142organizowa\u0142a Piknik Rodzinny w Ziele\u0144cu, kt\u00f3ry cieszy\u0142 si\u0119 du\u017cym zainteresowaniem mieszka\u0144c\u00f3w okolicznych miejscowo\u015bci.<\/p>\n<p><strong>Pomy\u015blano, s\u0142aba to jednostka, kt\u00f3ra nie ma swojej siedziby?<\/strong> I s\u0142usznie \u2013 Prezes Jaros\u0142aw Pop\u0142awski d\u0142ugo nad tym si\u0119 nie zastanawia\u0142 i wyst\u0105pi\u0142 do W\u00f3jta i Rady Gminy Sadowne o u\u017cyczenie budynku po by\u0142ej szkole podstawowej w Ziele\u0144cu. Przychylono si\u0119 do niej i &#8211; po szybkim remoncie budynku &#8211; utworzono w nim stra\u017cnic\u0119.<\/p>\n<p><a href=\"http:\/\/www.info.sadowne.pl\/wp-content\/uploads\/2017\/03\/2017.03.25.24.jpg\" target=\"_blank\"><img loading=\"lazy\" decoding=\"async\" class=\"alignright wp-image-15315 size-thumbnail\" src=\"http:\/\/www.info.sadowne.pl\/wp-content\/uploads\/2017\/03\/2017.03.25.24-180x130.jpg\" alt=\"\" width=\"180\" height=\"130\" \/><\/a>Zapa\u0142 organizator\u00f3w jednostki i m\u0142odzie\u017cy, kt\u00f3rej przybywa\u0142o w szeregach ochotnik\u00f3w, by\u0142 przyczynkiem do kolejnych szybkich i skutecznych dzia\u0142a\u0144. Jednostka wkr\u00f3tce pozyska\u0142a od PSP w Warszawie meble biurowe, komputery oraz drukarki. Zaprzyja\u017aniona jednostka OSP Budziska przekaza\u0142a kolegom w\u0119\u017ce, pr\u0105downic\u0119, w\u0119\u017ce ssawne oraz u\u017cywane galowe mundury, a OSP Pogorzelec uzupe\u0142ni\u0142 brakuj\u0105cy sprz\u0119t swoj\u0105 motopomp\u0105. Pomoc nap\u0142yn\u0119\u0142a r\u00f3wnie\u017c od s\u0105siad\u00f3w zza Bugu \u2013 OSP Brok podarowa\u0142 drabin\u0119 samochodow\u0105, pr\u0105downic\u0119 oraz u\u017cywane ubrania bojowe typu Nomex.<\/p>\n<p><strong><a href=\"http:\/\/www.info.sadowne.pl\/wp-content\/uploads\/2017\/03\/2017.03.25.25.jpg\" target=\"_blank\"><img loading=\"lazy\" decoding=\"async\" class=\"alignleft wp-image-15316 size-thumbnail\" src=\"http:\/\/www.info.sadowne.pl\/wp-content\/uploads\/2017\/03\/2017.03.25.25-180x130.jpg\" alt=\"\" width=\"180\" height=\"130\" \/><\/a>Sami \u201eochotnicy\u201d r\u00f3wnie\u017c postanowili zapracowa\u0107 na swoje wyposa\u017cenie.<\/strong> Gminne Zawody Sportowo \u2013 Po\u017carnicze i udzia\u0142 w nich wzbogaci\u0142 jednostk\u0119 o bon warto\u015bci 1000 z\u0142., kt\u00f3ry przekaza\u0142 W\u00f3jt Gminy, a lokalny sponsor, firma Alpin-Jar zakupi\u0142a dla druh\u00f3w 13 nowych kompletnych mundur\u00f3w koszarowych oraz T-shirty z logiem OSP. Cz\u0119\u015b\u0107 druh\u00f3w za w\u0142asne pieni\u0105dze zakupi\u0142a te\u017c mundury galowe, by wzi\u0105\u0107 udzia\u0142 w uroczysto\u015bciach gminnych i ko\u015bcielnych.<\/p>\n<p><em>&#8211; Pomimo, \u017ce w\u0142o\u017cyli\u015bmy du\u017co wysi\u0142ku w utworzenie i za\u0142atwienie podstawowego wyposa\u017cenia jednostki, to i tak pod\u015bmiewali si\u0119 z nas koledzy z s\u0105siednich OSP. Czemu? Nazywano nas \u201estra\u017cakami rowerowymi\u201d, bo nie mieli\u015bmy \u017cadnego pojazdu ga\u015bniczego<\/em> \u2013 wyja\u015bnia Prezes OSP Zieleniec Jaros\u0142aw Pop\u0142awski i kontynuuje \u2013 <em>Znowu zebrali\u015bmy si\u0119 i postanowili\u015bmy wzi\u0105\u0107 sprawy w swoje r\u0119ce.<\/em><\/p>\n<p><strong><a href=\"http:\/\/www.info.sadowne.pl\/wp-content\/uploads\/2017\/03\/2017.03.25.26.jpg\" target=\"_blank\"><img loading=\"lazy\" decoding=\"async\" class=\"alignright wp-image-15317 size-thumbnail\" src=\"http:\/\/www.info.sadowne.pl\/wp-content\/uploads\/2017\/03\/2017.03.25.26-180x130.jpg\" alt=\"\" width=\"180\" height=\"130\" \/><\/a>I\u2026 znowu rozpocz\u0119li dzia\u0142ania, skoordynowane i jak\u017ce skuteczne.<\/strong> W 2017 roku zebrali pieni\u0105dze od mieszka\u0144c\u00f3w Ziele\u0144ca i miejscowych sponsor\u00f3w, w\u015br\u00f3d kt\u00f3rych m.in. znale\u017ali si\u0119: firma Alpin-Jar, firma Diana Jacka Rostka, sklep Piotra i Ma\u0142gorzaty Klimczak\u00f3w, firma FIX-BUD Dariusza Figla. <strong>Zebrane \u015brodki pieni\u0119\u017cne wystarczy\u0142y na zakupienie \u015bredniego wozu bojowego.<\/strong><\/p>\n<p>&#8211; <em>Zakupiony w\u00f3z bojowy musimy zarejestrowa\u0107 i wyposa\u017cy\u0107, a wtedy b\u0119dziemy mogli w pe\u0142ni wej\u015b\u0107 w powiatowy system ratownictwa. Wa\u017cne, \u017ce mieszka\u0144cy w nas uwierzyli i czuj\u0105 si\u0119 u siebie bezpieczniej, a tym samym mo\u017cemy liczy\u0107 na ich wsparcie i pomoc. Dzi\u0119kujemy im za to <\/em>\u2013 dodaje Prezes Pop\u0142awski.<\/p>\n<p><strong><a href=\"http:\/\/www.info.sadowne.pl\/wp-content\/uploads\/2017\/03\/2017.03.25.27.jpg\" target=\"_blank\"><img loading=\"lazy\" decoding=\"async\" class=\"alignleft wp-image-15318 size-thumbnail\" src=\"http:\/\/www.info.sadowne.pl\/wp-content\/uploads\/2017\/03\/2017.03.25.27-180x130.jpg\" alt=\"\" width=\"180\" height=\"130\" \/><\/a>I to jest \u015bwi\u0119ta prawda<\/strong>, <strong>ale najm\u0142odsza, \u00f3sma jednostka OSP w Naszej Gminie ma nadal du\u017ce potrzeby.<\/strong> Jest w\u00f3z bojowy, dla kt\u00f3rego teraz potrzeby jest gara\u017c. Znowu stra\u017cacy nie czekaj\u0105 i ju\u017c rozpocz\u0119li jego budow\u0119 na placu przy by\u0142ej szkole. Trwa te\u017c remont stra\u017cnicy. Najwa\u017cniejsze jednak, to przeszkolenie m\u0142odych stra\u017cak\u00f3w w zakresie podstawowym, by mogli bra\u0107 udzia\u0142 w akcjach, pozyskanie dla nich sprz\u0119tu i uzbrojenie samochodu.<\/p>\n<p><strong>Pewne jest, \u017ce w\u0142adze Naszej Gminy w pe\u0142ni popieraj\u0105 dzia\u0142ania naszych stra\u017cak\u00f3w i dbaj\u0105 o bezpiecze\u0144stwo mieszka\u0144c\u00f3w, dlatego te\u017c jeste\u015bmy spokojni, \u017ce pomoc dla jednostki OSP w Ziele\u0144cu nap\u0142ynie i to wkr\u00f3tce.<\/strong> B\u0119dziemy o tym informowa\u0107 Pa\u0144stwa na bie\u017c\u0105co, a tak\u017ce o zbli\u017caj\u0105cych si\u0119 tegorocznych Gminnych Zawodach Sportowo \u2013 Po\u017carniczych, do kt\u00f3rych ju\u017c przygotowuje si\u0119 OSP Zieleniec.<\/p>\n<p><strong>Drodzy druhowie, \u017cyczymy Wam powodzenia w dalszych dzia\u0142aniach<\/strong>, a Pa\u0144stwa zach\u0119camy do \u015bledzenia wydarze\u0144 zwi\u0105zanych z OSP Zieleniec na stronach internetowych:<\/p>\n<p><span style=\"color: #0000ff;\"><strong><a style=\"color: #0000ff;\" href=\"https:\/\/www.facebook.com\/OSP-Zieleniec-1570853353244748\/\" target=\"_blank\">https:\/\/www.facebook.com\/OSP-Zieleniec-1570853353244748\/<\/a><\/strong><\/span> i <span style=\"color: #0000ff;\"><strong><a style=\"color: #0000ff;\" href=\"http:\/\/ospzieleniec.pl\/\" target=\"_blank\">http:\/\/ospzieleniec.pl\/<\/a><\/strong><\/span>.<\/p>\n<p><strong>Tekst:<\/strong> S\u0142awek Chyli\u0144ski\/Jaros\u0142aw Pop\u0142awski<\/p>\n<p><strong>Foto:<\/strong> S\u0142awek Chyli\u0144ski<\/p>\n","protected":false},"excerpt":{"rendered":"<p>Rzadko w Naszej Gminie m\u00f3wi si\u0119 o Ziele\u0144cu, ale chyba to si\u0119 zmieni za spraw\u0105 jednostki OSP.<\/p>\n","protected":false},"author":1,"featured_media":0,"comment_status":"closed","ping_status":"closed","sticky":false,"template":"","format":"standard","meta":{"footnotes":""},"categories":[5,2389,4,267],"tags":[1413,2390],"class_list":["post-15310","post","type-post","status-publish","format-standard","hentry","category-newsy","category-osp-zieleniec","category-policja-straz-pozarna-pogotowie-ratunkowe","category-straz-pozarna-policja-straz-pozarna-pogotowie-ratunkowe","tag-jaroslaw-poplawski","tag-ochotnicza-straz-pozarna-w-zielencu"],"views":4744,"_links":{"self":[{"href":"http:\/\/info.sadowne.pl\/index.php?rest_route=\/wp\/v2\/posts\/15310","targetHints":{"allow":["GET"]}}],"collection":[{"href":"http:\/\/info.sadowne.pl\/index.php?rest_route=\/wp\/v2\/posts"}],"about":[{"href":"http:\/\/info.sadowne.pl\/index.php?rest_route=\/wp\/v2\/types\/post"}],"author":[{"embeddable":true,"href":"http:\/\/info.sadowne.pl\/index.php?rest_route=\/wp\/v2\/users\/1"}],"replies":[{"embeddable":true,"href":"http:\/\/info.sadowne.pl\/index.php?rest_route=%2Fwp%2Fv2%2Fcomments&post=15310"}],"version-history":[{"count":1,"href":"http:\/\/info.sadowne.pl\/index.php?rest_route=\/wp\/v2\/posts\/15310\/revisions"}],"predecessor-version":[{"id":15319,"href":"http:\/\/info.sadowne.pl\/index.php?rest_route=\/wp\/v2\/posts\/15310\/revisions\/15319"}],"wp:attachment":[{"href":"http:\/\/info.sadowne.pl\/index.php?rest_route=%2Fwp%2Fv2%2Fmedia&parent=15310"}],"wp:term":[{"taxonomy":"category","embeddable":true,"href":"http:\/\/info.sadowne.pl\/index.php?rest_route=%2Fwp%2Fv2%2Fcategories&post=15310"},{"taxonomy":"post_tag","embeddable":true,"href":"http:\/\/info.sadowne.pl\/index.php?rest_route=%2Fwp%2Fv2%2Ftags&post=15310"}],"curies":[{"name":"wp","href":"https:\/\/api.w.org\/{rel}","templated":true}]}}