{"id":15334,"date":"2017-03-27T18:05:07","date_gmt":"2017-03-27T16:05:07","guid":{"rendered":"http:\/\/www.infosadowne.boo.pl\/?p=15334"},"modified":"2020-04-24T15:19:30","modified_gmt":"2020-04-24T13:19:30","slug":"warszawska-syrenka","status":"publish","type":"post","link":"http:\/\/info.sadowne.pl\/?p=15334","title":{"rendered":"&#8222;Warszawska Syrenka&#8221;"},"content":{"rendered":"<p><strong><img loading=\"lazy\" decoding=\"async\" class=\"alignleft size-thumbnail wp-image-15336\" src=\"http:\/\/www.info.sadowne.pl\/wp-content\/uploads\/2017\/03\/2017.03.27.11-180x130.jpg\" alt=\"\" width=\"180\" height=\"130\" \/>Ka\u017cdego roku w eliminacjach do Konkursu Recytatorskiego \u201eWarszawska Syrenka\u201d bierze udzia\u0142 kilkana\u015bcie tysi\u0119cy dzieci i m\u0142odzie\u017cy na Mazowszu. 27 marca odby\u0142y si\u0119 tak\u017ce eliminacje gminne w Sadownem.<\/strong><!--more--><\/p>\n<p>Konkurs \u201eWarszawska Syrenka\u201d promuje kultur\u0119 j\u0119zyka i rozpowszechnia kultur\u0119 s\u0142owa w naszym wojew\u00f3dztwie. Rozpocz\u0119\u0142y si\u0119 eliminacje do 40-tej edycji tego Konkursu.<\/p>\n<p>27 marca w Gminnym O\u015brodku Kultury w Sadownem odby\u0142y si\u0119 eliminacje szkolne, podczas kt\u00f3rych uczestnicy byli oceniani przez Komisj\u0119 Konkursow\u0105 w sk\u0142adzie: p. Katarzyna Kalbarczyk \u2013 inspektor ds. o\u015bwiaty UG w Sadownem, p. Barbara Klimek \u2013 kustosz Gminnej Biblioteki Publicznej w Sadownem i p. Sebastian Kowalczyk \u2013 instruktor kulturalno \u2013 o\u015bwiatowy Gminnego O\u015brodka Kultury w Sadownem.<\/p>\n<p><strong>W gminnych eliminacjach do Konkursu wzi\u0119\u0142y udzia\u0142 szko\u0142y:<\/strong> Szko\u0142a Podstawowa w Sadownem, Zesp\u00f3\u0142 Szkolno \u2013 Przedszkolny w Grabinach, Niepubliczna Szko\u0142a Podstawowa w Orze\u0142ku, Niepubliczna Szko\u0142a Podstawowa w Ko\u0142odzi\u0105\u017cu i Gimnazjum w Sadownem.<\/p>\n<p><strong>W kategorii klas I-III szk\u00f3\u0142 podstawowych swoje umiej\u0119tno\u015bci recytatorskie prezentowali:<\/strong> Emilia Kania, Amelia Podg\u00f3rska, Alicja Sobolewska, Przemys\u0142aw Podle\u015b, Patrycja Pu\u015bcion, Karolina Rybczy\u0144ska, Wiktoria Ga\u0142\u0105zka, Anna Ga\u0142\u0105zka, Weronika Mielcarz, Wiktoria Bednarczyk, Tomasz Przybysz i Aleksandra Skoneczna.<\/p>\n<p><strong>W kategorii klas IV-VI szk\u00f3\u0142 podstawowych rywalizowali:<\/strong> Kinga Rydzewska, Dawid Trojan, Sylwia Wikie\u0142, Magdalena Zi\u00f3\u0142kowska, Wiktoria Rostek, Patrycja Dobosz, Amelia Pu\u015bcion, Alicja Mi\u0105skowska, Dawid Ogonowski i Dawid Sobolewski.<\/p>\n<p><strong>Kategoria Gimnazjum:<\/strong> Klarysa Nowak, Natalia Kolankowska, Natalia Pigul, Martyna Kowalczyk, Agnieszka Renik, Weronika Akonom, Iga K\u0142\u00f3sek, Natalia K\u0142\u00f3sek i Hubert Ga\u0142\u0105zka.<\/p>\n<p>Po przes\u0142uchaniu uczestnik\u00f3w eliminacji Komisja wy\u0142oni\u0142a zwyci\u0119zc\u00f3w:<\/p>\n<p><strong>Kategoria I-III \u2013 Szko\u0142a Podstawowa<\/strong><\/p>\n<p>I miejsce \u2013 Karolina Rybczy\u0144ska \u2013 ZS-P Grabiny<\/p>\n<p>II miejsce \u2013 Emilia Kania \u2013 NSP Orze\u0142ek<\/p>\n<p>III miejsce \u2013 Anna Ga\u0142\u0105zka \u2013 SP Sadowne<\/p>\n<p><strong>Kategoria IV-VI \u2013 Szko\u0142a Podstawowa<\/strong><\/p>\n<p>I miejsce \u2013 Patrycja Dobosz \u2013 SP Sadowne<\/p>\n<p>II miejsce \u2013 Kinga Rydzewska \u2013 NSP Orze\u0142ek<\/p>\n<p>III miejsce \u2013 Amelia Pu\u015bcion \u2013 SP Sadowne<\/p>\n<p><strong>Kategoria I-III Gimnazjum<\/strong><\/p>\n<p>I miejsce \u2013 Iga K\u0142\u00f3sek \u2013 Gimnazjum w Sadownem<\/p>\n<p>II miejsce \u2013 Natalia Kolankowska \u2013 Gimnazjum w Sadownem<\/p>\n<p>III miejsce \u2013 Agnieszka Renik \u2013 Gimnazjum w Sadownem<\/p>\n<p><strong>Laureatom eliminacji gminnych 40-tego Konkursu Recytatorskiego \u201eWarszawska Syrenka\u201d serdecznie gratulujemy.<\/strong> Zdobywcy miejsc I-III gminnych eliminacji b\u0119d\u0105 reprezentowa\u0107 Gmin\u0119 Sadowne podczas eliminacji powiatowych, kt\u00f3re odb\u0119d\u0105 si\u0119 7 kwietnia w \u0141ochowie.<\/p>\n<p><a href=\"https:\/\/photos.app.goo.gl\/5U4zHUNvQmSz3seCA\" target=\"_blank\" rel=\"noopener noreferrer\"><span style=\"color: #0000ff;\"><strong>Zdj\u0119cia w galerii Google&gt;&gt;&gt;<\/strong><\/span><\/a><\/p>\n<p><strong>Tekst\/foto:<\/strong> S\u0142awek Chyli\u0144ski<\/p>\n","protected":false},"excerpt":{"rendered":"<p>Ka\u017cdego roku w eliminacjach do Konkursu Recytatorskiego \u201eWarszawska Syrenka\u201d bierze udzia\u0142 kilkana\u015bcie tysi\u0119cy dzieci i m\u0142odzie\u017cy na Mazowszu. 27 marca odby\u0142y si\u0119 tak\u017ce eliminacje gminne w Sadownem.<\/p>\n","protected":false},"author":1,"featured_media":0,"comment_status":"closed","ping_status":"closed","sticky":false,"template":"","format":"standard","meta":{"footnotes":""},"categories":[5,91,6],"tags":[169,2401],"class_list":["post-15334","post","type-post","status-publish","format-standard","hentry","category-newsy","category-gminny-osrodek-kultury","category-kultura-rozrywka-edukacja","tag-gminny-osrodek-kultury-w-sadownem","tag-konkurs-warszawska-syrenka"],"views":3499,"_links":{"self":[{"href":"http:\/\/info.sadowne.pl\/index.php?rest_route=\/wp\/v2\/posts\/15334","targetHints":{"allow":["GET"]}}],"collection":[{"href":"http:\/\/info.sadowne.pl\/index.php?rest_route=\/wp\/v2\/posts"}],"about":[{"href":"http:\/\/info.sadowne.pl\/index.php?rest_route=\/wp\/v2\/types\/post"}],"author":[{"embeddable":true,"href":"http:\/\/info.sadowne.pl\/index.php?rest_route=\/wp\/v2\/users\/1"}],"replies":[{"embeddable":true,"href":"http:\/\/info.sadowne.pl\/index.php?rest_route=%2Fwp%2Fv2%2Fcomments&post=15334"}],"version-history":[{"count":2,"href":"http:\/\/info.sadowne.pl\/index.php?rest_route=\/wp\/v2\/posts\/15334\/revisions"}],"predecessor-version":[{"id":23151,"href":"http:\/\/info.sadowne.pl\/index.php?rest_route=\/wp\/v2\/posts\/15334\/revisions\/23151"}],"wp:attachment":[{"href":"http:\/\/info.sadowne.pl\/index.php?rest_route=%2Fwp%2Fv2%2Fmedia&parent=15334"}],"wp:term":[{"taxonomy":"category","embeddable":true,"href":"http:\/\/info.sadowne.pl\/index.php?rest_route=%2Fwp%2Fv2%2Fcategories&post=15334"},{"taxonomy":"post_tag","embeddable":true,"href":"http:\/\/info.sadowne.pl\/index.php?rest_route=%2Fwp%2Fv2%2Ftags&post=15334"}],"curies":[{"name":"wp","href":"https:\/\/api.w.org\/{rel}","templated":true}]}}