{"id":15492,"date":"2017-04-05T21:22:37","date_gmt":"2017-04-05T19:22:37","guid":{"rendered":"http:\/\/www.infosadowne.boo.pl\/?p=15492"},"modified":"2020-04-24T15:13:34","modified_gmt":"2020-04-24T13:13:34","slug":"taniec-to-sila","status":"publish","type":"post","link":"http:\/\/info.sadowne.pl\/?p=15492","title":{"rendered":"Taniec to si\u0142a\u2026"},"content":{"rendered":"<p><strong><img loading=\"lazy\" decoding=\"async\" class=\"alignleft size-thumbnail wp-image-15494\" src=\"http:\/\/www.info.sadowne.pl\/wp-content\/uploads\/2017\/04\/2017.04.05.11-180x130.jpg\" alt=\"\" width=\"180\" height=\"130\" \/>\u2026pokonuj\u0105ca mroki ciemno\u015bci.<\/strong><!--more--><\/p>\n<p>My\u015bl przewodnia, kt\u00f3ra towarzyszy\u0142a 5 kwietnia uczestnikom \u201eFestiwalu \u015awiat\u0142a\u201d w sadowie\u0144skim Gimnazjum. A kto nie dotar\u0142 na to spotkanie, niech \u017ca\u0142uje.<\/p>\n<p>Pani Hania Koza, kt\u00f3r\u0105 znamy z zaj\u0119\u0107 zumby lub pokaz\u00f3w ta\u0144ca podczas festyn\u00f3w, tym razem przygotowa\u0142a razem z gimnazjalistkami\u00a0 kumulacj\u0119 nowoczesnych ta\u0144c\u00f3w, ale przy wykorzystaniu gry \u015bwiate\u0142, kt\u00f3re przeplata\u0142a proza dostosowana do sytuacji i nastroju.<\/p>\n<p>P\u00f3\u0142godzinny wyst\u0119p podoba\u0142 si\u0119, by\u0142 dynamiczny i promuj\u0105cy zaj\u0119cia oraz ta\u0144ce, a g\u0142\u00f3wnie aktywno\u015b\u0107 fizyczn\u0105 poprzez taniec, bo\u2026 taniec to si\u0142a.<\/p>\n<p><a href=\"https:\/\/photos.app.goo.gl\/2uhMoxTdAZA5KfTv9\" target=\"_blank\" rel=\"noopener noreferrer\"><span style=\"color: #0000ff;\"><strong>Zdj\u0119cia w galerii Google&gt;&gt;&gt;<\/strong><\/span><\/a><\/p>\n<p><strong>Tekst\/foto:<\/strong> S\u0142awek Chyli\u0144ski<\/p>\n","protected":false},"excerpt":{"rendered":"<p>\u2026pokonuj\u0105ca mroki ciemno\u015bci.<\/p>\n","protected":false},"author":1,"featured_media":0,"comment_status":"closed","ping_status":"closed","sticky":false,"template":"","format":"standard","meta":{"footnotes":""},"categories":[5,83,1752],"tags":[2403,71,2415],"class_list":["post-15492","post","type-post","status-publish","format-standard","hentry","category-newsy","category-gimnazjum","category-edukacja","tag-festiwal-swiatla-w-sadownem","tag-gimnazjum-sadowne","tag-hanna-koza"],"views":2896,"_links":{"self":[{"href":"http:\/\/info.sadowne.pl\/index.php?rest_route=\/wp\/v2\/posts\/15492","targetHints":{"allow":["GET"]}}],"collection":[{"href":"http:\/\/info.sadowne.pl\/index.php?rest_route=\/wp\/v2\/posts"}],"about":[{"href":"http:\/\/info.sadowne.pl\/index.php?rest_route=\/wp\/v2\/types\/post"}],"author":[{"embeddable":true,"href":"http:\/\/info.sadowne.pl\/index.php?rest_route=\/wp\/v2\/users\/1"}],"replies":[{"embeddable":true,"href":"http:\/\/info.sadowne.pl\/index.php?rest_route=%2Fwp%2Fv2%2Fcomments&post=15492"}],"version-history":[{"count":2,"href":"http:\/\/info.sadowne.pl\/index.php?rest_route=\/wp\/v2\/posts\/15492\/revisions"}],"predecessor-version":[{"id":23146,"href":"http:\/\/info.sadowne.pl\/index.php?rest_route=\/wp\/v2\/posts\/15492\/revisions\/23146"}],"wp:attachment":[{"href":"http:\/\/info.sadowne.pl\/index.php?rest_route=%2Fwp%2Fv2%2Fmedia&parent=15492"}],"wp:term":[{"taxonomy":"category","embeddable":true,"href":"http:\/\/info.sadowne.pl\/index.php?rest_route=%2Fwp%2Fv2%2Fcategories&post=15492"},{"taxonomy":"post_tag","embeddable":true,"href":"http:\/\/info.sadowne.pl\/index.php?rest_route=%2Fwp%2Fv2%2Ftags&post=15492"}],"curies":[{"name":"wp","href":"https:\/\/api.w.org\/{rel}","templated":true}]}}