{"id":15517,"date":"2017-04-06T16:41:02","date_gmt":"2017-04-06T14:41:02","guid":{"rendered":"http:\/\/www.infosadowne.boo.pl\/?p=15517"},"modified":"2017-04-06T16:41:02","modified_gmt":"2017-04-06T14:41:02","slug":"spotkanie-z-malzonka-prezydenta-rp","status":"publish","type":"post","link":"http:\/\/info.sadowne.pl\/?p=15517","title":{"rendered":"Spotkanie z Ma\u0142\u017conk\u0105 Prezydenta RP"},"content":{"rendered":"<p><strong><a href=\"http:\/\/www.info.sadowne.pl\/wp-content\/uploads\/2017\/04\/2017.04.06.11.jpg\" target=\"_blank\"><img loading=\"lazy\" decoding=\"async\" class=\"alignleft wp-image-15518 size-thumbnail\" src=\"http:\/\/www.info.sadowne.pl\/wp-content\/uploads\/2017\/04\/2017.04.06.11-180x130.jpg\" alt=\"\" width=\"180\" height=\"130\" \/><\/a>We wtorek, 4 kwietnia b.r. Specjalny O\u015brodek Szkolno-Wychowawczy w W\u0119growie odwiedzi\u0142a Ma\u0142\u017conka \u00a0Prezydenta RP \u00a0Agata Kornhauser &#8211; Duda. Nasi mieszka\u0144cy te\u017c uczestniczyli w tym spotkaniu.<\/strong><!--more--><\/p>\n<p><em><a href=\"http:\/\/www.info.sadowne.pl\/wp-content\/uploads\/2017\/04\/2017.04.06.12.jpg\" target=\"_blank\"><img loading=\"lazy\" decoding=\"async\" class=\"alignright wp-image-15519 size-medium\" src=\"http:\/\/www.info.sadowne.pl\/wp-content\/uploads\/2017\/04\/2017.04.06.12-300x200.jpg\" alt=\"\" width=\"300\" height=\"200\" srcset=\"http:\/\/info.sadowne.pl\/wp-content\/uploads\/2017\/04\/2017.04.06.12-300x200.jpg 300w, http:\/\/info.sadowne.pl\/wp-content\/uploads\/2017\/04\/2017.04.06.12-768x511.jpg 768w, http:\/\/info.sadowne.pl\/wp-content\/uploads\/2017\/04\/2017.04.06.12.jpg 800w\" sizes=\"auto, (max-width: 300px) 100vw, 300px\" \/><\/a>Cz\u0119\u015b\u0107 oficjaln\u0105 prowadzi\u0142a Pani Agnieszka Wi\u015bniewska wicedyrektor\u00a0 O\u015brodka\u2026 Agata Kornhauser \u2013Duda podzi\u0119kowa\u0142a za zaproszenie do O\u015brodka, \u00a0przypomnia\u0142a jak wa\u017cn\u0105 rol\u0119 w pog\u0142\u0119bianiu \u015bwiadomo\u015bci spo\u0142ecznej na temat autyzmu pe\u0142ni\u0105 nauczyciele. Nast\u0119pnie uczniowie i wychowankowie O\u015brodka \u00a0poruszeni wizyt\u0105 Pierwszej Damy zasypali j\u0105 gradem pyta\u0144. \u00a0Z rozmowy z Pani\u0105 Prezydentow\u0105 mo\u017cna by\u0142o dowiedzie\u0107 si\u0119 m.in., jaki by\u0142 jej ulubiony szkolny przedmiot, kt\u00f3remu sportowcowi kibicuje, jakie s\u0105 jej ukochane kwiaty.<\/em><\/p>\n<p><em>Punktem kulminacyjnym spotkania by\u0142o zaprezentowanie przez terapeut\u00f3w metod pracy stosowanych w plac\u00f3wce. Agata Kornhauser- Duda uczestniczy\u0142a w zaj\u0119ciach z terapii r\u0119ki, biofeedbacku, terapii taktylnej, sensomotoryki, sensoplastyki, dogoterapii, pozna\u0142a metod\u0119 koszykow\u0105 w pracy z dzie\u0107mi z zaburzeniami ze spectrum autyzmu i chromoterapi\u0119. Ma\u0142\u017conka Prezydenta RP odwiedzi\u0142a te\u017c przedszkole, gdzie rozmawia\u0142a i bawi\u0142a si\u0119 z dzie\u0107mi. <\/em><\/p>\n<p><em><a href=\"http:\/\/www.info.sadowne.pl\/wp-content\/uploads\/2017\/04\/2017.04.06.13.jpg\" target=\"_blank\"><img loading=\"lazy\" decoding=\"async\" class=\"alignleft wp-image-15520 size-medium\" src=\"http:\/\/www.info.sadowne.pl\/wp-content\/uploads\/2017\/04\/2017.04.06.13-300x200.jpg\" alt=\"\" width=\"300\" height=\"200\" srcset=\"http:\/\/info.sadowne.pl\/wp-content\/uploads\/2017\/04\/2017.04.06.13-300x200.jpg 300w, http:\/\/info.sadowne.pl\/wp-content\/uploads\/2017\/04\/2017.04.06.13-768x511.jpg 768w, http:\/\/info.sadowne.pl\/wp-content\/uploads\/2017\/04\/2017.04.06.13.jpg 800w\" sizes=\"auto, (max-width: 300px) 100vw, 300px\" \/><\/a>Na zako\u0144czenie wizyty Pierwsza Dama spotka\u0142a si\u0119 z przedstawicielami w\u0142adz samorz\u0105dowych i o\u015bwiatowych, reprezentantami rodzic\u00f3w, nauczycieli i pracownik\u00f3w SOSW w W\u0119growie.<\/em><\/p>\n<p><strong>Wi\u0119cej na stronie <span style=\"color: #0000ff;\"><a style=\"color: #0000ff;\" href=\"http:\/\/powiatwegrowski.pl\/\" target=\"_blank\">Starostwa Powiatowego w W\u0119growie&gt;&gt;&gt;<\/a><\/span><\/strong><\/p>\n<p><strong>Tekst i foto:<\/strong> SOSW w W\u0119growie<\/p>\n<p><strong>\u0179r\u00f3d\u0142o:<\/strong> <a href=\"http:\/\/www.powiatwegrowski.pl\" target=\"_blank\">www.powiatwegrowski.pl<\/a><\/p>\n","protected":false},"excerpt":{"rendered":"<p>We wtorek, 4 kwietnia b.r. Specjalny O\u015brodek Szkolno-Wychowawczy w W\u0119growie odwiedzi\u0142a Ma\u0142\u017conka \u00a0Prezydenta RP \u00a0Agata Kornhauser &#8211; Duda. Nasi mieszka\u0144cy te\u017c uczestniczyli w tym spotkaniu.<\/p>\n","protected":false},"author":1,"featured_media":0,"comment_status":"closed","ping_status":"closed","sticky":false,"template":"","format":"standard","meta":{"footnotes":""},"categories":[5,1],"tags":[2418,2419],"class_list":["post-15517","post","type-post","status-publish","format-standard","hentry","category-newsy","category-inne","tag-agata-kornhauser-duda","tag-spotkanie-z-zona-prezydenta-rp-w-wegrowie"],"views":2953,"_links":{"self":[{"href":"http:\/\/info.sadowne.pl\/index.php?rest_route=\/wp\/v2\/posts\/15517","targetHints":{"allow":["GET"]}}],"collection":[{"href":"http:\/\/info.sadowne.pl\/index.php?rest_route=\/wp\/v2\/posts"}],"about":[{"href":"http:\/\/info.sadowne.pl\/index.php?rest_route=\/wp\/v2\/types\/post"}],"author":[{"embeddable":true,"href":"http:\/\/info.sadowne.pl\/index.php?rest_route=\/wp\/v2\/users\/1"}],"replies":[{"embeddable":true,"href":"http:\/\/info.sadowne.pl\/index.php?rest_route=%2Fwp%2Fv2%2Fcomments&post=15517"}],"version-history":[{"count":2,"href":"http:\/\/info.sadowne.pl\/index.php?rest_route=\/wp\/v2\/posts\/15517\/revisions"}],"predecessor-version":[{"id":15522,"href":"http:\/\/info.sadowne.pl\/index.php?rest_route=\/wp\/v2\/posts\/15517\/revisions\/15522"}],"wp:attachment":[{"href":"http:\/\/info.sadowne.pl\/index.php?rest_route=%2Fwp%2Fv2%2Fmedia&parent=15517"}],"wp:term":[{"taxonomy":"category","embeddable":true,"href":"http:\/\/info.sadowne.pl\/index.php?rest_route=%2Fwp%2Fv2%2Fcategories&post=15517"},{"taxonomy":"post_tag","embeddable":true,"href":"http:\/\/info.sadowne.pl\/index.php?rest_route=%2Fwp%2Fv2%2Ftags&post=15517"}],"curies":[{"name":"wp","href":"https:\/\/api.w.org\/{rel}","templated":true}]}}