{"id":15551,"date":"2017-04-10T15:49:53","date_gmt":"2017-04-10T13:49:53","guid":{"rendered":"http:\/\/www.infosadowne.boo.pl\/?p=15551"},"modified":"2017-04-12T12:42:33","modified_gmt":"2017-04-12T10:42:33","slug":"nasze-liceum","status":"publish","type":"post","link":"http:\/\/info.sadowne.pl\/?p=15551","title":{"rendered":"Nasze Liceum!"},"content":{"rendered":"<p><strong><a href=\"http:\/\/www.info.sadowne.pl\/wp-content\/uploads\/2017\/04\/szko\u0142a.jpg\" target=\"_blank\"><img loading=\"lazy\" decoding=\"async\" class=\"alignleft wp-image-15552 size-thumbnail\" src=\"http:\/\/www.info.sadowne.pl\/wp-content\/uploads\/2017\/04\/szko\u0142a-180x130.jpg\" alt=\"\" width=\"180\" height=\"130\" \/><\/a>Liceum Og\u00f3lnokszta\u0142c\u0105ce w Sadownem jest jednym z kilkuset podobnych w wojew\u00f3dztwie mazowieckim i jednym z blisko 2 tysi\u0119cy w ca\u0142ej Polsce. Jednak niewiele jest w Polsce wiejskich szk\u00f3\u0142 \u015brednich.\u00a0 <\/strong><!--more--><\/p>\n<p>Nasze liceum osi\u0105gn\u0119\u0142o ju\u017c wiek dojrza\u0142y, 2 lata temu \u015bwi\u0119towali\u015bmy jego 70-te urodziny.<\/p>\n<div id=\"attachment_15553\" style=\"width: 190px\" class=\"wp-caption alignright\"><a href=\"http:\/\/www.info.sadowne.pl\/wp-content\/uploads\/2017\/04\/Zjazd-absolwent\u00f3w.jpg\" target=\"_blank\"><img loading=\"lazy\" decoding=\"async\" aria-describedby=\"caption-attachment-15553\" class=\"wp-image-15553 size-thumbnail\" src=\"http:\/\/www.info.sadowne.pl\/wp-content\/uploads\/2017\/04\/Zjazd-absolwent\u00f3w-180x130.jpg\" alt=\"\" width=\"180\" height=\"130\" \/><\/a><p id=\"caption-attachment-15553\" class=\"wp-caption-text\">Zjazd absolwent\u00f3w<\/p><\/div>\n<p>Jak ka\u017cda szko\u0142a, r\u00f3wnie\u017c nasza jest \u017cyw\u0105 materi\u0105, z kt\u00f3rej \u017cycie, czas i ludzie potrafi\u0105 rze\u017abi\u0107 niezwyk\u0142e formy. I w\u0142a\u015bnie ta forma w naszej szkole jest wyj\u0105tkowa.<\/p>\n<p>Po pierwsze chlub\u0105 naszej szko\u0142y s\u0105 jej wybitni wychowankowie. S\u0105 nimi liczni profesorowie i pracownicy naukowi uczelni rozsianych po ca\u0142ej Polsce, ca\u0142a armia lekarzy, nauczycieli, polityk\u00f3w, ksi\u0119\u017cy na czele z ks. prof. Stanis\u0142awem Dzieko\u0144skim &#8211; Rektorem UKSW w Warszawie. \u00a0Nie spos\u00f3b teraz wymieni\u0107 ich wszystkich z nazwiska.<\/p>\n<div id=\"attachment_15554\" style=\"width: 190px\" class=\"wp-caption alignleft\"><a href=\"http:\/\/www.info.sadowne.pl\/wp-content\/uploads\/2017\/04\/Erasmus-I.jpg\" target=\"_blank\"><img loading=\"lazy\" decoding=\"async\" aria-describedby=\"caption-attachment-15554\" class=\"wp-image-15554 size-thumbnail\" src=\"http:\/\/www.info.sadowne.pl\/wp-content\/uploads\/2017\/04\/Erasmus-I-180x130.jpg\" alt=\"\" width=\"180\" height=\"130\" \/><\/a><p id=\"caption-attachment-15554\" class=\"wp-caption-text\">&#8222;Erasmus+&#8221;<\/p><\/div>\n<p>Obecnie naszym najwi\u0119kszym sukcesem jest realizacja projektu Erasmus plus.<\/p>\n<div id=\"attachment_15555\" style=\"width: 190px\" class=\"wp-caption alignright\"><a href=\"http:\/\/www.info.sadowne.pl\/wp-content\/uploads\/2017\/04\/Erasmus-II.jpg\" target=\"_blank\"><img loading=\"lazy\" decoding=\"async\" aria-describedby=\"caption-attachment-15555\" class=\"wp-image-15555 size-thumbnail\" src=\"http:\/\/www.info.sadowne.pl\/wp-content\/uploads\/2017\/04\/Erasmus-II-180x130.jpg\" alt=\"\" width=\"180\" height=\"130\" \/><\/a><p id=\"caption-attachment-15555\" class=\"wp-caption-text\">&#8222;Erasmus+&#8221;<\/p><\/div>\n<p>Ju\u017c drugi rok nasi uczniowie wyje\u017cd\u017caj\u0105 do 6 kraj\u00f3w partnerskich tj.: Turcji, Danii, Niemiec, Anglii, W\u0119gier i W\u0142och.<\/p>\n<p>Jest to dla naszych uczni\u00f3w niepowtarzalna mo\u017cliwo\u015b\u0107 nauki j\u0119zyka angielskiego w praktyce i zwiedzania \u015bwiata.<\/p>\n<div id=\"attachment_15556\" style=\"width: 190px\" class=\"wp-caption alignright\"><a href=\"http:\/\/www.info.sadowne.pl\/wp-content\/uploads\/2017\/04\/Erasmus-IV.jpg\" target=\"_blank\"><img loading=\"lazy\" decoding=\"async\" aria-describedby=\"caption-attachment-15556\" class=\"wp-image-15556 size-thumbnail\" src=\"http:\/\/www.info.sadowne.pl\/wp-content\/uploads\/2017\/04\/Erasmus-IV-180x130.jpg\" alt=\"\" width=\"180\" height=\"130\" \/><\/a><p id=\"caption-attachment-15556\" class=\"wp-caption-text\">&#8222;Erasmus+&#8221;<\/p><\/div>\n<p>Jeste\u015bmy jedn\u0105 z niewielu szk\u00f3\u0142 wojew\u00f3dztwa mazowieckiego, kt\u00f3ra w obecnej edycji konkursu otrzyma\u0142a dofinansowanie z Europejskich Funduszy Strukturalnych.<\/p>\n<p>W\u0142a\u015bnie w tych dniach grupa naszych uczni\u00f3w wraz z nauczycielami przebywa\u0142a na spotkaniu w Danii.<\/p>\n<div id=\"attachment_15557\" style=\"width: 190px\" class=\"wp-caption alignleft\"><a href=\"http:\/\/www.info.sadowne.pl\/wp-content\/uploads\/2017\/04\/Erasmus-III.jpg\" target=\"_blank\"><img loading=\"lazy\" decoding=\"async\" aria-describedby=\"caption-attachment-15557\" class=\"wp-image-15557 size-thumbnail\" src=\"http:\/\/www.info.sadowne.pl\/wp-content\/uploads\/2017\/04\/Erasmus-III-180x130.jpg\" alt=\"\" width=\"180\" height=\"130\" \/><\/a><p id=\"caption-attachment-15557\" class=\"wp-caption-text\">&#8222;Erasmus+&#8221;<\/p><\/div>\n<p>Nie jest to pierwsze tego typu przedsi\u0119wzi\u0119cie w naszej szkole. Niedawno zako\u0144czyli\u015bmy realizacj\u0119 projektu Comenius, z udzia\u0142em 4 partnerskich szk\u00f3\u0142 z Hiszpanii, W\u0142och, Francji i Polski.<\/p>\n<div id=\"attachment_15558\" style=\"width: 190px\" class=\"wp-caption alignright\"><a href=\"http:\/\/www.info.sadowne.pl\/wp-content\/uploads\/2017\/04\/Comenius.jpg\" target=\"_blank\"><img loading=\"lazy\" decoding=\"async\" aria-describedby=\"caption-attachment-15558\" class=\"wp-image-15558 size-thumbnail\" src=\"http:\/\/www.info.sadowne.pl\/wp-content\/uploads\/2017\/04\/Comenius-180x130.jpg\" alt=\"\" width=\"180\" height=\"130\" \/><\/a><p id=\"caption-attachment-15558\" class=\"wp-caption-text\">&#8222;Comenius&#8221;<\/p><\/div>\n<p>Dzi\u0119ki realizacji tych projekt\u00f3w nasi uczniowie zawi\u0105zuj\u0105 nowe przyja\u017anie, zwiedzaj\u0105 inne kraje i wykorzystuj\u0105 w praktyce znajomo\u015b\u0107 j\u0119zyka angielskiego. Innym mi\u0119dzynarodowym projektem realizowanym w naszej szkole by\u0142 projekt \u201eEnter your future\u201d.<\/p>\n<div id=\"attachment_15559\" style=\"width: 190px\" class=\"wp-caption alignleft\"><a href=\"http:\/\/www.info.sadowne.pl\/wp-content\/uploads\/2017\/04\/Comenius-II.jpg\" target=\"_blank\"><img loading=\"lazy\" decoding=\"async\" aria-describedby=\"caption-attachment-15559\" class=\"wp-image-15559 size-thumbnail\" src=\"http:\/\/www.info.sadowne.pl\/wp-content\/uploads\/2017\/04\/Comenius-II-180x130.jpg\" alt=\"\" width=\"180\" height=\"130\" \/><\/a><p id=\"caption-attachment-15559\" class=\"wp-caption-text\">&#8222;Comenius&#8221;<\/p><\/div>\n<p>Go\u015bcili\u015bmy u nas student\u00f3w z innych kraj\u00f3w, kt\u00f3rzy przeprowadzili zaj\u0119cia w j\u0119zyku angielskim, opowiadaj\u0105c o swoich kulturach, zwyczajach, tradycjach. Byli to studenci z Hong Kongu, Korei, Francji, Brazylii i Egiptu.<\/p>\n<div id=\"attachment_15563\" style=\"width: 190px\" class=\"wp-caption alignright\"><a href=\"http:\/\/www.info.sadowne.pl\/wp-content\/uploads\/2017\/04\/Enter-your-future.jpg\" target=\"_blank\"><img loading=\"lazy\" decoding=\"async\" aria-describedby=\"caption-attachment-15563\" class=\"wp-image-15563 size-thumbnail\" src=\"http:\/\/www.info.sadowne.pl\/wp-content\/uploads\/2017\/04\/Enter-your-future-180x130.jpg\" alt=\"\" width=\"180\" height=\"130\" \/><\/a><p id=\"caption-attachment-15563\" class=\"wp-caption-text\">&#8222;Enter your future&#8221;<\/p><\/div>\n<p>W ostatnich 2. latach za wygrany Konkurs wiedzy o Unii Europejskiej \u2013 dwoje uczni\u00f3w z naszego liceum zwiedzi\u0142o parlament europejski oraz Bruksel\u0119.<\/p>\n<p>\u201eJeste\u015bmy razem\u201d to kolejny mi\u0119dzynarodowy projekt, w kt\u00f3rym co roku bior\u0105 udzia\u0142 nasi uczniowie wraz z kolegami z Izraela, poznaj\u0105c nawzajem swoj\u0105 kultur\u0119 i ucz\u0105c si\u0119 tolerancji.<\/p>\n<div id=\"attachment_15561\" style=\"width: 190px\" class=\"wp-caption alignleft\"><a href=\"http:\/\/www.info.sadowne.pl\/wp-content\/uploads\/2017\/04\/Jeste\u015bmy-razem-II.jpg\" target=\"_blank\"><img loading=\"lazy\" decoding=\"async\" aria-describedby=\"caption-attachment-15561\" class=\"wp-image-15561 size-thumbnail\" src=\"http:\/\/www.info.sadowne.pl\/wp-content\/uploads\/2017\/04\/Jeste\u015bmy-razem-II-180x130.jpg\" alt=\"\" width=\"180\" height=\"130\" \/><\/a><p id=\"caption-attachment-15561\" class=\"wp-caption-text\">&#8222;Jeste\u015bmy razem&#8221;<\/p><\/div>\n<div id=\"attachment_15560\" style=\"width: 190px\" class=\"wp-caption alignleft\"><a href=\"http:\/\/www.info.sadowne.pl\/wp-content\/uploads\/2017\/04\/Jeste\u015bmy-razem-I.jpg\" target=\"_blank\"><img loading=\"lazy\" decoding=\"async\" aria-describedby=\"caption-attachment-15560\" class=\"wp-image-15560 size-thumbnail\" src=\"http:\/\/www.info.sadowne.pl\/wp-content\/uploads\/2017\/04\/Jeste\u015bmy-razem-I-180x130.jpg\" alt=\"\" width=\"180\" height=\"130\" \/><\/a><p id=\"caption-attachment-15560\" class=\"wp-caption-text\">&#8222;Jeste\u015bmy razem&#8221;<\/p><\/div>\n<p>Szko\u0142a jest otwarta na pomys\u0142y i inicjatywy uczni\u00f3w, czego wyrazem jest powstanie Szkolnego Ko\u0142a Wolontariatu. Za sw\u0105 aktywn\u0105 dzia\u0142alno\u015b\u0107 w tym roku, wolontariusze zaj\u0119li II miejsce w wojew\u00f3dzkim konkursie Mazowieckie Barwy Wolontariatu.<\/p>\n<div id=\"attachment_15562\" style=\"width: 190px\" class=\"wp-caption aligncenter\"><a href=\"http:\/\/www.info.sadowne.pl\/wp-content\/uploads\/2017\/04\/wolontariat.jpg\" target=\"_blank\"><img loading=\"lazy\" decoding=\"async\" aria-describedby=\"caption-attachment-15562\" class=\"wp-image-15562 size-thumbnail\" src=\"http:\/\/www.info.sadowne.pl\/wp-content\/uploads\/2017\/04\/wolontariat-180x130.jpg\" alt=\"\" width=\"180\" height=\"130\" \/><\/a><p id=\"caption-attachment-15562\" class=\"wp-caption-text\">Szkolne Ko\u0142o Wolontariatu<\/p><\/div>\n<p>Nasi uczniowie ch\u0119tnie anga\u017cuj\u0105 si\u0119 w dzia\u0142ania o charakterze artystycznym. Ich wysi\u0142ki zosta\u0142y zauwa\u017cone i docenione w og\u00f3lnopolskich konkursach, za kt\u00f3re otrzymali:<\/p>\n<ul>\n<li>Nagrod\u0119 w Og\u00f3lnopolskim Festiwalu Ta\u0144ca Wiruj\u0105cy Kr\u0105g<\/li>\n<li>Tytu\u0142 najlepszego spektaklu na Mazowszu za sztuk\u0119 Aleksandra Fredry Kalosze w og\u00f3lnopolskim konkursie organizowanym przez internetow\u0105 TVP<\/li>\n<li>Nagrod\u0119 w og\u00f3lnopolskim festiwalu Teatr\u00f3w m\u0142odzie\u017cowych za spektakl Kalosze A. Fredry, organizowanym przez Teatr Polski w Warszawie i Departament Kultury i sztuki.<\/li>\n<\/ul>\n<div id=\"attachment_15564\" style=\"width: 190px\" class=\"wp-caption alignleft\"><a href=\"http:\/\/www.info.sadowne.pl\/wp-content\/uploads\/2017\/04\/Spektakl-Kalosze.jpg\" target=\"_blank\"><img loading=\"lazy\" decoding=\"async\" aria-describedby=\"caption-attachment-15564\" class=\"wp-image-15564 size-thumbnail\" src=\"http:\/\/www.info.sadowne.pl\/wp-content\/uploads\/2017\/04\/Spektakl-Kalosze-180x130.jpg\" alt=\"\" width=\"180\" height=\"130\" \/><\/a><p id=\"caption-attachment-15564\" class=\"wp-caption-text\">Spektakl &#8222;Kalosze&#8221;<\/p><\/div>\n<p>Niezwyk\u0142\u0105 gratk\u0105 dla naszych artyst\u00f3w by\u0142o wystawienie sztuki A. Fredry w ich wykonaniu na deskach Teatru Polskiego w Warszawie.<\/p>\n<p>Szko\u0142a to nie tylko nauka, ale r\u00f3wnie\u017c dobra zabawa i odpoczynek. Tradycj\u0105 naszej szko\u0142y s\u0105 cyklicznie organizowane wyjazdy na sztuki teatralne i koncerty.<\/p>\n<div id=\"attachment_15565\" style=\"width: 190px\" class=\"wp-caption alignright\"><a href=\"http:\/\/www.info.sadowne.pl\/wp-content\/uploads\/2017\/04\/Wyjazd-Stowarzyszenia-Dzia\u0142am.jpg\" target=\"_blank\"><img loading=\"lazy\" decoding=\"async\" aria-describedby=\"caption-attachment-15565\" class=\"wp-image-15565 size-thumbnail\" src=\"http:\/\/www.info.sadowne.pl\/wp-content\/uploads\/2017\/04\/Wyjazd-Stowarzyszenia-Dzia\u0142am-180x130.jpg\" alt=\"\" width=\"180\" height=\"130\" \/><\/a><p id=\"caption-attachment-15565\" class=\"wp-caption-text\">Stowarzyszenie &#8222;Dzia\u0142am&#8221;<\/p><\/div>\n<p>Ponadto, ju\u017c po raz dziewi\u0105ty, w tym roku nasza m\u0142odzie\u017c we\u017amie udzia\u0142 w wakacyjnym obozie, na kt\u00f3rym b\u0119dzie poznawa\u0107 nowe ta\u0144ce, zwiedza\u0107 okolice i chodzi\u0107 po g\u00f3rach. Uczniowie maj\u0105 r\u00f3wnie\u017c mo\u017cliwo\u015b\u0107 uczestnictwa w rajdach rowerowych organizowanych przez Sadowie\u0144ski Bike Klub. Na rowerach przejechali ju\u017c wybrze\u017ce Ba\u0142tyku, zwiedzili Mazury i wiele innych atrakcyjnych miejsc w Polsce.<\/p>\n<p>W ubieg\u0142ych latach napisali\u015bmy i zrealizowali\u015bmy dwa projekty z funduszy unijnych: teatralny &#8211; <em>Czwarta \u015aciana<\/em> oraz taneczny &#8211; <em>Taniec nie tylko dla gwiazd<\/em>. Uczniowie przygotowali spektakle teatralne i taneczne, wzi\u0119li udzia\u0142 w warsztatach artystycznych z udzia\u0142em aktor\u00f3w: Ma\u0142gorzaty Ko\u017cuchowskiej, Jacka Borkowskiego i Dariusza Kowalskiego oraz zawodowych choreograf\u00f3w.<\/p>\n<p>Nasza m\u0142odzie\u017c bierze udzia\u0142 w licznych imprezach, turniejach i konkursach \u015brodowiskowych oraz regionalnych, zajmuj\u0105c wysokie lokaty.<\/p>\n<div id=\"attachment_15566\" style=\"width: 190px\" class=\"wp-caption alignleft\"><a href=\"http:\/\/www.info.sadowne.pl\/wp-content\/uploads\/2017\/04\/Dialog-pokole\u0144.jpg\" target=\"_blank\"><img loading=\"lazy\" decoding=\"async\" aria-describedby=\"caption-attachment-15566\" class=\"wp-image-15566 size-thumbnail\" src=\"http:\/\/www.info.sadowne.pl\/wp-content\/uploads\/2017\/04\/Dialog-pokole\u0144-180x130.jpg\" alt=\"\" width=\"180\" height=\"130\" \/><\/a><p id=\"caption-attachment-15566\" class=\"wp-caption-text\">&#8222;Dialog pokole\u0144&#8221;<\/p><\/div>\n<p>Nasze liceum prowadzi r\u00f3wnie\u017c dzia\u0142alno\u015b\u0107 naukow\u0105 wsp\u00f3\u0142pracuj\u0105c z innymi instytucjami takimi, jak chocia\u017cby Uniwersytet Warszawski. Owocem tej wsp\u00f3\u0142pracy s\u0105 ostatnie publikacje: \u201eNiedoko\u0144czona historia\u201d, wydana na 500-lecie Sadownego oraz \u201eDialog pokole\u0144\u201d, opracowany we wsp\u00f3\u0142pracy z absolwentkami szko\u0142y: prof. Wand\u0105 Decyk \u2013 Zi\u0119b\u0105 i dr Monik\u0105 Kres\u0105 z wydzia\u0142u polonistyki.<\/p>\n<p>Szko\u0142a bierze udzia\u0142 w Narodowym Programie Rozwoju czytelnictwa poprzez organizacj\u0119 imprez czytelniczych. W czerwcu 2016 r. uczestnicz\u0105c w og\u00f3lnopolskiej akcji czytelniczej pobili\u015bmy rekord \u015bwiata we wsp\u00f3lnym czytaniu ksi\u0105\u017cek.<\/p>\n<p>Obecnie liceum kontynuuje swoj\u0105 misj\u0119 rozpocz\u0119t\u0105 w 1945 roku. Szko\u0142a, mimo ni\u017cu demograficznego i niekorzystnych wcze\u015bniejszych zmian w systemie o\u015bwiaty, trwa, daj\u0105c dobre warunki do nauki i liczne mo\u017cliwo\u015bci poszerzania horyzont\u00f3w. Uczniowie bior\u0105 udzia\u0142 w projektach, wymianach mi\u0119dzynarodowych, ko\u0142ach zainteresowa\u0144, konkursach i kursach, nie o wszystkich da si\u0119 powiedzie\u0107. Tyle wa\u017cnych przedsi\u0119wzi\u0119\u0107 w ma\u0142ej szkole &#8211; tylko 20. nauczycieli i 275. uczni\u00f3w.<\/p>\n<p><strong>Ma\u0142gorzata Olton, Miros\u0142awa Renik<\/strong><\/p>\n","protected":false},"excerpt":{"rendered":"<p>Liceum Og\u00f3lnokszta\u0142c\u0105ce w Sadownem jest jednym z kilkuset podobnych w wojew\u00f3dztwie mazowieckim i jednym z blisko 2 tysi\u0119cy w ca\u0142ej Polsce. Jednak niewiele jest w Polsce wiejskich szk\u00f3\u0142 \u015brednich.\u00a0<\/p>\n","protected":false},"author":1,"featured_media":0,"comment_status":"closed","ping_status":"closed","sticky":false,"template":"","format":"standard","meta":{"footnotes":""},"categories":[5,1752,85],"tags":[1242,838,182],"class_list":["post-15551","post","type-post","status-publish","format-standard","hentry","category-newsy","category-edukacja","category-zsp","tag-historia-liceum-ogolnoksztalcacego-w-sadownem","tag-malgorzata-olton","tag-zespol-szkol-ponadgimnazjalnych-w-sadownem"],"views":4955,"_links":{"self":[{"href":"http:\/\/info.sadowne.pl\/index.php?rest_route=\/wp\/v2\/posts\/15551","targetHints":{"allow":["GET"]}}],"collection":[{"href":"http:\/\/info.sadowne.pl\/index.php?rest_route=\/wp\/v2\/posts"}],"about":[{"href":"http:\/\/info.sadowne.pl\/index.php?rest_route=\/wp\/v2\/types\/post"}],"author":[{"embeddable":true,"href":"http:\/\/info.sadowne.pl\/index.php?rest_route=\/wp\/v2\/users\/1"}],"replies":[{"embeddable":true,"href":"http:\/\/info.sadowne.pl\/index.php?rest_route=%2Fwp%2Fv2%2Fcomments&post=15551"}],"version-history":[{"count":2,"href":"http:\/\/info.sadowne.pl\/index.php?rest_route=\/wp\/v2\/posts\/15551\/revisions"}],"predecessor-version":[{"id":15589,"href":"http:\/\/info.sadowne.pl\/index.php?rest_route=\/wp\/v2\/posts\/15551\/revisions\/15589"}],"wp:attachment":[{"href":"http:\/\/info.sadowne.pl\/index.php?rest_route=%2Fwp%2Fv2%2Fmedia&parent=15551"}],"wp:term":[{"taxonomy":"category","embeddable":true,"href":"http:\/\/info.sadowne.pl\/index.php?rest_route=%2Fwp%2Fv2%2Fcategories&post=15551"},{"taxonomy":"post_tag","embeddable":true,"href":"http:\/\/info.sadowne.pl\/index.php?rest_route=%2Fwp%2Fv2%2Ftags&post=15551"}],"curies":[{"name":"wp","href":"https:\/\/api.w.org\/{rel}","templated":true}]}}