{"id":15761,"date":"2017-05-10T09:02:56","date_gmt":"2017-05-10T07:02:56","guid":{"rendered":"http:\/\/info.sadowne.pl\/?p=15761"},"modified":"2017-05-10T09:02:56","modified_gmt":"2017-05-10T07:02:56","slug":"trzymajmy-kciuki","status":"publish","type":"post","link":"http:\/\/info.sadowne.pl\/?p=15761","title":{"rendered":"Trzymajmy kciuki!"},"content":{"rendered":"<p><strong><img loading=\"lazy\" decoding=\"async\" class=\"alignleft size-thumbnail wp-image-15762\" src=\"http:\/\/info.sadowne.pl\/wp-content\/uploads\/2017\/05\/2017.05.10.1-180x130.jpg\" alt=\"\" width=\"180\" height=\"130\" \/>Ruszy\u0142a VI Edycja Projektu \u201eCzas na zdrowie\u201d, kt\u00f3rego g\u0142\u00f3wnym organizatorem jest Fundacja Banku Ochrony \u015arodowiska. Bierze w nim udzia\u0142 Technikum \u017bywienia i Us\u0142ug Gastronomicznych w Sadownem.<\/strong><!--more--><\/p>\n<p><em>Projekt ma form\u0119 mi\u0119dzyszkolnej rywalizacji zespo\u0142owej. G\u0142\u00f3wny cel Konkursu to powszechna edukacja w zakresie zdrowego od\u017cywiania i zdrowego stylu \u017cycia oraz promocja wiedzy na temat rolnictwa ekologicznego. Zwie\u0144czeniem konkursu jest organizacja Festynu Zdrowia, czyli praktyczne promowanie postaw prozdrowotnych oraz \u017cywno\u015bci ekologicznej, regionalnej i tradycyjnej.<\/em><em><br \/>\nZa\u0142o\u017cenia konkursu nie s\u0105 nam obce w zwi\u0105zku z tym postanowili\u015bmy do\u0142\u0105czy\u0107 do og\u00f3lnopolskiej rywalizacji. Reprezentowa\u0107 b\u0119dzie nas 10 osobowy zesp\u00f3l sk\u0142adaj\u0105cy si\u0119 z uczni\u00f3w klasy II i III naszego Technikum \u2013 Ekoeksploatorzy.<br \/>\nBardzo liczymy na wsparcie wszystkich sympatyk\u00f3w i kibic\u00f3w naszych dzia\u0142a\u0144. Trzymajcie kciuki<\/em><em>.<\/em><\/p>\n<p>Je\u015bli natomiast chodzi o praktyczny udzia\u0142 w Projekcie \u201eCzas na zdrowie\u201d, to b\u0119dziemy mieli okazj\u0119 do\u015bwiadczy\u0107 dzia\u0142a\u0144 naszego Technikum \u2013 wiele atrakcji b\u0119dzie czeka\u0142o na uczestnik\u00f3w Festynu Zdrowia, kt\u00f3ry planowany jest na 4 czerwca, podczas Festynu Rodzinnego w Sadownem. Serdecznie zapraszamy!<\/p>\n<p><img loading=\"lazy\" decoding=\"async\" class=\"aligncenter size-full wp-image-15763\" src=\"http:\/\/info.sadowne.pl\/wp-content\/uploads\/2017\/05\/2017.05.10.2.jpg\" alt=\"\" width=\"561\" height=\"799\" srcset=\"http:\/\/info.sadowne.pl\/wp-content\/uploads\/2017\/05\/2017.05.10.2.jpg 561w, http:\/\/info.sadowne.pl\/wp-content\/uploads\/2017\/05\/2017.05.10.2-211x300.jpg 211w\" sizes=\"auto, (max-width: 561px) 100vw, 561px\" \/><\/p>\n<p><strong>Tekst:<\/strong> T\u017biUG\/S\u0142awek Chyli\u0144ski<\/p>\n","protected":false},"excerpt":{"rendered":"<p>Ruszy\u0142a VI Edycja Projektu \u201eCzas na zdrowie\u201d, kt\u00f3rego g\u0142\u00f3wnym organizatorem jest Fundacja Banku Ochrony \u015arodowiska. Bierze w nim udzia\u0142 Technikum \u017bywienia i Us\u0142ug Gastronomicznych w Sadownem.<\/p>\n","protected":false},"author":1,"featured_media":0,"comment_status":"closed","ping_status":"closed","sticky":false,"template":"","format":"standard","meta":{"footnotes":""},"categories":[5,1752,85],"tags":[2442,254,182],"class_list":["post-15761","post","type-post","status-publish","format-standard","hentry","category-newsy","category-edukacja","category-zsp","tag-eko-festyn-czas-na-zdrowie","tag-technikum-zywienia-i-uslug-gastronomicznych-w-sadownem","tag-zespol-szkol-ponadgimnazjalnych-w-sadownem"],"views":2664,"_links":{"self":[{"href":"http:\/\/info.sadowne.pl\/index.php?rest_route=\/wp\/v2\/posts\/15761","targetHints":{"allow":["GET"]}}],"collection":[{"href":"http:\/\/info.sadowne.pl\/index.php?rest_route=\/wp\/v2\/posts"}],"about":[{"href":"http:\/\/info.sadowne.pl\/index.php?rest_route=\/wp\/v2\/types\/post"}],"author":[{"embeddable":true,"href":"http:\/\/info.sadowne.pl\/index.php?rest_route=\/wp\/v2\/users\/1"}],"replies":[{"embeddable":true,"href":"http:\/\/info.sadowne.pl\/index.php?rest_route=%2Fwp%2Fv2%2Fcomments&post=15761"}],"version-history":[{"count":1,"href":"http:\/\/info.sadowne.pl\/index.php?rest_route=\/wp\/v2\/posts\/15761\/revisions"}],"predecessor-version":[{"id":15764,"href":"http:\/\/info.sadowne.pl\/index.php?rest_route=\/wp\/v2\/posts\/15761\/revisions\/15764"}],"wp:attachment":[{"href":"http:\/\/info.sadowne.pl\/index.php?rest_route=%2Fwp%2Fv2%2Fmedia&parent=15761"}],"wp:term":[{"taxonomy":"category","embeddable":true,"href":"http:\/\/info.sadowne.pl\/index.php?rest_route=%2Fwp%2Fv2%2Fcategories&post=15761"},{"taxonomy":"post_tag","embeddable":true,"href":"http:\/\/info.sadowne.pl\/index.php?rest_route=%2Fwp%2Fv2%2Ftags&post=15761"}],"curies":[{"name":"wp","href":"https:\/\/api.w.org\/{rel}","templated":true}]}}