{"id":15767,"date":"2017-05-12T19:38:08","date_gmt":"2017-05-12T17:38:08","guid":{"rendered":"http:\/\/info.sadowne.pl\/?p=15767"},"modified":"2017-05-12T19:38:08","modified_gmt":"2017-05-12T17:38:08","slug":"kuchenne-rewolucje","status":"publish","type":"post","link":"http:\/\/info.sadowne.pl\/?p=15767","title":{"rendered":"Kuchenne rewolucje\u2026"},"content":{"rendered":"<p><strong><a href=\"http:\/\/info.sadowne.pl\/wp-content\/uploads\/2017\/05\/2017.05.12.1.jpg\" target=\"_blank\" rel=\"noopener noreferrer\"><img loading=\"lazy\" decoding=\"async\" class=\"alignleft wp-image-15768 size-thumbnail\" src=\"http:\/\/info.sadowne.pl\/wp-content\/uploads\/2017\/05\/2017.05.12.1-180x130.jpg\" alt=\"\" width=\"180\" height=\"130\" \/><\/a>\u2026w Zespole Szk\u00f3\u0142 Ponadgimnazjalnych w Sadownem.<\/strong><!--more--><\/p>\n<p>Nasze Technikum \u017bywienia i Us\u0142ug Gastronomicznych poszerza swoj\u0105 dzia\u0142alno\u015b\u0107 i z zaj\u0119ciami praktycznymi wychodzi z pracowni gastronomicznej na zewn\u0105trz budynku. W dniach 11 i 12 maja uczniowie Technikum rozpocz\u0119li wypiekanie s\u0119kaczy.<\/p>\n<p><a href=\"http:\/\/info.sadowne.pl\/wp-content\/uploads\/2017\/05\/2017.05.12.2.jpg\" target=\"_blank\" rel=\"noopener noreferrer\"><img loading=\"lazy\" decoding=\"async\" class=\"alignright wp-image-15769 size-thumbnail\" src=\"http:\/\/info.sadowne.pl\/wp-content\/uploads\/2017\/05\/2017.05.12.2-180x130.jpg\" alt=\"\" width=\"180\" height=\"130\" \/><\/a>Jest to chyba jedyne miejsce w tej cz\u0119\u015bci Mazowsza, gdzie szko\u0142a podj\u0119\u0142a si\u0119 wielkiemu wyzwaniu nauki pieczenia s\u0119kacza. Ca\u0142a przygoda zacz\u0119\u0142a si\u0119 po wyje\u017adzie grupy naszych uczni\u00f3w w ramach projektu \u201eCzas na Zdrowie\u201d do gospodarstwa ekologicznego, gdzie odby\u0142y si\u0119 warsztaty pieczenia s\u0119kacza.<\/p>\n<p><a href=\"http:\/\/info.sadowne.pl\/wp-content\/uploads\/2017\/05\/2017.05.12.3.jpg\" target=\"_blank\" rel=\"noopener noreferrer\"><img loading=\"lazy\" decoding=\"async\" class=\"alignleft wp-image-15770 size-thumbnail\" src=\"http:\/\/info.sadowne.pl\/wp-content\/uploads\/2017\/05\/2017.05.12.3-180x130.jpg\" alt=\"\" width=\"180\" height=\"130\" \/><\/a>Po powrocie m\u0142odzie\u017c naszego Technikum zainspirowana tymi warsztatami postanowi\u0142a, \u017ce sama zorganizuje sprz\u0119t do pieczenia, a nasze nauczycielki podj\u0119\u0142y si\u0119 przeprowadzi\u0107 zaj\u0119cia z pieczenia s\u0119kacza. I sta\u0142o si\u0119!!! W dniu 11 maja 2017 r. w Technikum w Sadownem odby\u0142y si\u0119 pierwsze zaj\u0119cia z pieczenia s\u0119kacza.<\/p>\n<p><a href=\"http:\/\/info.sadowne.pl\/wp-content\/uploads\/2017\/05\/2017.05.12.4.jpg\" target=\"_blank\" rel=\"noopener noreferrer\"><img loading=\"lazy\" decoding=\"async\" class=\"alignright wp-image-15771 size-thumbnail\" src=\"http:\/\/info.sadowne.pl\/wp-content\/uploads\/2017\/05\/2017.05.12.4-180x130.jpg\" alt=\"\" width=\"180\" height=\"130\" \/><\/a>Efekt by\u0142 rumiany i bardzo smaczny. Wszyscy z zainteresowaniem przychodzili i przygl\u0105dali si\u0119 prowadzonym zaj\u0119ciom i z ut\u0119sknieniem czekali na efekt ko\u0144cowy. Mocno zainteresowani byli r\u00f3wnie\u017c uczniowie i nauczyciele s\u0105siednich szk\u00f3\u0142.<\/p>\n<p><strong><a href=\"http:\/\/info.sadowne.pl\/wp-content\/uploads\/2017\/05\/2017.05.12.5.jpg\" target=\"_blank\" rel=\"noopener noreferrer\"><img loading=\"lazy\" decoding=\"async\" class=\"alignleft wp-image-15772 size-thumbnail\" src=\"http:\/\/info.sadowne.pl\/wp-content\/uploads\/2017\/05\/2017.05.12.5-180x130.jpg\" alt=\"\" width=\"180\" height=\"130\" \/><\/a>Wszystkich ch\u0119tnych nauk\u0105 w naszej szkole serdecznie zapraszamy i przypominamy, \u017ce rozpocz\u0119\u0142a si\u0119 rekrutacja do naszych szk\u00f3\u0142. Do zobaczenia. <\/strong><\/p>\n<p><strong>Tekst\/foto:<\/strong> Technikum \u017bywienia i Us\u0142ug Gastronomicznych w Sadownem<\/p>\n","protected":false},"excerpt":{"rendered":"<p>\u2026w Zespole Szk\u00f3\u0142 Ponadgimnazjalnych w Sadownem.<\/p>\n","protected":false},"author":1,"featured_media":0,"comment_status":"closed","ping_status":"closed","sticky":false,"template":"","format":"standard","meta":{"footnotes":""},"categories":[5,1752,85],"tags":[2444,254,182],"class_list":["post-15767","post","type-post","status-publish","format-standard","hentry","category-newsy","category-edukacja","category-zsp","tag-pieczenie-sekacza","tag-technikum-zywienia-i-uslug-gastronomicznych-w-sadownem","tag-zespol-szkol-ponadgimnazjalnych-w-sadownem"],"views":2745,"_links":{"self":[{"href":"http:\/\/info.sadowne.pl\/index.php?rest_route=\/wp\/v2\/posts\/15767","targetHints":{"allow":["GET"]}}],"collection":[{"href":"http:\/\/info.sadowne.pl\/index.php?rest_route=\/wp\/v2\/posts"}],"about":[{"href":"http:\/\/info.sadowne.pl\/index.php?rest_route=\/wp\/v2\/types\/post"}],"author":[{"embeddable":true,"href":"http:\/\/info.sadowne.pl\/index.php?rest_route=\/wp\/v2\/users\/1"}],"replies":[{"embeddable":true,"href":"http:\/\/info.sadowne.pl\/index.php?rest_route=%2Fwp%2Fv2%2Fcomments&post=15767"}],"version-history":[{"count":1,"href":"http:\/\/info.sadowne.pl\/index.php?rest_route=\/wp\/v2\/posts\/15767\/revisions"}],"predecessor-version":[{"id":15773,"href":"http:\/\/info.sadowne.pl\/index.php?rest_route=\/wp\/v2\/posts\/15767\/revisions\/15773"}],"wp:attachment":[{"href":"http:\/\/info.sadowne.pl\/index.php?rest_route=%2Fwp%2Fv2%2Fmedia&parent=15767"}],"wp:term":[{"taxonomy":"category","embeddable":true,"href":"http:\/\/info.sadowne.pl\/index.php?rest_route=%2Fwp%2Fv2%2Fcategories&post=15767"},{"taxonomy":"post_tag","embeddable":true,"href":"http:\/\/info.sadowne.pl\/index.php?rest_route=%2Fwp%2Fv2%2Ftags&post=15767"}],"curies":[{"name":"wp","href":"https:\/\/api.w.org\/{rel}","templated":true}]}}