{"id":15781,"date":"2017-05-15T11:14:11","date_gmt":"2017-05-15T09:14:11","guid":{"rendered":"http:\/\/info.sadowne.pl\/?p=15781"},"modified":"2017-05-15T11:14:11","modified_gmt":"2017-05-15T09:14:11","slug":"dzien-strazaka-w-wegrowie","status":"publish","type":"post","link":"http:\/\/info.sadowne.pl\/?p=15781","title":{"rendered":"Dzie\u0144 Stra\u017caka w W\u0119growie"},"content":{"rendered":"<p><strong><a href=\"http:\/\/info.sadowne.pl\/wp-content\/uploads\/2017\/05\/2017.05.15.1.jpg\" target=\"_blank\" rel=\"noopener noreferrer\"><img loading=\"lazy\" decoding=\"async\" class=\"alignleft wp-image-15782 size-thumbnail\" src=\"http:\/\/info.sadowne.pl\/wp-content\/uploads\/2017\/05\/2017.05.15.1-180x130.jpg\" alt=\"\" width=\"180\" height=\"130\" \/><\/a>W dniu 12 maja br. na placu przed stra\u017cnic\u0105 odby\u0142 si\u0119 uroczysty apel z okazji obchod\u00f3w Dnia Stra\u017caka i 25-lecia Pa\u0144stwowej Stra\u017cy Po\u017carnej.<\/strong><!--more--><\/p>\n<p>Powitania zaproszonych go\u015bci na czele z wicemarsza\u0142ek Senatu IX kadencji Pani\u0105 Mari\u0105 Koc oraz st. bryg. Jaros\u0142awem Kurkiem \u2013 Mazowieckim Komendantem Wojew\u00f3dzkim Pa\u0144stwowej Stra\u017cy Po\u017carnej, dokona\u0142 st. bryg. Jaros\u0142aw Soszy\u0144ski \u2013 Komendant Powiatowy PSP w W\u0119growie.<\/p>\n<p>Nast\u0119pnie wr\u0119czone zosta\u0142y medale i odznaczenia zar\u00f3wno stra\u017cakom KP PSP w W\u0119growie, jak te\u017c osobom cywilnym, \u015bci\u015ble wsp\u00f3\u0142pracuj\u0105cym z Komend\u0105. Mazowiecki Komendant Wojew\u00f3dzki wr\u0119czy\u0142 awanse na wy\u017csze stopnie s\u0142u\u017cbowe funkcjonariuszom po\u017carnictwa.<\/p>\n<p>Medale i odznaczenia otrzymali:<\/p>\n<p><em><strong>1. Br\u0105zowy Medal za D\u0142ugoletni\u0105 S\u0142u\u017cb\u0119:<\/strong><\/em><\/p>\n<ul>\n<li>ogn. Piotr Ojdana<\/li>\n<li>ogn. Maciej Szczepanik<\/li>\n<li>Micha\u0142 \u017bebrowski<\/li>\n<\/ul>\n<p><strong><em>2. Br\u0105zow\u0105 Odznak\u0105 \u201eZas\u0142u\u017cony Dla Ochrony Przeciwpo\u017carowej\u201d:<\/em><\/strong><\/p>\n<ul>\n<li>ogn. Przemys\u0142aw Gajewski s. Kazimierza<\/li>\n<\/ul>\n<p><strong><em><a href=\"http:\/\/info.sadowne.pl\/wp-content\/uploads\/2017\/05\/2017.05.15.2.jpg\" target=\"_blank\" rel=\"noopener noreferrer\"><img loading=\"lazy\" decoding=\"async\" class=\"alignright wp-image-15783 size-medium\" src=\"http:\/\/info.sadowne.pl\/wp-content\/uploads\/2017\/05\/2017.05.15.2-300x200.jpg\" alt=\"\" width=\"300\" height=\"200\" srcset=\"http:\/\/info.sadowne.pl\/wp-content\/uploads\/2017\/05\/2017.05.15.2-300x200.jpg 300w, http:\/\/info.sadowne.pl\/wp-content\/uploads\/2017\/05\/2017.05.15.2-768x513.jpg 768w, http:\/\/info.sadowne.pl\/wp-content\/uploads\/2017\/05\/2017.05.15.2.jpg 800w\" sizes=\"auto, (max-width: 300px) 100vw, 300px\" \/><\/a>3. Z\u0142oty Medal za Zas\u0142ugi dla Po\u017carnictwa:<\/em><\/strong><\/p>\n<ul>\n<li>Piotr Koc<\/li>\n<li>st.ogn. Mariusz Marchela<\/li>\n<li>st.ogn. Piotr Ojdana<\/li>\n<li>st.ogn. Krzysztof Skolimowski<\/li>\n<\/ul>\n<p><strong><em>4.<\/em><em> Srebrny Medal za Zas\u0142ugi dla Po\u017carnictwa:<\/em><\/strong><\/p>\n<ul>\n<li>Wojciech Chwedoruk<\/li>\n<li>Tomasz Jarzec<\/li>\n<\/ul>\n<p><strong><em>5.<\/em><em> Br\u0105zowy Medal za Zas\u0142ugi dla Po\u017carnictwa:<\/em><\/strong><\/p>\n<ul>\n<li>Tomasz Ga\u0142\u0105zka<\/li>\n<li>Ma\u0142gorzata Janiuk<\/li>\n<li>Tomasz Knecht<\/li>\n<li>Marcin Sylwestrzak<\/li>\n<\/ul>\n<p>Komendant G\u0142\u00f3wny Pa\u0144stwowej Stra\u017cy Po\u017carnej za szczeg\u00f3lne zaanga\u017cowanie w dzia\u0142aniach ratowniczo-ga\u015bniczych wyr\u00f3\u017cni\u0142 Dyplomem: st. ogn.\u00a0 Piotra Sk\u00f3rk\u0119.<\/p>\n<p>Na wy\u017csze stopnie zostali awansowani stra\u017cacy:<\/p>\n<p><strong>a) na stopie\u0144 starszego kapitana:<\/strong><\/p>\n<ul>\n<li>Mateusz Bieniak<\/li>\n<\/ul>\n<p><strong>b)<\/strong> <strong>na stopie\u0144 m\u0142odszego kapitana:<\/strong><\/p>\n<ul>\n<li>Piotr Ziomacki<\/li>\n<\/ul>\n<p><strong>c) na stopie\u0144 starszego ogniomistrza: <\/strong><\/p>\n<ul>\n<li>Przemys\u0142aw Gajewski<\/li>\n<\/ul>\n<p><strong>d) na stopie\u0144 ogniomistrza:<\/strong><\/p>\n<ul>\n<li>m\u0142. ogn. Pawe\u0142 Falkowski<\/li>\n<li>m\u0142. ogn. Tomasz Jarzec<\/li>\n<li>m\u0142. ogn. Tomasz Pernach<\/li>\n<\/ul>\n<p><strong>e) na stopie\u0144 m\u0142odszego ogniomistrza: <\/strong><\/p>\n<ul>\n<li>sekc. Rafa\u0142 Grz\u0119da.<\/li>\n<\/ul>\n<p>Kapitu\u0142a konkursu <strong>\u201eStra\u017cak Roku Powiatu W\u0119growskiego\u201d<\/strong> wyr\u00f3\u017cni\u0142a spo\u015br\u00f3d funkcjonariuszy Komendy Powiatowej PSP w W\u0119growie tytu\u0142em \u201eStra\u017caka Roku Powiatu W\u0119growskiego\u201d i przyzna\u0142a nagrod\u0119 rzeczow\u0105 dla: \u00a0m\u0142. ogn. Zbigniewa Grzybowskiego.<\/p>\n<p><strong>Kapitu\u0142a wyr\u00f3\u017cni\u0142a i przyzna\u0142a nagrody rzeczowe dla:<\/strong><\/p>\n<p>&#8211; st. sekc. Jaros\u0142awa Doma\u0144skiego<\/p>\n<p>&#8211; st. ogn. Piotra Sk\u00f3rki.<\/p>\n<p>\u015awi\u0119to zako\u0144czy\u0142y okoliczno\u015bciowe przem\u00f3wienia zaproszonych go\u015bci.<\/p>\n<p><strong>Uroczysto\u015b\u0107 zaszczycili sw\u0105 obecno\u015bci\u0105 m.in.:<\/strong><\/p>\n<ul>\n<li>Wicemarsza\u0142ek Senatu Pani Maria Koc<\/li>\n<li>Cz\u0142onek Zarz\u0105du Wojew\u00f3dztwa Mazowieckiego Pani El\u017cbieta Lanc<\/li>\n<li>bryg. Jaros\u0142aw Kurek \u2013 Mazowiecki Komendant Wojew\u00f3dzki<\/li>\n<li>w\u0142adze Zarz\u0105du Oddzia\u0142u Powiatowego ZOSP RP<\/li>\n<li>Starosta W\u0119growski Pan Krzysztof Fedorczyk<\/li>\n<li>Burmistrzowie i w\u00f3jtowie powiatu w\u0119growskiego<\/li>\n<li>Kierownicy s\u0142u\u017cb i instytucji na co dzie\u0144 wsp\u00f3\u0142pracuj\u0105cych z KP PSP w W\u0119growie.<\/li>\n<\/ul>\n<p><strong>Tekst:<\/strong> KP PSP W\u0119gr\u00f3w<\/p>\n<p><strong>Foto:<\/strong> Starostwo Powiatowe w W\u0119growie<\/p>\n","protected":false},"excerpt":{"rendered":"<p>W dniu 12 maja br. na placu przed stra\u017cnic\u0105 odby\u0142 si\u0119 uroczysty apel z okazji obchod\u00f3w Dnia Stra\u017caka i 25-lecia Pa\u0144stwowej Stra\u017cy Po\u017carnej.<\/p>\n","protected":false},"author":1,"featured_media":0,"comment_status":"closed","ping_status":"closed","sticky":false,"template":"","format":"standard","meta":{"footnotes":""},"categories":[5,4,267],"tags":[2445,491],"class_list":["post-15781","post","type-post","status-publish","format-standard","hentry","category-newsy","category-policja-straz-pozarna-pogotowie-ratunkowe","category-straz-pozarna-policja-straz-pozarna-pogotowie-ratunkowe","tag-dzien-strazaka-w-wegrowie","tag-komenda-powiatowa-panstwowej-strazy-pozarnej-w-wegrowie"],"views":3350,"_links":{"self":[{"href":"http:\/\/info.sadowne.pl\/index.php?rest_route=\/wp\/v2\/posts\/15781","targetHints":{"allow":["GET"]}}],"collection":[{"href":"http:\/\/info.sadowne.pl\/index.php?rest_route=\/wp\/v2\/posts"}],"about":[{"href":"http:\/\/info.sadowne.pl\/index.php?rest_route=\/wp\/v2\/types\/post"}],"author":[{"embeddable":true,"href":"http:\/\/info.sadowne.pl\/index.php?rest_route=\/wp\/v2\/users\/1"}],"replies":[{"embeddable":true,"href":"http:\/\/info.sadowne.pl\/index.php?rest_route=%2Fwp%2Fv2%2Fcomments&post=15781"}],"version-history":[{"count":1,"href":"http:\/\/info.sadowne.pl\/index.php?rest_route=\/wp\/v2\/posts\/15781\/revisions"}],"predecessor-version":[{"id":15784,"href":"http:\/\/info.sadowne.pl\/index.php?rest_route=\/wp\/v2\/posts\/15781\/revisions\/15784"}],"wp:attachment":[{"href":"http:\/\/info.sadowne.pl\/index.php?rest_route=%2Fwp%2Fv2%2Fmedia&parent=15781"}],"wp:term":[{"taxonomy":"category","embeddable":true,"href":"http:\/\/info.sadowne.pl\/index.php?rest_route=%2Fwp%2Fv2%2Fcategories&post=15781"},{"taxonomy":"post_tag","embeddable":true,"href":"http:\/\/info.sadowne.pl\/index.php?rest_route=%2Fwp%2Fv2%2Ftags&post=15781"}],"curies":[{"name":"wp","href":"https:\/\/api.w.org\/{rel}","templated":true}]}}