{"id":15878,"date":"2017-05-23T16:51:37","date_gmt":"2017-05-23T14:51:37","guid":{"rendered":"http:\/\/info.sadowne.pl\/?p=15878"},"modified":"2017-05-23T16:51:37","modified_gmt":"2017-05-23T14:51:37","slug":"a-w-sadownem","status":"publish","type":"post","link":"http:\/\/info.sadowne.pl\/?p=15878","title":{"rendered":"A w Sadownem&#8230;"},"content":{"rendered":"<p><strong><a href=\"http:\/\/info.sadowne.pl\/wp-content\/uploads\/2017\/05\/2017.05.23.11.jpg\" target=\"_blank\" rel=\"noopener noreferrer\"><img loading=\"lazy\" decoding=\"async\" class=\"alignleft wp-image-15879 size-thumbnail\" src=\"http:\/\/info.sadowne.pl\/wp-content\/uploads\/2017\/05\/2017.05.23.11-180x130.jpg\" alt=\"\" width=\"180\" height=\"130\" \/><\/a>\u2026jest co zwiedza\u0107!<\/strong><!--more--><\/p>\n<p>18 maja 2017 r. uczniowie klas IV &#8211; VI Niepublicznej Szko\u0142y Podstawowej w Orze\u0142ku udali si\u0119 na wycieczk\u0119 rowerow\u0105 do Sadownego.<\/p>\n<p><em><a href=\"http:\/\/info.sadowne.pl\/wp-content\/uploads\/2017\/05\/2017.05.23.12.jpg\" target=\"_blank\" rel=\"noopener noreferrer\"><img loading=\"lazy\" decoding=\"async\" class=\"alignright wp-image-15880 size-thumbnail\" src=\"http:\/\/info.sadowne.pl\/wp-content\/uploads\/2017\/05\/2017.05.23.12-180x130.jpg\" alt=\"\" width=\"180\" height=\"130\" \/><\/a>Program wycieczki obejmowa\u0142 m.in. zwiedzenie miejsca urodzenia b\u0142. ks. Edwarda Grzyma\u0142y, spotkanie z Panem Le\u015bniczym, wizyt\u0119 w Zak\u0142adzie Gospodarki Komunalnej w Sadownem oraz zwiedzanie ko\u015bcio\u0142a i cmentarza w Sadownem.<\/em><\/p>\n<p><strong>Fotorelacja na stronie <span style=\"color: #0000ff;\"><a style=\"color: #0000ff;\" href=\"http:\/\/www.sporzelek.szkolnastrona.pl\/art,184,wycieczka-rowerowa-do-sadownego\" target=\"_blank\" rel=\"noopener noreferrer\">http:\/\/www.sporzelek.szkolnastrona.pl\/art,184,wycieczka-rowerowa-do-sadownego<\/a><\/span><\/strong><\/p>\n<p><strong>\u0179r\u00f3d\u0142o:<\/strong> <a href=\"http:\/\/www.sporzelek.szkolnastrona.pl\/index.php\" target=\"_blank\" rel=\"noopener noreferrer\">http:\/\/www.sporzelek.szkolnastrona.pl\/index.php<\/a><\/p>\n","protected":false},"excerpt":{"rendered":"<p>\u2026jest co zwiedza\u0107!<\/p>\n","protected":false},"author":1,"featured_media":0,"comment_status":"closed","ping_status":"closed","sticky":false,"template":"","format":"standard","meta":{"footnotes":""},"categories":[5,1752,43],"tags":[937,2452],"class_list":["post-15878","post","type-post","status-publish","format-standard","hentry","category-newsy","category-edukacja","category-szkola-podstawowa-w-orzelku","tag-niepubliczna-szkola-podstawowa-w-orzelku","tag-wycieczka-rowerowa-do-sadownego"],"views":3099,"_links":{"self":[{"href":"http:\/\/info.sadowne.pl\/index.php?rest_route=\/wp\/v2\/posts\/15878","targetHints":{"allow":["GET"]}}],"collection":[{"href":"http:\/\/info.sadowne.pl\/index.php?rest_route=\/wp\/v2\/posts"}],"about":[{"href":"http:\/\/info.sadowne.pl\/index.php?rest_route=\/wp\/v2\/types\/post"}],"author":[{"embeddable":true,"href":"http:\/\/info.sadowne.pl\/index.php?rest_route=\/wp\/v2\/users\/1"}],"replies":[{"embeddable":true,"href":"http:\/\/info.sadowne.pl\/index.php?rest_route=%2Fwp%2Fv2%2Fcomments&post=15878"}],"version-history":[{"count":1,"href":"http:\/\/info.sadowne.pl\/index.php?rest_route=\/wp\/v2\/posts\/15878\/revisions"}],"predecessor-version":[{"id":15881,"href":"http:\/\/info.sadowne.pl\/index.php?rest_route=\/wp\/v2\/posts\/15878\/revisions\/15881"}],"wp:attachment":[{"href":"http:\/\/info.sadowne.pl\/index.php?rest_route=%2Fwp%2Fv2%2Fmedia&parent=15878"}],"wp:term":[{"taxonomy":"category","embeddable":true,"href":"http:\/\/info.sadowne.pl\/index.php?rest_route=%2Fwp%2Fv2%2Fcategories&post=15878"},{"taxonomy":"post_tag","embeddable":true,"href":"http:\/\/info.sadowne.pl\/index.php?rest_route=%2Fwp%2Fv2%2Ftags&post=15878"}],"curies":[{"name":"wp","href":"https:\/\/api.w.org\/{rel}","templated":true}]}}