{"id":16015,"date":"2017-05-31T21:39:57","date_gmt":"2017-05-31T19:39:57","guid":{"rendered":"http:\/\/info.sadowne.pl\/?p=16015"},"modified":"2020-04-24T14:36:39","modified_gmt":"2020-04-24T12:36:39","slug":"wspanialy-wystep-zsp-sadowne","status":"publish","type":"post","link":"http:\/\/info.sadowne.pl\/?p=16015","title":{"rendered":"Wspania\u0142y wyst\u0119p ZSP Sadowne!"},"content":{"rendered":"<p><strong><img loading=\"lazy\" decoding=\"async\" class=\"alignleft size-thumbnail wp-image-16016\" src=\"http:\/\/info.sadowne.pl\/wp-content\/uploads\/2017\/05\/2017.05.31.21-180x130.jpg\" alt=\"\" width=\"180\" height=\"130\" \/>Pi\u0119knie zaprezentowali si\u0119 na scenie W\u0119growskiego O\u015brodka Kultury uczniowie ZSP w Sadownem.<\/strong><!--more--><\/p>\n<p>31 maja w W\u0119growie odby\u0142a si\u0119 uroczysta gala: \u201ePrzegl\u0105d dorobku artystycznego szk\u00f3\u0142 ponadgimnazjalnych Powiatu W\u0119growskiego\u201d. Do wykonania swojej prezentacji na scenie W\u0119growskiego O\u015brodka Kultury zg\u0142osi\u0142y si\u0119 cztery szko\u0142y \u015brednie: I LO im. Adama Mickiewicza w W\u0119growie, Zesp\u00f3\u0142 Szk\u00f3\u0142 Ponadgimnazjalnych im. J. Kochanowskiego w W\u0119growie, Zesp\u00f3\u0142 Szk\u00f3\u0142 Ponadgimnazjalnych w \u0141ochowie i oczywi\u015bcie \u2013 Zesp\u00f3\u0142 Szk\u00f3\u0142 Ponadgimnazjalnych w Sadownem.<\/p>\n<p>Przy pe\u0142nej sali widowiskowej i wielu wybitnych go\u015bciach, w\u015br\u00f3d kt\u00f3rych da\u0142o si\u0119 zauwa\u017cy\u0107 Dyrektora ZSP Sadowne p. S\u0142awomira Ryszaw\u0119 i dopinguj\u0105cego mocno swoich niedawnych podopiecznych p. Marka Renika, uczniowie prezentowali kolejno swoje umiej\u0119tno\u015bci wokalne, muzyczne i taneczne. A by\u0142o co pokaza\u0107 i ogl\u0105da\u0107 &#8211; kto nie by\u0142, niech \u017ca\u0142uje.<\/p>\n<p>Jako ostatni na scenie wyst\u0105pili cz\u0142onkowie Zespo\u0142u Tanecznego ZSP w Sadownem, kt\u00f3rych choreografi\u0119 przygotowa\u0142a p. Miros\u0142awa Renik, a muzyk\u0119 p. Kamil Kie\u0142ek. Pi\u0119knie wykonali swoje ta\u0144ce, a ich wyst\u0119p u\u015bwietni\u0142a wokalem Inga Tarapata. Szkoda, \u017ce nie dopuszczano do bis\u00f3w, bo oklaski zachwyconej publiczno\u015bci nie ustawa\u0142y nawet wtedy, gdy arty\u015bci opu\u015bcili ju\u017c dawno scen\u0119.<\/p>\n<p>Ale zobaczmy sami!<\/p>\n<p><a href=\"https:\/\/photos.app.goo.gl\/4nzEhc5RtWDaQ5MT9\" target=\"_blank\" rel=\"noopener noreferrer\"><span style=\"color: #0000ff;\"><strong>Zdj\u0119cia w galerii Google&gt;&gt;&gt;<\/strong><\/span><\/a><\/p>\n<p><span style=\"color: #0000ff;\"><a style=\"color: #0000ff;\" href=\"https:\/\/youtu.be\/r2SIGFymGbk\" target=\"_blank\" rel=\"noopener noreferrer\"><strong>Zobacz te\u017c film&gt;&gt;&gt;<\/strong><\/a><\/span><\/p>\n<p><strong>Tekst\/foto: <\/strong>S\u0142awek Chyli\u0144ski<\/p>\n","protected":false},"excerpt":{"rendered":"<p>Pi\u0119knie zaprezentowali si\u0119 na scenie W\u0119growskiego O\u015brodka Kultury uczniowie ZSP w Sadownem.<\/p>\n","protected":false},"author":1,"featured_media":0,"comment_status":"closed","ping_status":"closed","sticky":false,"template":"","format":"standard","meta":{"footnotes":""},"categories":[5,1752,85],"tags":[2463,182],"class_list":["post-16015","post","type-post","status-publish","format-standard","hentry","category-newsy","category-edukacja","category-zsp","tag-przeglad-dorobku-artystycznego-szkol-ponadgimnazjalnych-powiatu-wegrowskiego","tag-zespol-szkol-ponadgimnazjalnych-w-sadownem"],"views":2753,"_links":{"self":[{"href":"http:\/\/info.sadowne.pl\/index.php?rest_route=\/wp\/v2\/posts\/16015","targetHints":{"allow":["GET"]}}],"collection":[{"href":"http:\/\/info.sadowne.pl\/index.php?rest_route=\/wp\/v2\/posts"}],"about":[{"href":"http:\/\/info.sadowne.pl\/index.php?rest_route=\/wp\/v2\/types\/post"}],"author":[{"embeddable":true,"href":"http:\/\/info.sadowne.pl\/index.php?rest_route=\/wp\/v2\/users\/1"}],"replies":[{"embeddable":true,"href":"http:\/\/info.sadowne.pl\/index.php?rest_route=%2Fwp%2Fv2%2Fcomments&post=16015"}],"version-history":[{"count":3,"href":"http:\/\/info.sadowne.pl\/index.php?rest_route=\/wp\/v2\/posts\/16015\/revisions"}],"predecessor-version":[{"id":23134,"href":"http:\/\/info.sadowne.pl\/index.php?rest_route=\/wp\/v2\/posts\/16015\/revisions\/23134"}],"wp:attachment":[{"href":"http:\/\/info.sadowne.pl\/index.php?rest_route=%2Fwp%2Fv2%2Fmedia&parent=16015"}],"wp:term":[{"taxonomy":"category","embeddable":true,"href":"http:\/\/info.sadowne.pl\/index.php?rest_route=%2Fwp%2Fv2%2Fcategories&post=16015"},{"taxonomy":"post_tag","embeddable":true,"href":"http:\/\/info.sadowne.pl\/index.php?rest_route=%2Fwp%2Fv2%2Ftags&post=16015"}],"curies":[{"name":"wp","href":"https:\/\/api.w.org\/{rel}","templated":true}]}}