{"id":16049,"date":"2017-06-09T16:33:28","date_gmt":"2017-06-09T14:33:28","guid":{"rendered":"http:\/\/info.sadowne.pl\/?p=16049"},"modified":"2020-04-24T14:31:11","modified_gmt":"2020-04-24T12:31:11","slug":"ks-jan-twardowski","status":"publish","type":"post","link":"http:\/\/info.sadowne.pl\/?p=16049","title":{"rendered":"Ks. Jan Twardowski\u2026"},"content":{"rendered":"<p><strong><img loading=\"lazy\" decoding=\"async\" class=\"alignleft size-thumbnail wp-image-16050\" src=\"http:\/\/info.sadowne.pl\/wp-content\/uploads\/2017\/06\/2017.06.09.1-180x130.jpg\" alt=\"\" width=\"180\" height=\"130\" \/>\u2026na sta\u0142e ju\u017c pozostanie z uczniami Szko\u0142y Podstawowej w Grabinach.<\/strong><!--more--><\/p>\n<p>9 czerwca w Grabinach odby\u0142a si\u0119 uroczysto\u015b\u0107 nadania imienia ks. Jana Twardowskiego miejscowej Szkole Podstawowej. Rozpocz\u0119\u0142a j\u0105 Msza \u015awi\u0119ta w kaplicy w Zarzetce, celebrowana przez ks. bpa Tadeusza Pikusa. W trakcie nabo\u017ce\u0144stwa dokonano po\u015bwi\u0119cenia sztandaru, a po przemarszu do Szko\u0142y \u2013 w obecno\u015bci poczt\u00f3w sztandarowych i zaproszonych go\u015bci \u2013 ks. biskup po\u015bwi\u0119ci\u0142 i ods\u0142oni\u0119to \u015bcian\u0119 pami\u0105tkow\u0105 Patrona.<\/p>\n<p>Dalsze uroczysto\u015bci przenios\u0142y si\u0119 do sali gimnastycznej, gdzie ju\u017c odby\u0142a si\u0119 oficjalna ceremonia nadania imienia Szkole, przekazania sztandaru uczniom i ich \u015blubowanie na sztandar, a przybyli go\u015bcie mieli okazj\u0119 do przekazania swoich \u017cycze\u0144 uczniom, pedagogom i lokalnej spo\u0142eczno\u015bci w tak uroczystym dniu, jakim jest nadanie imienia Szkole. O swojej znajomo\u015bci z Patronem ks. Twardowskim pokr\u00f3tce opowiedzieli przybyli na to spotkanie \u201e\u015bwiadkowie jego \u017cycia\u201d p. Tadeusz Olszewski i p. Teresa Lipowska, a uczniowie szko\u0142y podsumowali uroczysto\u015b\u0107 wierszami, piosenk\u0105 i ta\u0144cem.<\/p>\n<p>Dyrektor Szko\u0142y p. Alina Lipka \u2013 Chudzik poinformowa\u0142a te\u017c, i\u017c dzie\u0144 9 czerwca w kolejnych latach b\u0119dzie obchodzony jako Dzie\u0144 Patrona Szko\u0142y Podstawowej w Grabinach. Pad\u0142a te\u017c propozycja od p. Teresy Lipowskiej, by od przysz\u0142ego roku w tym w\u0142a\u015bnie dniu organizowa\u0107 konkurs recytatorski im. ks. Jana Twardowskiego, w kt\u00f3rym ch\u0119tnie we\u017amie osobi\u015bcie udzia\u0142 \u00a0\u2013 spotka\u0142o si\u0119 to z aplauzem publiczno\u015bci.<\/p>\n<p>Jedna z pi\u0119knych my\u015bli ks. Twardowskiego: \u201eRealizujemy si\u0119 najpe\u0142niej, je\u015bli potrafimy \u017cy\u0107 dla innych\u201d, kt\u00f3ra widnieje na \u015bcianie pami\u0105tkowej, jest podsumowaniem ca\u0142ego \u017cycia Patrona i przes\u0142aniem dla nas wszystkich. Powinni\u015bmy wzi\u0105\u0107 j\u0105 sobie do serca, a ju\u017c pewne, \u017ce\u2026 na zawsze pozostanie z uczniami Szko\u0142y Podstawowej w Grabinach.<\/p>\n<p><a href=\"https:\/\/photos.app.goo.gl\/9AoCDdvGnVRz4LqC9\" target=\"_blank\" rel=\"noopener noreferrer\"><span style=\"color: #0000ff;\"><strong>Zdj\u0119cia w galerii Google&gt;&gt;&gt;<\/strong><\/span><\/a><\/p>\n<p><span style=\"color: #0000ff;\"><a style=\"color: #0000ff;\" href=\"https:\/\/youtu.be\/VVpv8wmwO1I\" target=\"_blank\" rel=\"noopener noreferrer\"><strong>Zobacz te\u017c film&gt;&gt;&gt;<\/strong><\/a><\/span><\/p>\n<p><strong>Tekst\/foto:<\/strong> S\u0142awek Chyli\u0144ski<\/p>\n","protected":false},"excerpt":{"rendered":"<p>\u2026na sta\u0142e ju\u017c pozostanie z uczniami Szko\u0142y Podstawowej w Grabinach.<\/p>\n","protected":false},"author":1,"featured_media":0,"comment_status":"closed","ping_status":"closed","sticky":false,"template":"","format":"standard","meta":{"footnotes":""},"categories":[5,1752,1120],"tags":[2469,2460,2289],"class_list":["post-16049","post","type-post","status-publish","format-standard","hentry","category-newsy","category-edukacja","category-zespol-szkolno-przedszkolny-w-grabinach","tag-ks-jan-twardowski","tag-nadanie-imienia-szkole-w-grabinach","tag-zespol-szkolno-przedszkolny-w-grabinach"],"views":3519,"_links":{"self":[{"href":"http:\/\/info.sadowne.pl\/index.php?rest_route=\/wp\/v2\/posts\/16049","targetHints":{"allow":["GET"]}}],"collection":[{"href":"http:\/\/info.sadowne.pl\/index.php?rest_route=\/wp\/v2\/posts"}],"about":[{"href":"http:\/\/info.sadowne.pl\/index.php?rest_route=\/wp\/v2\/types\/post"}],"author":[{"embeddable":true,"href":"http:\/\/info.sadowne.pl\/index.php?rest_route=\/wp\/v2\/users\/1"}],"replies":[{"embeddable":true,"href":"http:\/\/info.sadowne.pl\/index.php?rest_route=%2Fwp%2Fv2%2Fcomments&post=16049"}],"version-history":[{"count":2,"href":"http:\/\/info.sadowne.pl\/index.php?rest_route=\/wp\/v2\/posts\/16049\/revisions"}],"predecessor-version":[{"id":23130,"href":"http:\/\/info.sadowne.pl\/index.php?rest_route=\/wp\/v2\/posts\/16049\/revisions\/23130"}],"wp:attachment":[{"href":"http:\/\/info.sadowne.pl\/index.php?rest_route=%2Fwp%2Fv2%2Fmedia&parent=16049"}],"wp:term":[{"taxonomy":"category","embeddable":true,"href":"http:\/\/info.sadowne.pl\/index.php?rest_route=%2Fwp%2Fv2%2Fcategories&post=16049"},{"taxonomy":"post_tag","embeddable":true,"href":"http:\/\/info.sadowne.pl\/index.php?rest_route=%2Fwp%2Fv2%2Ftags&post=16049"}],"curies":[{"name":"wp","href":"https:\/\/api.w.org\/{rel}","templated":true}]}}