{"id":16063,"date":"2017-06-10T18:24:13","date_gmt":"2017-06-10T16:24:13","guid":{"rendered":"http:\/\/info.sadowne.pl\/?p=16063"},"modified":"2020-04-24T14:30:05","modified_gmt":"2020-04-24T12:30:05","slug":"piknik-w-zielencu-trwa","status":"publish","type":"post","link":"http:\/\/info.sadowne.pl\/?p=16063","title":{"rendered":"Piknik w Ziele\u0144cu trwa"},"content":{"rendered":"<p><strong><img loading=\"lazy\" decoding=\"async\" class=\"alignleft size-thumbnail wp-image-16064\" src=\"http:\/\/info.sadowne.pl\/wp-content\/uploads\/2017\/06\/2017.06.10.11-180x130.jpg\" alt=\"\" width=\"180\" height=\"130\" \/>Ju\u017c od godz. 15.00 10 czerwca da\u0142o si\u0119 s\u0142ysze\u0107 ze sceny w Ziele\u0144cu pierwsze rytmy.<\/strong><!--more--><\/p>\n<p>Rozpocz\u0105\u0142 si\u0119 Piknik Rodzinny w Ziele\u0144cu. Stowarzyszenie Rozwoju Wsi Zieleniec stan\u0119\u0142o na wysoko\u015bci zadania i przygotowa\u0142o wiele atrakcji zar\u00f3wno dla dzieci, jak i troszeczk\u0119 starszych.<\/p>\n<p>Ju\u017c z oddali czu\u0107 zapach dymi\u0105cego grilla, syreny wozu stra\u017cackiego i radiowoz\u00f3w policyjnych. S\u0142u\u017cby mundurowe podczas Pikniku, opr\u00f3cz zwiedzania swoich pojazd\u00f3w, oferuj\u0105 wszystkim mo\u017cliwo\u015b\u0107 samodzielnego zastosowania s\u0142u\u017cbowych akcesori\u00f3w, ale te\u017c zach\u0119caj\u0105 wszystkich do wst\u0105pienia we w\u0142asne szeregi. Policja znakuje r\u00f3wnie\u017c zainteresowanym dostarczone tu rowery.<\/p>\n<p>Na placu przy dawnej szkole rozstawiono mn\u00f3stwo namiot\u00f3w, w kt\u00f3rych oferuje si\u0119 dania gor\u0105ce, napoje, popcorn, wat\u0119 cukrow\u0105, zabawki i pami\u0105tki, odbywa si\u0119 malowanie twarzy, ale te\u017c dzieci mog\u0105 skorzysta\u0107 ze zje\u017cd\u017calni i p\u0142ywaj\u0105cych kul.<\/p>\n<p>Po \u015brodku ustawiono scen\u0119, z kt\u00f3rej zabawiaj\u0105 swoj\u0105 muzyk\u0105 zespo\u0142y muzyczne: Sami Swoi, For Fun Band, Septyma i Akord, a nad ca\u0142o\u015bci\u0105 z mikrofonem w r\u0119ku czuwa p. Monika Tyszka \u2013 oczywi\u015bcie z Zespo\u0142u Sami Swoi, kt\u00f3ra nie zapomina te\u017c o dzieciach, organizuj\u0105c im zabawy z nagrodami.<\/p>\n<p>Zgodnie z zapowiedzi\u0105, Organizatorzy ca\u0142y czas przyjmuj\u0105 i wa\u017c\u0105 plastikowe nakr\u0119tki, kt\u00f3re dostarczaj\u0105 uczestnicy konkursu \u201eDaj si\u0119 wkr\u0119ci\u0107\u201d, a w \u015bwietlicy prowadzi si\u0119 rejestracj\u0119 przysz\u0142ych dawc\u00f3w szpiku kostnego (przypominamy, \u017ce do rejestracji potrzebny jest dow\u00f3d osobisty). Szczeg\u00f3\u0142owiej o wynikach tych akcji poinformujemy wkr\u00f3tce.<\/p>\n<p><strong>Zabawa na Pikniku w Ziele\u0144cu rozkr\u0119ca si\u0119 i \u2013 jak obiecuj\u0105 Organizatorzy \u2013 b\u0119dzie trwa\u0142a by\u0107 mo\u017ce do bia\u0142ego rana. Serdecznie zapraszamy wszystkich ch\u0119tnych i polecamy \u2013 jeszcze czeka wiele atrakcji.<\/strong><\/p>\n<p><a href=\"https:\/\/photos.app.goo.gl\/CvSucNnXGRkAzrc87\" target=\"_blank\" rel=\"noopener noreferrer\"><span style=\"color: #0000ff;\"><strong>Zdj\u0119cia w galerii Google&gt;&gt;&gt;<\/strong><\/span><\/a><\/p>\n<p><strong>Tekst\/foto:<\/strong> S\u0142awek Chyli\u0144ski<\/p>\n","protected":false},"excerpt":{"rendered":"<p>Ju\u017c od godz. 15.00 10 czerwca da\u0142o si\u0119 s\u0142ysze\u0107 ze sceny w Ziele\u0144cu pierwsze rytmy.<\/p>\n","protected":false},"author":1,"featured_media":0,"comment_status":"closed","ping_status":"closed","sticky":false,"template":"","format":"standard","meta":{"footnotes":""},"categories":[5,41],"tags":[2015,2313,52],"class_list":["post-16063","post","type-post","status-publish","format-standard","hentry","category-newsy","category-wiesci-gminne","tag-piknik-rodzinny-w-zielencu","tag-stowarzyszenie-rozwoju-wsi-zieleniec","tag-zieleniec"],"views":3079,"_links":{"self":[{"href":"http:\/\/info.sadowne.pl\/index.php?rest_route=\/wp\/v2\/posts\/16063","targetHints":{"allow":["GET"]}}],"collection":[{"href":"http:\/\/info.sadowne.pl\/index.php?rest_route=\/wp\/v2\/posts"}],"about":[{"href":"http:\/\/info.sadowne.pl\/index.php?rest_route=\/wp\/v2\/types\/post"}],"author":[{"embeddable":true,"href":"http:\/\/info.sadowne.pl\/index.php?rest_route=\/wp\/v2\/users\/1"}],"replies":[{"embeddable":true,"href":"http:\/\/info.sadowne.pl\/index.php?rest_route=%2Fwp%2Fv2%2Fcomments&post=16063"}],"version-history":[{"count":2,"href":"http:\/\/info.sadowne.pl\/index.php?rest_route=\/wp\/v2\/posts\/16063\/revisions"}],"predecessor-version":[{"id":23129,"href":"http:\/\/info.sadowne.pl\/index.php?rest_route=\/wp\/v2\/posts\/16063\/revisions\/23129"}],"wp:attachment":[{"href":"http:\/\/info.sadowne.pl\/index.php?rest_route=%2Fwp%2Fv2%2Fmedia&parent=16063"}],"wp:term":[{"taxonomy":"category","embeddable":true,"href":"http:\/\/info.sadowne.pl\/index.php?rest_route=%2Fwp%2Fv2%2Fcategories&post=16063"},{"taxonomy":"post_tag","embeddable":true,"href":"http:\/\/info.sadowne.pl\/index.php?rest_route=%2Fwp%2Fv2%2Ftags&post=16063"}],"curies":[{"name":"wp","href":"https:\/\/api.w.org\/{rel}","templated":true}]}}