{"id":16116,"date":"2017-06-19T19:25:53","date_gmt":"2017-06-19T17:25:53","guid":{"rendered":"http:\/\/info.sadowne.pl\/?p=16116"},"modified":"2020-04-24T14:27:31","modified_gmt":"2020-04-24T12:27:31","slug":"dzis-instrument-i-wokal","status":"publish","type":"post","link":"http:\/\/info.sadowne.pl\/?p=16116","title":{"rendered":"Dzi\u015b instrument i wokal\u2026"},"content":{"rendered":"<p><strong><img loading=\"lazy\" decoding=\"async\" class=\"alignleft size-thumbnail wp-image-16117\" src=\"http:\/\/info.sadowne.pl\/wp-content\/uploads\/2017\/06\/2017.06.19.11-180x130.jpg\" alt=\"\" width=\"180\" height=\"130\" \/>19 czerwca mieli\u015bmy okazj\u0119 obejrze\u0107 i wys\u0142ucha\u0107 koncertu podsumowuj\u0105cego roczn\u0105 prac\u0119 ko\u0142a muzycznego i wokalnego Gminnego O\u015brodka Kultury w Sadownem. <\/strong><!--more--><\/p>\n<p>W zaj\u0119ciach nauki gry na instrumentach muzycznych, gitarze i keyboardzie, prowadzonych przez p. Ew\u0119 Jakubik bierze udzia\u0142 29 os\u00f3b. Podczas dzisiejszego koncertu zaprezentowa\u0142o si\u0119 o\u015bmioro z nich. Obok koleg\u00f3w instrumentalist\u00f3w, swoje umiej\u0119tno\u015bci wokalne prezentowa\u0142o r\u00f3wnie\u017c 5 wokalistek, kt\u00f3re na co dzie\u0144 uczestnicz\u0105 w zaj\u0119ciach prowadzonych w GOK przez p. Monik\u0119 Krze\u015bniak.<\/p>\n<p>W rol\u0119 konferansjera tym razem wcieli\u0142a si\u0119 \u2013 po raz pierwszy i z pozytywnym skutkiem \u2013 p. Magda Zy\u015bk, a popo\u0142udniowy koncert rozpocz\u0119\u0142a Wiktoria Decyk, kt\u00f3ra na keyboardzie zagra\u0142a utwory: \u201eEl condor passa\u201d i \u201eMemory\u201d. Nast\u0119pnie swoje umiej\u0119tno\u015bci zaprezentowali kolejno m\u0142odzi arty\u015bci:<\/p>\n<p>&#8211; Natalia Kasiak zagra\u0142a na gitarze utwory: \u201eJeden \u015bwiat, jedno przyrzeczenie\u201d oraz \u201eZbudujemy sobie \u0142\u00f3d\u017a\u201d,<\/p>\n<p>&#8211; Magda Narowska, przy wsparciu ch\u00f3rku, za\u015bpiewa\u0142a piosenk\u0119 \u201eJag\u00f3dka\u201d,<\/p>\n<p>&#8211; Ewelina Olton zaprezentowa\u0142a si\u0119 w gitarowej wersji znanych wszystkim utwor\u00f3w: \u201eKrakowiaczek\u201d i \u201eSoko\u0142y\u201d,<\/p>\n<p>&#8211; Amelia Borowa zagra\u0142a na gitarze swoje popisowe utwory: \u201eDudziarz\u201d i \u201eZbudujemy \u0142\u00f3d\u017a\u201d,<\/p>\n<p>&#8211; Iza Ilczuk za\u015bpiewa\u0142a piosenk\u0119 \u201eCzas nie b\u0119dzie na nas czeka\u0142\u201d,<\/p>\n<p>&#8211; \u201eBelgijka\u201d i \u201eGdy \u015bwi\u0119ci maszeruj\u0105\u201d to utwory, kt\u00f3re w wersji gitarowej prezentowa\u0142a Ola Zi\u00f3\u0142kowska,<\/p>\n<p>&#8211; Dominika Pacuszka przy wt\u00f3rze kole\u017canek za\u015bpiewa\u0142a piosenk\u0119 \u201eA ja wol\u0119 moj\u0105 Mam\u0119\u201d,<\/p>\n<p>&#8211; gitarzystka Julia Grzyma\u0142a zagra\u0142a utw\u00f3r ameryka\u0144ski \u201eGdy \u015bwi\u0119ci maszeruj\u0105\u201d oraz \u201eBelgijk\u0119\u201d,<\/p>\n<p>&#8211; Ala Gajewska wyst\u0105pi\u0142a z piosenk\u0105 \u201ePrzyjaciel wie\u201d,<\/p>\n<p>&#8211; keyboard to instrument, kt\u00f3ry pod palcami Izy Ilczuk rozbrzmia\u0142 tonami utworu \u201eKrakowiaczek\u201d i \u201eCzerwone jab\u0142uszko\u201d,<\/p>\n<p>&#8211; \u201eLewan Polka\u201d i \u201eCzerwone jab\u0142uszko\u201d us\u0142yszeli\u015bmy w wykonaniu gitarowym Adriana Samsla,<\/p>\n<p>&#8211; a jako ostatnia, koncert podsumowa\u0142a piosenk\u0105 \u201eZuzia, lalka niedu\u017ca\u201d\u00a0 &#8211; imienniczka bohaterki utworu, Zuzia Gierej.<\/p>\n<p>M\u0142odzi wykonawcy i ich instruktorzy zostali nagrodzeni gromkimi brawami. Zaprezentowali naprawd\u0119 wysoki poziom umiej\u0119tno\u015bci gry na instrumentach i \u015bpiewu.<\/p>\n<p><strong>A ju\u017c w \u015brod\u0119 21 czerwca kolejna prezentacja artystyczna w Gminnym O\u015brodku Kultury w Sadownem \u2013 o godz. 17.00 wyst\u0105pi\u0105 kolejni m\u0142odzi arty\u015bci z ko\u0142a muzycznego prowadzonego przez p. Ew\u0119 Jakubik. Serdecznie zapraszamy!<\/strong><\/p>\n<p><a href=\"https:\/\/photos.app.goo.gl\/BK6QK9b9kPNBfcpX6\" target=\"_blank\" rel=\"noopener noreferrer\"><span style=\"color: #0000ff;\"><strong>Zdj\u0119cia w galerii Google&gt;&gt;&gt;<\/strong><\/span><\/a><\/p>\n<p><strong>Tekst\/foto:<\/strong> S\u0142awek Chyli\u0144ski<\/p>\n","protected":false},"excerpt":{"rendered":"<p>19 czerwca mieli\u015bmy okazj\u0119 obejrze\u0107 i wys\u0142ucha\u0107 koncertu podsumowuj\u0105cego roczn\u0105 prac\u0119 ko\u0142a muzycznego i wokalnego Gminnego O\u015brodka Kultury w Sadownem.<\/p>\n","protected":false},"author":1,"featured_media":0,"comment_status":"closed","ping_status":"closed","sticky":false,"template":"","format":"standard","meta":{"footnotes":""},"categories":[5,91,6],"tags":[169,2290],"class_list":["post-16116","post","type-post","status-publish","format-standard","hentry","category-newsy","category-gminny-osrodek-kultury","category-kultura-rozrywka-edukacja","tag-gminny-osrodek-kultury-w-sadownem","tag-spotkanie-z-cyklu-prezentacje-artystyczne-w-sadownem"],"views":2739,"_links":{"self":[{"href":"http:\/\/info.sadowne.pl\/index.php?rest_route=\/wp\/v2\/posts\/16116","targetHints":{"allow":["GET"]}}],"collection":[{"href":"http:\/\/info.sadowne.pl\/index.php?rest_route=\/wp\/v2\/posts"}],"about":[{"href":"http:\/\/info.sadowne.pl\/index.php?rest_route=\/wp\/v2\/types\/post"}],"author":[{"embeddable":true,"href":"http:\/\/info.sadowne.pl\/index.php?rest_route=\/wp\/v2\/users\/1"}],"replies":[{"embeddable":true,"href":"http:\/\/info.sadowne.pl\/index.php?rest_route=%2Fwp%2Fv2%2Fcomments&post=16116"}],"version-history":[{"count":2,"href":"http:\/\/info.sadowne.pl\/index.php?rest_route=\/wp\/v2\/posts\/16116\/revisions"}],"predecessor-version":[{"id":23127,"href":"http:\/\/info.sadowne.pl\/index.php?rest_route=\/wp\/v2\/posts\/16116\/revisions\/23127"}],"wp:attachment":[{"href":"http:\/\/info.sadowne.pl\/index.php?rest_route=%2Fwp%2Fv2%2Fmedia&parent=16116"}],"wp:term":[{"taxonomy":"category","embeddable":true,"href":"http:\/\/info.sadowne.pl\/index.php?rest_route=%2Fwp%2Fv2%2Fcategories&post=16116"},{"taxonomy":"post_tag","embeddable":true,"href":"http:\/\/info.sadowne.pl\/index.php?rest_route=%2Fwp%2Fv2%2Ftags&post=16116"}],"curies":[{"name":"wp","href":"https:\/\/api.w.org\/{rel}","templated":true}]}}