{"id":16123,"date":"2017-06-20T20:38:31","date_gmt":"2017-06-20T18:38:31","guid":{"rendered":"http:\/\/info.sadowne.pl\/?p=16123"},"modified":"2020-04-24T14:26:01","modified_gmt":"2020-04-24T12:26:01","slug":"odjazdowy-bibliotekarz-2","status":"publish","type":"post","link":"http:\/\/info.sadowne.pl\/?p=16123","title":{"rendered":"Odjazdowy Bibliotekarz"},"content":{"rendered":"<p><strong><img loading=\"lazy\" decoding=\"async\" class=\"alignleft size-thumbnail wp-image-16124\" src=\"http:\/\/info.sadowne.pl\/wp-content\/uploads\/2017\/06\/2017.06.20.11-180x130.jpg\" alt=\"\" width=\"180\" height=\"130\" \/>Po raz pi\u0105ty sadowie\u0144ska Gminna Biblioteka Publiczna wzi\u0119\u0142a udzia\u0142 w akcji o nazwie \u201eOdjazdowy Bibliotekarz\u201d. 20 czerwca zorganizowano w ramach tej akcji rajd rowerowy.<\/strong><!--more--><\/p>\n<p>\u201eOdjazdowy Bibliotekarz\u201d to akcja, w kt\u00f3rej bibliotekarze, czytelnicy i mi\u0142o\u015bnicy ksi\u0105\u017cek oraz rower\u00f3w mog\u0105 przyjemnie i aktywnie sp\u0119dzi\u0107 wiosenne popo\u0142udnie w gronie os\u00f3b o podobnych pasjach. Ruszaj\u0105 wi\u0119c np. na rajd rowerowy, kt\u00f3ry po\u0142\u0105czony jest z odwiedzaniem ciekawych miejsc w swojej okolicy i \u201eokraszony\u201d dodatkowymi atrakcjami.<\/p>\n<p>Akcja ta z roku na rok zwi\u0119ksza sw\u00f3j zasi\u0119g. W 2015 r. zorganizowano ponad 240 lokalnych edycji imprezy! We wszystkich rajdach w Polsce wzi\u0119\u0142o udzia\u0142 ponad 12 000 os\u00f3b. W tym roku oczekuje si\u0119 na jeszcze wi\u0119ksz\u0105 liczb\u0119 uczestnik\u00f3w i odjazdowe przejazdy tak\u017ce w innych krajach. Mo\u017ce zostanie pobity rekord?<\/p>\n<p>A historia \u201eOdjazdowego Bibliotekarza\u201d si\u0119ga 2010 roku, kiedy odby\u0142 si\u0119 pierwszy tego typu rajd w \u0141odzi. Z roku na rok idea promowania czytelnictwa i bibliotek na rowerach si\u0119 rozwija\u0142a i dociera\u0142a do najdalszych zak\u0105tk\u00f3w Polski, a tak\u017ce \u015bwiata. \u201eOdjazdowego Bibliotekarza\u201d organizuj\u0105 dzi\u015b biblioteki z miast, miasteczek, ma\u0142ych gmin w ka\u017cdym wojew\u00f3dztwie. Odby\u0142y si\u0119 te\u017c edycje Bicycool Library w innych krajach np. Rumunia, Wielka Brytania, USA, Nepal.<\/p>\n<p>A sadowie\u0144ski \u201eOdjazdowy Bibliotekarz\u201d? R\u00f3wnie\u017c z roku na rok cieszy si\u0119 wi\u0119kszym powodzeniem. Organizuje go jako &#8211; jedyna w okolicy &#8211; od 2013 roku Gminna Biblioteka Publiczna w Sadownem, kt\u00f3ra szczyci si\u0119 znacznymi osi\u0105gni\u0119ciami w dzia\u0142alno\u015bci na rzecz promowania czytelnictwa. W tegorocznym rajdzie rowerowym wzi\u0119\u0142o udzia\u0142 kilkudziesi\u0119ciu pasjonat\u00f3w czytelnictwa i przygody z ksi\u0105\u017ck\u0105.<\/p>\n<p>20 czerwca nasze bibliotekarki: Ewa, Basia i Monika oraz \u201ezapaleni\u201d czytelnicy spod budynku Biblioteki wyruszyli popo\u0142udniem we wcze\u015bniej zaplanowan\u0105 tras\u0119. Tym razem obrano kierunek na Krupi\u0144skie, gdzie pierwszy post\u00f3j i ciekawa opowie\u015b\u0107 mia\u0142y miejsce przy bocianim gnie\u017adzie i prastarym d\u0119bie, kt\u00f3ry jest pomnikiem przyrody i g\u00f3ruje nad okolic\u0105. St\u0105d tylko \u201erzut beretem\u201d do m\u0142yna, a tak\u017ce ku\u017ani, gdzie mistrz kowalstwa p. Edward Danaj snuje ciekawe opowie\u015bci o swojej pracy i przysz\u0142o\u015bci, a tak\u017ce naocznie prezentuje podr\u00f3\u017cnym zamian\u0119 kawa\u0142ka metalu w artystyczne cude\u0144ko.<\/p>\n<p>Mo\u017cna takich opowie\u015bci s\u0142ucha\u0107 bez ko\u0144ca, ale czas goni i pogoda ju\u017c nie taka. Trzeba si\u0119 spieszy\u0107, a dowodzenie w tym momencie przejmuje historyk p. S\u0142awomir Akonom. Teraz dopiero us\u0142yszymy opowie\u015bci. Faktycznie, droga rajdu przez Oci\u0119te, Zarzetk\u0119, Grabiny nie pozwala omin\u0105\u0107 przylegaj\u0105cych do niej pomnik\u00f3w upami\u0119tniaj\u0105cych poleg\u0142ych i zamordowanych mieszka\u0144c\u00f3w tej okolicy, a i wypada zajrze\u0107 do kaplicy w Zarzetce.<\/p>\n<p>Nieopodal okazale prezentuje si\u0119 te\u017c Zesp\u00f3\u0142 Szkolno \u2013 Przedszkolny w Grabinach, gdzie te\u017c mie\u015bci si\u0119 filia Biblioteki Publicznej w Sadownem. Obowi\u0105zkowo trzeba tam zajrze\u0107, cho\u0107by na kr\u00f3tki, piknikowy odpoczynek. Ale w naturze bibliotekarza jest zdobywanie wiedzy \u2013 st\u0105d te\u017c wizyta w miejscu upami\u0119tniaj\u0105cym Patrona Szko\u0142y \u2013 ks. Jana Twardowskiego. Oczywi\u015bcie jest to \u201ena r\u0119k\u0119\u201d p. S\u0142awkowi, u kt\u00f3rego w tym momencie uwidoczni\u0142 si\u0119 b\u0142ysk w oku i posypa\u0142y si\u0119\u2026 opowie\u015bci o \u017cyciu i tw\u00f3rczo\u015bci ks. Twardowskiego.<\/p>\n<p>Druga natura bibliotekarza i \u201ezapalonego\u201d czytelnika, podr\u00f3\u017cnika, to tak\u017ce tw\u00f3rczo\u015b\u0107. Jak\u017ce odby\u0107 podr\u00f3\u017c po\u015br\u00f3d las\u00f3w, p\u00f3l, niepowtarzalnych krajobraz\u00f3w, w tak doborowym towarzystwie i niczego nie stworzy\u0107? I \u201erajdowcy\u201d &#8211; przed wyruszeniem w drog\u0119 do domu &#8211; stworzyli, wsp\u00f3lnymi si\u0142ami rymowane podsumowanie rajdu \u201eOdlotowy Bibliotekarz\u201d roku 2017. Oto to dzie\u0142o, kt\u00f3re nie ma jeszcze nawet tytu\u0142u:<\/p>\n<p><em>Dnia czerwca dwudziestego,<\/em><\/p>\n<p><em>popo\u0142udnia s\u0142onecznego<\/em><\/p>\n<p><em>wyruszy\u0142a wycieczka<\/em><\/p>\n<p><em>bibliotekarza odjazdowego.<\/em><\/p>\n<p><em>Z Sadownego do kowala,<\/em><\/p>\n<p><em>kt\u00f3ry ogie\u0144 wnet rozpala<\/em><\/p>\n<p><em>i \u017celazo kuje stale,<\/em><\/p>\n<p><em>koz\u0119 wyku\u0142 doskonale.<\/em><\/p>\n<p><em>Czule si\u0119 z nim \u017cegnali\u015bmy,<\/em><\/p>\n<p><em>do kaplicy ruszyli\u015bmy<\/em><\/p>\n<p><em>by pan S\u0142awek pe\u0142en werwy<\/em><\/p>\n<p><em>opowiada\u0142 nam bez przerwy<\/em><\/p>\n<p><em>o pomnikach, bohaterach,<\/em><\/p>\n<p><em>stoj\u0105c chwil\u0119 przy rowerach.<\/em><\/p>\n<p><em>Na sam koniec moi mili<\/em><\/p>\n<p><em>wszyscy na pikniku byli.<\/em><\/p>\n<p><em>Jedli, pili, chichotali,<\/em><\/p>\n<p><em>rajd wspania\u0142y wspominali.<\/em><\/p>\n<p><em>A za nami,<\/em><\/p>\n<p><em>w aucie szarym,<\/em><\/p>\n<p><em>gna\u0142 reporter S\u0142awkiem zwany,<\/em><\/p>\n<p><em>by opisa\u0107 wydarzenia,<\/em><\/p>\n<p><em>zdj\u0119cia wtr\u0105ci\u0107 od niechcenia.<\/em><\/p>\n<p><em>Przecie\u017c info jest na czasie<\/em><\/p>\n<p><em>i umila chwile w trasie. <\/em><\/p>\n<p><strong>Nic doda\u0107, nic uj\u0105\u0107. By\u0142o dobrze, a za rok b\u0119dzie jeszcze lepiej. Zapewne odb\u0119dzie si\u0119 kolejny rajd rowerowy pn. \u201eOdjazdowy Bibliotekarz\u201d.<\/strong><\/p>\n<p><a href=\"https:\/\/photos.app.goo.gl\/m3aCAXBQZ5Ehc6un7\" target=\"_blank\" rel=\"noopener noreferrer\"><span style=\"color: #0000ff;\"><strong style=\"color: #0000ff;\">Zdj\u0119cia w galerii Google&gt;&gt;&gt;<\/strong><\/span><\/a><\/p>\n<p><strong>Tekst\/foto:<\/strong> S\u0142awek Chyli\u0144ski<\/p>\n","protected":false},"excerpt":{"rendered":"<p>Po raz pi\u0105ty sadowie\u0144ska Gminna Biblioteka Publiczna wzi\u0119\u0142a udzia\u0142 w akcji o nazwie \u201eOdjazdowy Bibliotekarz\u201d. 20 czerwca zorganizowano w ramach tej akcji rajd rowerowy.<\/p>\n","protected":false},"author":1,"featured_media":0,"comment_status":"closed","ping_status":"closed","sticky":false,"template":"","format":"standard","meta":{"footnotes":""},"categories":[5,2149,6],"tags":[113,235],"class_list":["post-16123","post","type-post","status-publish","format-standard","hentry","category-newsy","category-gminna-biblioteka-publiczna","category-kultura-rozrywka-edukacja","tag-gminna-biblioteka-publiczna-w-sadownem","tag-rajd-rowerowy-odjazdowy-bibliotekarz-w-sadownem"],"views":2707,"_links":{"self":[{"href":"http:\/\/info.sadowne.pl\/index.php?rest_route=\/wp\/v2\/posts\/16123","targetHints":{"allow":["GET"]}}],"collection":[{"href":"http:\/\/info.sadowne.pl\/index.php?rest_route=\/wp\/v2\/posts"}],"about":[{"href":"http:\/\/info.sadowne.pl\/index.php?rest_route=\/wp\/v2\/types\/post"}],"author":[{"embeddable":true,"href":"http:\/\/info.sadowne.pl\/index.php?rest_route=\/wp\/v2\/users\/1"}],"replies":[{"embeddable":true,"href":"http:\/\/info.sadowne.pl\/index.php?rest_route=%2Fwp%2Fv2%2Fcomments&post=16123"}],"version-history":[{"count":4,"href":"http:\/\/info.sadowne.pl\/index.php?rest_route=\/wp\/v2\/posts\/16123\/revisions"}],"predecessor-version":[{"id":23126,"href":"http:\/\/info.sadowne.pl\/index.php?rest_route=\/wp\/v2\/posts\/16123\/revisions\/23126"}],"wp:attachment":[{"href":"http:\/\/info.sadowne.pl\/index.php?rest_route=%2Fwp%2Fv2%2Fmedia&parent=16123"}],"wp:term":[{"taxonomy":"category","embeddable":true,"href":"http:\/\/info.sadowne.pl\/index.php?rest_route=%2Fwp%2Fv2%2Fcategories&post=16123"},{"taxonomy":"post_tag","embeddable":true,"href":"http:\/\/info.sadowne.pl\/index.php?rest_route=%2Fwp%2Fv2%2Ftags&post=16123"}],"curies":[{"name":"wp","href":"https:\/\/api.w.org\/{rel}","templated":true}]}}