{"id":16131,"date":"2017-06-21T15:34:19","date_gmt":"2017-06-21T13:34:19","guid":{"rendered":"http:\/\/info.sadowne.pl\/?p=16131"},"modified":"2020-04-24T14:24:30","modified_gmt":"2020-04-24T12:24:30","slug":"czy-juz-wakacje","status":"publish","type":"post","link":"http:\/\/info.sadowne.pl\/?p=16131","title":{"rendered":"Czy ju\u017c wakacje?"},"content":{"rendered":"<p><strong><img loading=\"lazy\" decoding=\"async\" class=\"alignleft size-thumbnail wp-image-16132\" src=\"http:\/\/info.sadowne.pl\/wp-content\/uploads\/2017\/06\/2017.06.21.1-180x130.jpg\" alt=\"\" width=\"180\" height=\"130\" \/>Dla niekt\u00f3rych tak. 21 czerwca po\u017cegnano absolwent\u00f3w sadowie\u0144skiego Gimnazjum.<\/strong><!--more--><\/p>\n<p>Uroczy\u015bcie i oficjalnie Gimnazjum w Sadownem opu\u015bci\u0142o 21 czerwca 56-ciu absolwent\u00f3w, uczni\u00f3w dw\u00f3ch najstarszych klas tej Szko\u0142y (jeszcze tylko w pi\u0105tek odbior\u0105 \u015bwiadectwa). Do Hali Sportowej na t\u0119 uroczysto\u015b\u0107 przybyli koledzy ze wszystkich klas gimnazjalnych, pedagodzy i zaproszeni go\u015bcie \u2013 w\u0142\u0105cznie z najwy\u017csz\u0105 w\u0142adz\u0105 w Gminie, W\u00f3jtem p. Waldemarem Cyranem. Absolwenci powitali ich polonezem w swoim wykonaniu.<\/p>\n<p><em>&#8211; Dzisiaj opuszczacie mury naszej Szko\u0142y i wkraczacie w nowe, ju\u017c doros\u0142e \u017cycie. Jeste\u015bmy dumni, \u017ce byli\u015bcie naszymi uczniami. Otrzymali\u015bcie w\u0142a\u015bciwe wychowanie. \u017bycz\u0119 Wam powodzenia oraz sukces\u00f3w i\u2026 nie zapominajcie o nas \u2013<\/em> \u017cegna\u0142a swoich uczni\u00f3w Dyrektor Gimnazjum p. Ma\u0142gorzata Zy\u015bk.<\/p>\n<p>\u017byczenia i ciep\u0142e s\u0142owa pop\u0142yn\u0119\u0142y te\u017c z ust go\u015bci, a w podzi\u0119kowaniu \u2013 r\u00f3wnie\u017c dyplomy i symboliczne nagrody dla najlepszych uczni\u00f3w, spo\u0142ecznik\u00f3w, sportowc\u00f3w oraz otarta ukradkiem \u0142ezka wychowawczy\u0144: p. Marty Kotowskiej i p. Renaty Majba\u0144skiej, ale te\u017c niejednego ucznia, ju\u017c absolwenta.<\/p>\n<p>Na po\u017cegnanie jeszcze humorystyczna cz\u0119\u015b\u0107 artystyczna, kt\u00f3r\u0105 przygotowali absolwenci i po\u017cegnania z kwiatkami, indywidualne oraz grupowe. Wi\u0119c\u2026 wszystkiego dobrego Drodzy Absolwenci!<\/p>\n<p><a href=\"https:\/\/photos.app.goo.gl\/cAXHiR6PswWwQYDC8\" target=\"_blank\" rel=\"noopener noreferrer\"><span style=\"color: #0000ff;\"><strong>Zdj\u0119cia w galerii Google&gt;&gt;&gt;<\/strong><\/span><\/a><\/p>\n<p><strong>Tekst\/foto:<\/strong> S\u0142awek Chyli\u0144ski<\/p>\n","protected":false},"excerpt":{"rendered":"<p>Dla niekt\u00f3rych tak. 21 czerwca po\u017cegnano absolwent\u00f3w sadowie\u0144skiego Gimnazjum.<\/p>\n","protected":false},"author":1,"featured_media":0,"comment_status":"closed","ping_status":"closed","sticky":false,"template":"","format":"standard","meta":{"footnotes":""},"categories":[5,83,1752],"tags":[71,2075],"class_list":["post-16131","post","type-post","status-publish","format-standard","hentry","category-newsy","category-gimnazjum","category-edukacja","tag-gimnazjum-sadowne","tag-pozegnanie-iii-klas-gimnazjum-w-sadownem"],"views":3160,"_links":{"self":[{"href":"http:\/\/info.sadowne.pl\/index.php?rest_route=\/wp\/v2\/posts\/16131","targetHints":{"allow":["GET"]}}],"collection":[{"href":"http:\/\/info.sadowne.pl\/index.php?rest_route=\/wp\/v2\/posts"}],"about":[{"href":"http:\/\/info.sadowne.pl\/index.php?rest_route=\/wp\/v2\/types\/post"}],"author":[{"embeddable":true,"href":"http:\/\/info.sadowne.pl\/index.php?rest_route=\/wp\/v2\/users\/1"}],"replies":[{"embeddable":true,"href":"http:\/\/info.sadowne.pl\/index.php?rest_route=%2Fwp%2Fv2%2Fcomments&post=16131"}],"version-history":[{"count":2,"href":"http:\/\/info.sadowne.pl\/index.php?rest_route=\/wp\/v2\/posts\/16131\/revisions"}],"predecessor-version":[{"id":23125,"href":"http:\/\/info.sadowne.pl\/index.php?rest_route=\/wp\/v2\/posts\/16131\/revisions\/23125"}],"wp:attachment":[{"href":"http:\/\/info.sadowne.pl\/index.php?rest_route=%2Fwp%2Fv2%2Fmedia&parent=16131"}],"wp:term":[{"taxonomy":"category","embeddable":true,"href":"http:\/\/info.sadowne.pl\/index.php?rest_route=%2Fwp%2Fv2%2Fcategories&post=16131"},{"taxonomy":"post_tag","embeddable":true,"href":"http:\/\/info.sadowne.pl\/index.php?rest_route=%2Fwp%2Fv2%2Ftags&post=16131"}],"curies":[{"name":"wp","href":"https:\/\/api.w.org\/{rel}","templated":true}]}}