{"id":16291,"date":"2017-07-18T09:15:51","date_gmt":"2017-07-18T07:15:51","guid":{"rendered":"http:\/\/info.sadowne.pl\/?p=16291"},"modified":"2017-07-18T09:15:51","modified_gmt":"2017-07-18T07:15:51","slug":"swieto-policji-w-wegrowie-3","status":"publish","type":"post","link":"http:\/\/info.sadowne.pl\/?p=16291","title":{"rendered":"\u015awi\u0119to Policji w W\u0119growie"},"content":{"rendered":"<p><strong><a href=\"http:\/\/info.sadowne.pl\/wp-content\/uploads\/2017\/07\/2017.07.18.1.jpg\" target=\"_blank\" rel=\"noopener noreferrer\"><img loading=\"lazy\" decoding=\"async\" class=\"alignleft wp-image-16292 size-thumbnail\" src=\"http:\/\/info.sadowne.pl\/wp-content\/uploads\/2017\/07\/2017.07.18.1-180x130.jpg\" alt=\"\" width=\"180\" height=\"130\" \/><\/a>W miniony pi\u0105tek (14.07), podczas uroczystych obchod\u00f3w \u015awi\u0119ta Policji w W\u0119growie, funkcjonariusze uczcili 98 rocznic\u0119 utworzenia Policji Pa\u0144stwowej. <\/strong><!--more--><\/p>\n<p>Uroczysto\u015bci rozpocz\u0119\u0142y si\u0119 Msz\u0105 \u015bw. w Bazylice mniejszej w W\u0119growie, a nast\u0119pnie zosta\u0142y wr\u0119czone akty mianowania na wy\u017csze stopnie policyjne.<\/p>\n<p>Uroczysto\u015bci z udzia\u0142em Komendanta Powiatowego Policji w W\u0119growie, w\u0142adz pa\u0144stwowych, samorz\u0105dowych, przedstawicieli s\u0142u\u017cb mundurowych \u00a0oraz dyrektor\u00f3w w\u0119growskich urz\u0119d\u00f3w i instytucji rozpocz\u0119\u0142y si\u0119 msz\u0105 \u015bwi\u0119t\u0105 w Bazylice Mniejszej, koncelebrowan\u0105 przez kapelana policji ks. Adama Bogdanowicza. Dalsza cze\u015b\u0107 uroczysto\u015bci, w kt\u00f3rej wr\u0119czone zosta\u0142y akty mianowania na wy\u017csze stopnie s\u0142u\u017cbowe odby\u0142a si\u0119 w Starostwie Powiatowym w W\u0119growie.<\/p>\n<p><a href=\"http:\/\/info.sadowne.pl\/wp-content\/uploads\/2017\/07\/2017.07.18.2.jpg\" target=\"_blank\" rel=\"noopener noreferrer\"><img loading=\"lazy\" decoding=\"async\" class=\"alignright wp-image-16293 size-medium\" src=\"http:\/\/info.sadowne.pl\/wp-content\/uploads\/2017\/07\/2017.07.18.2-300x196.jpg\" alt=\"\" width=\"300\" height=\"196\" srcset=\"http:\/\/info.sadowne.pl\/wp-content\/uploads\/2017\/07\/2017.07.18.2-300x196.jpg 300w, http:\/\/info.sadowne.pl\/wp-content\/uploads\/2017\/07\/2017.07.18.2-768x503.jpg 768w, http:\/\/info.sadowne.pl\/wp-content\/uploads\/2017\/07\/2017.07.18.2.jpg 797w\" sizes=\"auto, (max-width: 300px) 100vw, 300px\" \/><\/a>Komendant Powiatowy Policji w W\u0119growie m\u0142. insp. Andrzej Styrczula przed wr\u0119czeniem akt\u00f3w mianowania na wy\u017csze stopnie policyjne wyg\u0142osi\u0142 przem\u00f3wienie, w kt\u00f3rym podkre\u015bli\u0142 specyfik\u0119 s\u0142u\u017cby policyjnej, kt\u00f3ra jest trudna i zarazem pe\u0142na wyzwa\u0144. Policjanci wykazuj\u0105 si\u0119 profesjonalizmem i zaanga\u017cowaniem w zapewnieniu bezpiecze\u0144stwa mieszka\u0144com powiatu w\u0119growskiego, jednocze\u015bnie kszta\u0142tuj\u0105c pozytywny wizerunek Policji. Komendant podzi\u0119kowa\u0142 r\u00f3wnie\u017c policjantom i policjantkom, \u017ce to dzi\u0119ki nim\u00a0w\u0119growska jednostka pod wzgl\u0119dem osi\u0105ganych wynik\u00f3w jest jedn\u0105 z najlepszych w mazowieckim garnizonie.<\/p>\n<p>Komendant podkre\u015bli\u0142, \u017ce w\u0119growska Policja efektywnie wsp\u00f3\u0142pracuje z organami administracji rz\u0105dowej, samorz\u0105dowej, innymi organizacjami i instytucjami. Jest partnerem i wsp\u00f3\u0142organizatorem wielu inicjatyw lokalnych, kt\u00f3re pokazuj\u0105 nasz\u0105 jednostk\u0119 jako formacj\u0119 otwart\u0105, dynamiczn\u0105, nowoczesn\u0105 i przyjazn\u0105 spo\u0142ecze\u0144stwu. Komendant Styrczula podzi\u0119kowa\u0142 przedstawicielom samorz\u0105du lokalnego za przychylny stosunek do Policji, za nieustaj\u0105c\u0105 pomoc i wspieranie naszych dzia\u0142a\u0144. Podzi\u0119kowania r\u00f3wnie\u017c skierowa\u0142 do pracownik\u00f3w cywilnych, emeryt\u00f3w i rencist\u00f3w.<\/p>\n<p>Podczas uroczysto\u015bci zosta\u0142y tak\u017ce odczytane \u017cyczenia dla policjantek, policjant\u00f3w, pracownik\u00f3w Komendy Powiatowej Policji w W\u0119growie od Ministra Spraw Wewn\u0119trznych Mariusza B\u0142aszczaka.<\/p>\n<p>Podczas tegorocznych obchod\u00f3w \u015awi\u0119ta Policji na wy\u017cszy stopie\u0144 s\u0142u\u017cbowy awansowano 25 policjant\u00f3w, pe\u0142ni\u0105cych s\u0142u\u017cb\u0119 na terenie miasta W\u0119growa oraz gmin powiatu w\u0119growskiego. Akty mianowania wr\u0119cza\u0142 Komendant Powiatowy Policji w W\u0119growie m\u0142. insp. Andrzej Styrczula w towarzystwie Wicestarosty Haliny Uli\u0144skiej.<\/p>\n<p><a href=\"http:\/\/info.sadowne.pl\/wp-content\/uploads\/2017\/07\/2017.07.18.3.jpg\" target=\"_blank\" rel=\"noopener noreferrer\"><img loading=\"lazy\" decoding=\"async\" class=\"aligncenter wp-image-16294 size-medium\" src=\"http:\/\/info.sadowne.pl\/wp-content\/uploads\/2017\/07\/2017.07.18.3-300x117.jpg\" alt=\"\" width=\"300\" height=\"117\" srcset=\"http:\/\/info.sadowne.pl\/wp-content\/uploads\/2017\/07\/2017.07.18.3-300x117.jpg 300w, http:\/\/info.sadowne.pl\/wp-content\/uploads\/2017\/07\/2017.07.18.3-768x300.jpg 768w, http:\/\/info.sadowne.pl\/wp-content\/uploads\/2017\/07\/2017.07.18.3.jpg 786w\" sizes=\"auto, (max-width: 300px) 100vw, 300px\" \/><\/a><\/p>\n<p>ASPIRANTEM \u00a0SZTABOWYM \u00a0POLICJI<\/p>\n<ol>\n<li>\u00a0 \u00a0 \u00a0 \u00a0st. asp. Wojciech Grzybowski<br \/>\n2. \u00a0 \u00a0 \u00a0 \u00a0st. asp. Mariusz \u015awi\u0119tochowski<\/li>\n<\/ol>\n<p>STARSZYM ASPIRANTEM POLICJI<\/p>\n<ol>\n<li>\u00a0 \u00a0 \u00a0 \u00a0asp. Krzysztof Makowiecki<br \/>\n2. \u00a0 \u00a0 \u00a0 \u00a0asp. Krzysztof Po\u0142aski<\/li>\n<\/ol>\n<p>ASPIRANTEM POLICJI<\/p>\n<ol>\n<li>\u00a0 \u00a0 \u00a0 \u00a0m\u0142. asp. Marcin G\u00f3ral<br \/>\n2. \u00a0 \u00a0 \u00a0 \u00a0m\u0142. asp. Sylwester Rowicki<br \/>\n3. \u00a0 \u00a0 \u00a0 \u00a0m\u0142. asp. Mariusz Siwi\u0144ski<\/li>\n<\/ol>\n<p>M\u0141ODSZYM ASPIRANTEM POLICJI<\/p>\n<ol>\n<li>\u00a0 \u00a0 \u00a0 \u00a0sier\u017c. szt. Katarzyna Gier\u0142owska<br \/>\n2. \u00a0 \u00a0 \u00a0 \u00a0sier\u017c. szt. Anna Maliszewska<br \/>\n3. \u00a0 \u00a0 \u00a0 \u00a0sier\u017c. szt. Marcin Miko\u0142ajczuk<br \/>\n4. \u00a0 \u00a0 \u00a0 \u00a0sier\u017c. szt. \u0141ukasz Solka<\/li>\n<\/ol>\n<p>SIER\u017bANTEM \u00a0SZTABOWYM POLICJI<\/p>\n<ol>\n<li>\u00a0 \u00a0 \u00a0 \u00a0st. sier\u017c. Sebastian Doma\u0144ski<br \/>\n2. \u00a0 \u00a0 \u00a0 \u00a0st. sier\u017c. \u0141ukasz Suplicki<\/li>\n<\/ol>\n<p>STARSZYM SIER\u017bANTEM \u00a0POLICJI<\/p>\n<ol>\n<li>\u00a0 \u00a0 \u00a0 \u00a0sier\u017c. S\u0142awomir Krzywi\u0144ski<br \/>\n2. \u00a0 \u00a0 \u00a0 \u00a0sier\u017c. Hubert \u015aledziewski<br \/>\n3. \u00a0 \u00a0 \u00a0 \u00a0sier\u017c. Pawe\u0142 Wierzbicki<\/li>\n<\/ol>\n<p>SIER\u017bANTEM \u00a0POLICJI<\/p>\n<ol>\n<li>\u00a0 \u00a0 \u00a0 \u00a0sier\u017c. Maciej Kami\u0144ski<br \/>\n2. \u00a0 \u00a0 \u00a0 \u00a0sier\u017c. Dariusz Puchalski<br \/>\n3. \u00a0 \u00a0 \u00a0 \u00a0sier\u017c. Olga Szczekutek<br \/>\n4. \u00a0 \u00a0 \u00a0 \u00a0sier\u017c. Artur Zawadzki<\/li>\n<\/ol>\n<p>STARSZYM POSTERUNKOWYM POLICJI<\/p>\n<ol>\n<li>\u00a0 \u00a0 \u00a0 \u00a0post. Leszek J\u00f3zwik<br \/>\n2. \u00a0 \u00a0 \u00a0 \u00a0post. Marek Kleszcz<br \/>\n3. \u00a0 \u00a0 \u00a0 \u00a0post. Marta Lewandowska<br \/>\n4. \u00a0 \u00a0 \u00a0 \u00a0post. Mateusz Wielgosz<\/p>\n<p><strong>st. post. Marta Lewandowska<br \/>\nOficer Prasowy KPP W\u0119gr\u00f3w<\/strong><\/li>\n<\/ol>\n","protected":false},"excerpt":{"rendered":"<p>W miniony pi\u0105tek (14.07), podczas uroczystych obchod\u00f3w \u015awi\u0119ta Policji w W\u0119growie, funkcjonariusze uczcili 98 rocznic\u0119 utworzenia Policji Pa\u0144stwowej.<\/p>\n","protected":false},"author":1,"featured_media":0,"comment_status":"closed","ping_status":"closed","sticky":false,"template":"","format":"standard","meta":{"footnotes":""},"categories":[5,266,4],"tags":[261,2497],"class_list":["post-16291","post","type-post","status-publish","format-standard","hentry","category-newsy","category-policja-policja-straz-pozarna-pogotowie-ratunkowe","category-policja-straz-pozarna-pogotowie-ratunkowe","tag-komenda-powiatowa-policji-w-wegrowie","tag-swieto-policji-2017-w-wegrowie"],"views":4498,"_links":{"self":[{"href":"http:\/\/info.sadowne.pl\/index.php?rest_route=\/wp\/v2\/posts\/16291","targetHints":{"allow":["GET"]}}],"collection":[{"href":"http:\/\/info.sadowne.pl\/index.php?rest_route=\/wp\/v2\/posts"}],"about":[{"href":"http:\/\/info.sadowne.pl\/index.php?rest_route=\/wp\/v2\/types\/post"}],"author":[{"embeddable":true,"href":"http:\/\/info.sadowne.pl\/index.php?rest_route=\/wp\/v2\/users\/1"}],"replies":[{"embeddable":true,"href":"http:\/\/info.sadowne.pl\/index.php?rest_route=%2Fwp%2Fv2%2Fcomments&post=16291"}],"version-history":[{"count":1,"href":"http:\/\/info.sadowne.pl\/index.php?rest_route=\/wp\/v2\/posts\/16291\/revisions"}],"predecessor-version":[{"id":16295,"href":"http:\/\/info.sadowne.pl\/index.php?rest_route=\/wp\/v2\/posts\/16291\/revisions\/16295"}],"wp:attachment":[{"href":"http:\/\/info.sadowne.pl\/index.php?rest_route=%2Fwp%2Fv2%2Fmedia&parent=16291"}],"wp:term":[{"taxonomy":"category","embeddable":true,"href":"http:\/\/info.sadowne.pl\/index.php?rest_route=%2Fwp%2Fv2%2Fcategories&post=16291"},{"taxonomy":"post_tag","embeddable":true,"href":"http:\/\/info.sadowne.pl\/index.php?rest_route=%2Fwp%2Fv2%2Ftags&post=16291"}],"curies":[{"name":"wp","href":"https:\/\/api.w.org\/{rel}","templated":true}]}}