{"id":16372,"date":"2017-07-30T18:56:52","date_gmt":"2017-07-30T16:56:52","guid":{"rendered":"http:\/\/info.sadowne.pl\/?p=16372"},"modified":"2020-04-24T14:06:59","modified_gmt":"2020-04-24T12:06:59","slug":"siedemdziesiat-lat-to-zacny-wiek","status":"publish","type":"post","link":"http:\/\/info.sadowne.pl\/?p=16372","title":{"rendered":"Siedemdziesi\u0105t lat \u2013 to zacny wiek"},"content":{"rendered":"<p><strong><img loading=\"lazy\" decoding=\"async\" class=\"alignleft size-thumbnail wp-image-16373\" src=\"http:\/\/info.sadowne.pl\/wp-content\/uploads\/2017\/07\/2017.07.30.1-180x130.jpg\" alt=\"\" width=\"180\" height=\"130\" \/>30 lipca swoje siedemdziesi\u0105te urodziny obchodzi\u0142a Jednostka Ochotniczej Stra\u017cy Po\u017carnej z Zalesia.<\/strong><!--more--><\/p>\n<p>Wielu go\u015bci, du\u017co mundur\u00f3w stra\u017cackich i woz\u00f3w bojowych pojawi\u0142o si\u0119 w po\u0142udnie na terenie s\u0105siaduj\u0105cych ze sob\u0105: Zarzetki i Grabin. To swoje 70-lecie uroczy\u015bcie obchodzili druhowie z Zalesia.<\/p>\n<p><strong>Uroczysto\u015bci poprzedzi\u0142a msza polowa przy kaplicy w Zarzetce, kt\u00f3r\u0105 celebrowa\u0142 w intencji stra\u017cak\u00f3w ks. Stanis\u0142aw Wojciechowski i w asy\u015bcie wielu sztandar\u00f3w.<\/strong> Po niej przemarsz na plac przy Zespole Szkolno \u2013 Przedszkolnym w Grabinach i dalsza cz\u0119\u015b\u0107 tej uroczysto\u015bci \u2013 zbi\u00f3rka pododdzia\u0142\u00f3w. Z ramienia lokalnych w\u0142adz cz\u0119\u015b\u0107 uroczysto\u015bci poprowadzi\u0142 Sekretarz Gminy p. Zbigniew Bocian, a g\u0142\u00f3wnymi jej bohaterami byli\u2026 oczywi\u015bcie stra\u017cacy z OSP Zalesie. Przy tej okazji otrzymali wiele \u017cycze\u0144 od zaproszonych go\u015bci, a tak\u017ce oficjalnych podzi\u0119kowa\u0144, dyplom\u00f3w i odznacze\u0144, m.in. P. El\u017cbieta Lanc, w imieniu Samorz\u0105du Wojew\u00f3dztwa Mazowieckiego, wr\u0119czy\u0142a stra\u017cakom medal pami\u0105tkowy Pro Masovia, st. bryg. Ireneusz Kr\u00f3lik, w imieniu Komendanta G\u0142\u00f3wnego OSP, odznaczy\u0142 Jednostk\u0119 Medalem za zas\u0142ugi dla po\u017carnictwa, natomiast p. Marek Renik, w imieniu Senator Marii Koc, przekaza\u0142 \u201eOr\u0142a Senatu RP\u201d. W\u00f3jt Gminy i druh w jednej osobie p. Waldemar Cyran przekaza\u0142 obietnic\u0119 dalszego i systematycznego wsparcia OSP Zalesie i pozosta\u0142ych gminnych jednostek, kt\u00f3rych cz\u0142onkowie ka\u017cdego dnia nara\u017caj\u0105 swoje zdrowie i \u017cycie dla zapewnienia bezpiecze\u0144stwa po\u017carowego Naszej Gminy \u2013 to chyba najlepszy prezent. Go\u015bcie i wspieraj\u0105cy OSP Zalesie z okazji 70-lecia jednostki zostali wyr\u00f3\u017cnieni wbiciem symbolicznych gwo\u017adzi w tablic\u0119 upami\u0119tniaj\u0105c\u0105 to wydarzenie.<\/p>\n<p><strong>A jaka jest historia Jednostki OSP z Zalesia?<\/strong> Bardzo dok\u0142adnie i obrazowo przedstawi\u0142a j\u0105 podczas uroczysto\u015bci w Grabinach p. Teresa Wielgat \u2013 radna Gminy Sadowne, zwi\u0105zana od wielu lat z OSP Zalesie. Poczytajmy:<\/p>\n<p><em>Drodzy Pa\u0144stwo!<\/em><\/p>\n<p><em>Pozw\u00f3lcie, \u017ce przedstawi\u0119 w skr\u00f3cie histori\u0119 powstania i dzia\u0142alno\u015bci Ochotniczej Stra\u017cy Po\u017carnej w Zalesiu.<\/em><\/p>\n<p><em>Zalesie to wie\u015b po\u0142o\u017cona w dorzeczu rzeki Bug. Dawniej corocznie powodzie zalewa\u0142y Zalesie i okoliczne wioski. Walka z tym \u017cywio\u0142em by\u0142a jedn\u0105 z inspiracji do powo\u0142ania w tej miejscowo\u015bci stra\u017cy po\u017carnej. I tak oto w 1947 r. z inicjatywy mieszka\u0144c\u00f3w wsi powsta\u0142a OSP w Zalesiu. Pierwszym prezesem zosta\u0142 Rafa\u0142 Koro\u015b, a naczelnikiem Stefan D\u0105browski. W sk\u0142ad zarz\u0105du weszli: Jan Kania, Wac\u0142aw Decyk, Stefan Pu\u015bcion, Franciszek Ga\u0142\u0105zka, Roman Robak i Ryszard Decyk. Pocz\u0105tkowo do akcji po\u017carniczych wyje\u017cd\u017cano wozem konnym skonstruowanym przez druh\u00f3w W\u0142adys\u0142awa Robaka i Franciszka Ga\u0142\u0105zk\u0119. W 1953 r. OSP Zalesie otrzyma\u0142o od w\u0142adz samorz\u0105dowych wys\u0142u\u017con\u0105 sikawk\u0119 r\u0119czn\u0105. Pierwsz\u0105 motopomp\u0119 jednostka zakupi\u0142a w 1955 r., a nast\u0119pn\u0105 bardziej wydajn\u0105 w roku 1962. Dzi\u0119ki aktywnej postawie \u00f3wczesnych stra\u017cak\u00f3w i szczodrej ofiarno\u015bci mieszka\u0144c\u00f3w w latach 1953 \u2013 1967 powsta\u0142a drewniana remiza stra\u017cacka. Grunt pod budynek przekaza\u0142 nieodp\u0142atnie Jan Kania. W historii ochotnicy dysponowali dwoma pojazdami marki \u017buk otrzymanymi od s\u0105siaduj\u0105cych jednostek stra\u017cackich z Wilczog\u0105b i Szynkarzyzny. Jednostka posiada\u0142a r\u00f3wnie\u017c samoch\u00f3d Star-25 przekazany przez OSP Gwizda\u0142y. Nie spe\u0142nia\u0142 on jednak warunk\u00f3w technicznych. W 2001 r. dzi\u0119ki wsparciu Urz\u0119du Gminy w Sadownem oraz Urz\u0119du Marsza\u0142kowskiego OSP Zalesie otrzyma\u0142a w\u00f3z bojowy Star-244 GBA wyposa\u017cony m.in. w motopomp\u0119 i autopomp\u0119.<\/em><\/p>\n<p><em>W latach 80-tych i 90-tych ubieg\u0142ego stulecia tradycj\u0105 OSP w Zalesiu by\u0142a organizacja zabaw tanecznych. Wypracowane w ten spos\u00f3b dochody przeznaczone by\u0142y na zakup mundur\u00f3w galowych i bojowych, wykupiono grunt pod budow\u0119 gara\u017cu, wykonano oko\u0142o 250 m drogi betonowej. Wspomagano r\u00f3wnie\u017c finansowo nowopowstaj\u0105c\u0105 Szko\u0142\u0119 Podstawow\u0105 w Grabinach.<\/em><\/p>\n<p><em>Od 14 maja 1988 r. jednostka ma w\u0142asny sztandar ufundowany przez mieszka\u0144c\u00f3w, a nadany przez Zarz\u0105d Wojew\u00f3dzki Ochotniczych Stra\u017cy Po\u017carnych w Siedlcach. <\/em><\/p>\n<p><em>W latach 2000 \u2013 2003 w ramach prac spo\u0142ecznych i przy wsparciu Urz\u0119du Gminy w Sadownem stra\u017cacy wybudowali murowany gara\u017c. W 2008 roku nasza OSP przej\u0119\u0142a budynek po by\u0142ej mleczarni w Zarzetce. Od tamtego czasu jest on adaptowany na potrzeby \u015bwietlicy i remizy jednocze\u015bnie, gdy\u017c remiza drewniana wymaga kapitalnego remontu. Wi\u0119kszo\u015b\u0107 prac druhowie wykonuj\u0105 spo\u0142ecznie.<\/em><\/p>\n<p><em>Nasi stra\u017cacy opr\u00f3cz akcji po\u017carniczych w\u0142\u0105czaj\u0105 si\u0119 w r\u00f3\u017cnorodne akcje pomocowe, jak np. w 2010 r. pomoc powodzianom w Kozienicach, a w 2011 r. usuwanie skutk\u00f3w wichury na terenie Gminy Sadowne.<\/em><\/p>\n<p><em>Bezinteresowna i szybka pomoc potrzebuj\u0105cym to nie jedyna forma dzia\u0142alno\u015bci naszych ochotnik\u00f3w. Niemal od samego pocz\u0105tku w\u0142\u0105czaj\u0105 si\u0119 w wiele lokalnych inicjatyw. Sw\u0105 obecno\u015bci\u0105 u\u015bwietniaj\u0105 uroczysto\u015bci gminne i parafialne, anga\u017cuj\u0105 si\u0119 w prace spo\u0142eczne. Reprezentacje naszej stra\u017cy corocznie uczestnicz\u0105 w zawodach sportowo \u2013 po\u017carniczych i odnosz\u0105 liczne sukcesy. Warto tu wymieni\u0107: rok 2010 \u2013 startowa\u0142y dwie reprezentacje i zdoby\u0142y I i II miejsce; rok 2011 \u2013 II miejsce; III miejsce w roku 2013. Przez kolejne 3 lata reprezentacja OSP Zalesie zajmowa\u0142a czo\u0142owe pierwsze miejsca. W 2017 roku zwyci\u0119stwo odnios\u0142a reprezentacja M\u0142odzie\u017cowej Dru\u017cyny Po\u017carniczej.<\/em><\/p>\n<p><em>Jednostka obecnie zrzesza w swoich szeregach nie tylko mieszka\u0144c\u00f3w Zalesia, ale tak\u017ce Zarzetki, Grabin i Oci\u0119tego. Liczy 40 druh\u00f3w, w tym 2 kobiety, a tak\u017ce 9 m\u0142odych stra\u017cak\u00f3w w nowoutworzonej M\u0142odzie\u017cowej Dru\u017cynie Po\u017carniczej. Pracami jednostki kieruje Adam Rogala, funkcj\u0119 naczelnika pe\u0142ni Krzysztof Kobyli\u0144ski, a wiceprezesa Marcin K\u0105dziela. Za bud\u017cet odpowiada S\u0142awomir Kujawa, a funkcj\u0119 sekretarza wype\u0142nia Aneta Pu\u015bcion.<\/em><\/p>\n<p><em>Na zako\u0144czenie nale\u017cy przypomnie\u0107 tych, kt\u00f3rzy od pocz\u0105tku istnienia jednostki pe\u0142nili kierownicze funkcje. Ot\u00f3\u017c prezesami w historii OSP Zalesie byli: Rafa\u0142 Koro\u015b, Roman Robak, Zbigniew Ogonowski, Ryszard Kopacz, Stefan D\u0105browski, Witold Pu\u015bcion, Henryk Ga\u0142\u0105zka. <\/em><\/p>\n<p><em>Funkcje naczelnika pe\u0142nili: Stefan D\u0105browski, Ryszard Decyk, Stefan Pu\u015bcion, Ryszard W\u00f3jcik, J\u00f3zef Wielgat, Henryk Ga\u0142\u0105zka, Waldemar Decyk i Kamil Pu\u015bcion.<\/em><\/p>\n<p><strong>C\u00f3\u017c, to by by\u0142o wszystko o OSP Zalesie<\/strong> \u2013 oczywi\u015bcie w og\u00f3lnym zarysie. Robi\u0105 du\u017co i od wielu lat \u2013 brawo druhowie! \u017byczymy dalszych sukces\u00f3w i tak dynamicznego rozwoju na dalsze co najmniej 70 lat.<\/p>\n<p><strong>Uroczysto\u015b\u0107 urodzinowa te\u017c by\u0142 \u015bwietna, wiele atrakcji, pogoda super i zapewne zako\u0144czy\u0142a si\u0119 dopiero o zmroku, o co postara\u0142a si\u0119 gwiazda muzyki rozrywkowej Zesp\u00f3\u0142 \u201eSami Swoi\u201d, prezentuj\u0105cy ze sceny przeboje dyskotekowe.<\/strong><\/p>\n<p><a href=\"https:\/\/photos.app.goo.gl\/dezVGo3SED5bsJpb7\" target=\"_blank\" rel=\"noopener noreferrer\"><span style=\"color: #0000ff;\"><strong>Zdj\u0119cia w galerii Google&gt;&gt;&gt;<\/strong><\/span><\/a><\/p>\n<p><strong>Tekst\/foto:<\/strong> S\u0142awek Chyli\u0144ski<\/p>\n","protected":false},"excerpt":{"rendered":"<p>30 lipca swoje siedemdziesi\u0105te urodziny obchodzi\u0142a Jednostka Ochotniczej Stra\u017cy Po\u017carnej z Zalesia.<\/p>\n","protected":false},"author":1,"featured_media":0,"comment_status":"closed","ping_status":"closed","sticky":false,"template":"","format":"standard","meta":{"footnotes":""},"categories":[5,2394,4,267],"tags":[2513,1528],"class_list":["post-16372","post","type-post","status-publish","format-standard","hentry","category-newsy","category-osp-zalesie","category-policja-straz-pozarna-pogotowie-ratunkowe","category-straz-pozarna-policja-straz-pozarna-pogotowie-ratunkowe","tag-70-lecie-osp-zalesie","tag-osp-zalesie"],"views":3676,"_links":{"self":[{"href":"http:\/\/info.sadowne.pl\/index.php?rest_route=\/wp\/v2\/posts\/16372","targetHints":{"allow":["GET"]}}],"collection":[{"href":"http:\/\/info.sadowne.pl\/index.php?rest_route=\/wp\/v2\/posts"}],"about":[{"href":"http:\/\/info.sadowne.pl\/index.php?rest_route=\/wp\/v2\/types\/post"}],"author":[{"embeddable":true,"href":"http:\/\/info.sadowne.pl\/index.php?rest_route=\/wp\/v2\/users\/1"}],"replies":[{"embeddable":true,"href":"http:\/\/info.sadowne.pl\/index.php?rest_route=%2Fwp%2Fv2%2Fcomments&post=16372"}],"version-history":[{"count":2,"href":"http:\/\/info.sadowne.pl\/index.php?rest_route=\/wp\/v2\/posts\/16372\/revisions"}],"predecessor-version":[{"id":23112,"href":"http:\/\/info.sadowne.pl\/index.php?rest_route=\/wp\/v2\/posts\/16372\/revisions\/23112"}],"wp:attachment":[{"href":"http:\/\/info.sadowne.pl\/index.php?rest_route=%2Fwp%2Fv2%2Fmedia&parent=16372"}],"wp:term":[{"taxonomy":"category","embeddable":true,"href":"http:\/\/info.sadowne.pl\/index.php?rest_route=%2Fwp%2Fv2%2Fcategories&post=16372"},{"taxonomy":"post_tag","embeddable":true,"href":"http:\/\/info.sadowne.pl\/index.php?rest_route=%2Fwp%2Fv2%2Ftags&post=16372"}],"curies":[{"name":"wp","href":"https:\/\/api.w.org\/{rel}","templated":true}]}}