{"id":16679,"date":"2017-09-05T18:21:58","date_gmt":"2017-09-05T16:21:58","guid":{"rendered":"http:\/\/info.sadowne.pl\/?p=16679"},"modified":"2020-04-24T13:02:00","modified_gmt":"2020-04-24T11:02:00","slug":"wesele-w-bibliotece","status":"publish","type":"post","link":"http:\/\/info.sadowne.pl\/?p=16679","title":{"rendered":"\u201eWesele\u201d w Bibliotece"},"content":{"rendered":"<p><strong><img loading=\"lazy\" decoding=\"async\" class=\"alignleft size-thumbnail wp-image-16680\" src=\"http:\/\/info.sadowne.pl\/wp-content\/uploads\/2017\/09\/2017.09.05.1-180x130.jpg\" alt=\"\" width=\"180\" height=\"130\" \/>Podczas sz\u00f3stej edycji akcji p.n. \u201eNarodowe Czytanie\u201d w ca\u0142ej Polsce prezentowano fragmenty \u201eWesela\u201d. 5 wrze\u015bnia w Sadownem w role bohater\u00f3w dramatu Wyspia\u0144skiego wcielili si\u0119 Pa\u0144stwo Cyranowie.<\/strong><!--more--><\/p>\n<p><em>\u201eNarodowe Czytanie\u201d jest akcj\u0105 promuj\u0105c\u0105 znajomo\u015b\u0107 literatury narodowej, a obszerne fragmenty wybranych dzie\u0142 odczytywane s\u0105 publicznie. Od 2012 roku mieli\u015bmy okazj\u0119 \u201espotka\u0107 si\u0119\u201d z \u201ePanem Tadeuszem\u201d Adama Mickiewicza, dzie\u0142ami Aleksandra Fredry, \u201eTrylogi\u0105\u201d Sienkiewicza, \u201eLalk\u0105\u201d Boles\u0142awa Prusa i sienkiewiczowskim \u201eQuo vadis\u201d. Rok 2017 nale\u017ca\u0142 do Stanis\u0142awa Wyspia\u0144skiego i jego dramatu w trzech aktach \u2013 \u201eWesela\u201d.<\/em><\/p>\n<p><em>Utw\u00f3r przedstawia autentyczne wydarzenie \u2013 wesele poety Lucjana Rydla z ch\u0142opk\u0105 Jadwig\u0105 Miko\u0142ajczyk\u00f3wn\u0105, a mia\u0142o ono miejsce w 1900 roku. Samo wesele odbywa\u0142o si\u0119 w podkrakowskiej wsi Bronowice. Dramat natomiast przedstawia sytuacj\u0119 duchow\u0105 narodu polskiego w okresie rozbior\u00f3w i walki niepodleg\u0142o\u015bciowej, kt\u00f3ra \u2013 tak, jak w tym dramacie \u2013 nie zawsze \u0142\u0105czy\u0142a zamierzenia z ich realizacj\u0105.<\/em><\/p>\n<p>Do og\u00f3lnopolskiej akcji p.n. \u201eNarodowe Czytanie\u201d ka\u017cdego roku w\u0142\u0105cza si\u0119 r\u00f3wnie\u017c Gminna Biblioteka Publiczna w Sadownem \u2013 tak by\u0142o i w roku 2017. Popo\u0142udniem 5 wrze\u015bnia, podczas \u201espotkania z ksi\u0105\u017ck\u0105\u201d w budynku GOK w Sadownem zainteresowanych literatur\u0105 narodow\u0105 powita\u0142a i wprowadzi\u0142a w zagadnienie p. Ewa Pi\u00f3rkowska, a p. Magda Zy\u015bk zaprezentowa\u0142a nastrojowy wiersz. Nast\u0119pnie, w scenerii z epoki, w rol\u0119 bohater\u00f3w dramatu Wyspia\u0144skiego wcielili si\u0119: W\u00f3jt Gminy Sadowne p. Waldemar Cyran oraz jego ma\u0142\u017conka p. Katarzyna Cyran. Tre\u015b\u0107 prezentowanych scen i spos\u00f3b ich przekazania poch\u0142on\u0119\u0142y s\u0142uchaczy, kt\u00f3rzy w podzi\u0119kowaniu nagrodzili czytaj\u0105cych g\u0142o\u015bnymi brawami.<\/p>\n<p>Wszyscy, kt\u00f3rzy posiadali przy sobie prywatne egzemplarze \u201eWesela\u201d mogli na ich stronach umie\u015bci\u0107 odcisk symbolizuj\u0105cy akcj\u0119 \u201eNarodowe Czytanie\u201d, a spotkanie z literatur\u0105 zako\u0144czy\u0142o si\u0119 symbolicznie &#8211; pod has\u0142em \u201eJak wesele, to wesele\u201d, ale tylko wsp\u00f3lnymi rozmowami i kaw\u0105 oraz ciastkiem.<\/p>\n<p><a href=\"https:\/\/photos.app.goo.gl\/VVgFzktSFx6ZxJdy5\" target=\"_blank\" rel=\"noopener noreferrer\"><span style=\"color: #0000ff;\"><strong>Zdj\u0119cia w galerii Google&gt;&gt;&gt;<\/strong><\/span><\/a><\/p>\n<p><strong>Tekst\/foto:<\/strong> S\u0142awek Chyli\u0144ski<\/p>\n","protected":false},"excerpt":{"rendered":"<p>Podczas sz\u00f3stej edycji akcji p.n. \u201eNarodowe Czytanie\u201d w ca\u0142ej Polsce prezentowano fragmenty \u201eWesela\u201d. 5 wrze\u015bnia w Sadownem w role bohater\u00f3w dramatu Wyspia\u0144skiego wcielili si\u0119 Pa\u0144stwo Cyranowie.<\/p>\n","protected":false},"author":1,"featured_media":0,"comment_status":"closed","ping_status":"closed","sticky":false,"template":"","format":"standard","meta":{"footnotes":""},"categories":[5,2149,6],"tags":[113,2552,2548,1033],"class_list":["post-16679","post","type-post","status-publish","format-standard","hentry","category-newsy","category-gminna-biblioteka-publiczna","category-kultura-rozrywka-edukacja","tag-gminna-biblioteka-publiczna-w-sadownem","tag-katarzyna-cyran","tag-narodowe-czytanie-2017","tag-waldemar-cyran"],"views":2806,"_links":{"self":[{"href":"http:\/\/info.sadowne.pl\/index.php?rest_route=\/wp\/v2\/posts\/16679","targetHints":{"allow":["GET"]}}],"collection":[{"href":"http:\/\/info.sadowne.pl\/index.php?rest_route=\/wp\/v2\/posts"}],"about":[{"href":"http:\/\/info.sadowne.pl\/index.php?rest_route=\/wp\/v2\/types\/post"}],"author":[{"embeddable":true,"href":"http:\/\/info.sadowne.pl\/index.php?rest_route=\/wp\/v2\/users\/1"}],"replies":[{"embeddable":true,"href":"http:\/\/info.sadowne.pl\/index.php?rest_route=%2Fwp%2Fv2%2Fcomments&post=16679"}],"version-history":[{"count":4,"href":"http:\/\/info.sadowne.pl\/index.php?rest_route=\/wp\/v2\/posts\/16679\/revisions"}],"predecessor-version":[{"id":23100,"href":"http:\/\/info.sadowne.pl\/index.php?rest_route=\/wp\/v2\/posts\/16679\/revisions\/23100"}],"wp:attachment":[{"href":"http:\/\/info.sadowne.pl\/index.php?rest_route=%2Fwp%2Fv2%2Fmedia&parent=16679"}],"wp:term":[{"taxonomy":"category","embeddable":true,"href":"http:\/\/info.sadowne.pl\/index.php?rest_route=%2Fwp%2Fv2%2Fcategories&post=16679"},{"taxonomy":"post_tag","embeddable":true,"href":"http:\/\/info.sadowne.pl\/index.php?rest_route=%2Fwp%2Fv2%2Ftags&post=16679"}],"curies":[{"name":"wp","href":"https:\/\/api.w.org\/{rel}","templated":true}]}}