{"id":16755,"date":"2017-09-18T20:27:26","date_gmt":"2017-09-18T18:27:26","guid":{"rendered":"http:\/\/info.sadowne.pl\/?p=16755"},"modified":"2020-04-24T12:36:06","modified_gmt":"2020-04-24T10:36:06","slug":"wernisaz-pleneru-malarskiego","status":"publish","type":"post","link":"http:\/\/info.sadowne.pl\/?p=16755","title":{"rendered":"Wernisa\u017c Pleneru Malarskiego"},"content":{"rendered":"<p><strong><img loading=\"lazy\" decoding=\"async\" class=\"alignleft size-thumbnail wp-image-16756\" src=\"http:\/\/info.sadowne.pl\/wp-content\/uploads\/2017\/09\/2017.09.18.5-180x130.jpg\" alt=\"\" width=\"180\" height=\"130\" \/>W tym roku to ju\u017c 17-ty Plener Malarski w Sadownem. 18 wrze\u015bnia w Gminnym O\u015brodku Kultury odby\u0142 si\u0119 wernisa\u017c poplenerowy.<\/strong><!--more--><\/p>\n<p>XVII Plener Malarski Artyst\u00f3w Plastyk\u00f3w w Sadownem jeszcze trwa. Zaplanowano, i\u017c odb\u0119dzie si\u0119 w terminie od 10 do 20 wrze\u015bnia, a na wernisa\u017c poplenerowy arty\u015bci zaprosili mieszka\u0144c\u00f3w Sadownego na poniedzia\u0142kowe popo\u0142udnie 18 wrze\u015bnia. Jak zawsze podczas imprez odbywaj\u0105cych si\u0119 w Gminnym O\u015brodku Kultury w Sadownem i tym razem zainteresowanie tw\u00f3rczo\u015bci\u0105 artystyczn\u0105 by\u0142o du\u017ce.<\/p>\n<p>Podczas otwarcia wernisa\u017cu pad\u0142y s\u0142owa podzi\u0119kowania zar\u00f3wno ze strony artyst\u00f3w, w imieniu kt\u00f3rych zabra\u0142a g\u0142os komisarz Pleneru p. Wanda Falencik-Masznicz, jak i przedstawicieli Naszej Gminy, opiekun\u00f3w i wsp\u00f3\u0142organizator\u00f3w Pleneru: p. Waldemara Cyrana \u2013 W\u00f3jta Gminy Sadowne i p. Ewy Pi\u00f3rkowskiej \u2013 Dyrektora Gminnego O\u015brodka Kultury. Deklarowano r\u00f3wnie\u017c kontynuacj\u0119 organizowania w kolejnych latach Pleneru, kt\u00f3ry pozytywnie wp\u0142ywa na promocj\u0119 Gminy Sadowne, a jednocze\u015bnie umo\u017cliwia naszym mieszka\u0144com bezpo\u015bredni kontakt ze sztuk\u0105 i jej wybitnymi tw\u00f3rcami.<\/p>\n<p>W tym roku arty\u015bci w czasie ca\u0142ego Pleneru go\u015bcili u Pa\u0144stwa Iwony i Piotra Olkowskich w Gospodarstwie Agroturystycznym \u201ePrzy lesie\u201d w m. Oci\u0119te i ju\u017c deklaruj\u0105 powr\u00f3t w to miejsce. Zobaczymy jak b\u0119dzie za rok.<\/p>\n<p>A podczas uroczystego wernisa\u017cu, kt\u00f3ry odby\u0142 si\u0119 popo\u0142udniem 18 wrze\u015bnia mo\u017cna by\u0142o obejrze\u0107 efekty kilkudniowej pracy artyst\u00f3w, w tym obrazy malowane r\u00f3\u017cn\u0105 technik\u0105, ikony, porcelan\u0119 r\u0119cznie malowan\u0105, wycinanki i zdj\u0119cia. Zwiedzaj\u0105cy wystaw\u0119 byli pe\u0142ni podziwu dla pomys\u0142owo\u015bci tw\u00f3rc\u00f3w i jako\u015bci prezentowanych prac. Przypomnijmy tylko, \u017ce w tym roku w Plenerze uczestniczy\u0142o o\u015bmioro artyst\u00f3w. Oto oni:<\/p>\n<p><strong><img loading=\"lazy\" decoding=\"async\" class=\"alignleft size-full wp-image-16757\" src=\"http:\/\/info.sadowne.pl\/wp-content\/uploads\/2017\/09\/2017.09.18.11.jpg\" alt=\"\" width=\"305\" height=\"204\" srcset=\"http:\/\/info.sadowne.pl\/wp-content\/uploads\/2017\/09\/2017.09.18.11.jpg 305w, http:\/\/info.sadowne.pl\/wp-content\/uploads\/2017\/09\/2017.09.18.11-300x201.jpg 300w\" sizes=\"auto, (max-width: 305px) 100vw, 305px\" \/>Wanda Falencik-Masznicz<\/strong><\/p>\n<p>Urodzi\u0142a si\u0119 10.08.1945 r. w B\u0142\u0119dowie na Mazowszu. Uko\u0144czy\u0142a Pa\u0144stwowe Liceum Sztuk Plastycznych w Bydgoszczy na Wydziale Malarstwa i Grafiki oraz Akademi\u0119 Sztuk Pi\u0119knych w Warszawie. Organizuje cykliczne wystawy pt. \u201eW kr\u0119gu polskich rocznic\u201d w Domu Kultury \u201eStok\u0142osy\u201d na warszawskim Ursynowie w ramach Ursynowskiego Stowarzyszenia Artyst\u00f3w Plastyk\u00f3w, kt\u00f3rego jest pomys\u0142odawc\u0105 i za\u0142o\u017cycielem. Nale\u017cy do Ludowego Towarzystwa Naukowo \u2013 Kulturalnego, Towarzystwa Zach\u0119ty Sztuk Pi\u0119knych, Zwi\u0105zku Polskich Artyst\u00f3w Plastyk\u00f3w, gdzie pe\u0142ni funkcj\u0119 Sekretarza w Zarz\u0105dzie Sekcji Malarstwa Okr\u0119gu Warszawskiego oraz jest cz\u0142onkiem Rady Artystycznej. Komisarz pleneru po raz 11. Na plenerze w Sadownem po raz 13.<\/p>\n<p><strong><img loading=\"lazy\" decoding=\"async\" class=\"alignright size-full wp-image-16758\" src=\"http:\/\/info.sadowne.pl\/wp-content\/uploads\/2017\/09\/2017.09.18.12.jpg\" alt=\"\" width=\"291\" height=\"238\" \/>Romana Freudenreich &#8211; \u015alubowska<\/strong><\/p>\n<p>Wielkopolanka, urodzona jednak w Ma\u0142opolsce. Studiowa\u0142a w ASP w Warszawie. Dyplom u prof. J\u00f3zefa Mroszczaka- specjalno\u015b\u0107 projektowanie graficzne, malarstwo w pracowni Jerzego Tch\u00f3rzewskiego. Po dyplomie tw\u00f3rcza praca w Wydawnictwie Komunikacji i \u0141\u0105czno\u015bci, a nast\u0119pnie przez 30 lat w Wydawnictwie Rolniczym i Le\u015bnym na stanowisku grafika komputerowego, ksi\u0105\u017ckowego i typografa. Projektantka obwolut ok\u0142adek i uk\u0142ad\u00f3w graficznych ksi\u0105\u017cek. Uczestniczy\u0142a w konkursach na najlepiej wydan\u0105 Ksi\u0105\u017ck\u0119 Roku. Pochodzi z wysoko ocenianej rodziny artystycznej, czynnie zajmuj\u0105cej si\u0119 grafik\u0105 i malarstwem. Na plenerze w Sadownem po raz 11.<\/p>\n<p><strong><img loading=\"lazy\" decoding=\"async\" class=\"alignleft size-full wp-image-16759\" src=\"http:\/\/info.sadowne.pl\/wp-content\/uploads\/2017\/09\/2017.09.18.13.jpg\" alt=\"\" width=\"304\" height=\"203\" srcset=\"http:\/\/info.sadowne.pl\/wp-content\/uploads\/2017\/09\/2017.09.18.13.jpg 304w, http:\/\/info.sadowne.pl\/wp-content\/uploads\/2017\/09\/2017.09.18.13-300x200.jpg 300w\" sizes=\"auto, (max-width: 304px) 100vw, 304px\" \/>Danuta Rasi\u0144ska <\/strong><\/p>\n<p>Rodowita Wo\u0142ominianka. Maluje od 1992 r. Od kilku lat jej pasj\u0105 sta\u0142o si\u0119 malowanie na porcelanie. Jej mentork\u0105 i nauczycielk\u0105 by\u0142a uczestniczka wielu sadowie\u0144skich plener\u00f3w art. plast. p. Danuta Mitraszewska, kt\u00f3ra zmar\u0142a dwa lata temu. Spod r\u0119ki Danusi wychodz\u0105 cude\u0144ka, kt\u00f3re ciesz\u0105 oko os\u00f3b, kt\u00f3re je ogl\u0105daj\u0105. Bra\u0142a udzia\u0142 w wielu wystawach w Wo\u0142ominie i poplenerowych w Kuligowie i Chrz\u0119snem . Prowadzi warsztaty z malarstwa na porcelanie \u2013 wsp\u00f3\u0142pracuje w tym zakresie z Domem Kultury w Jadowie, D\u0105br\u00f3wce, Skansenem w Kuligowie i O\u015brodkiem Dokumentacji Etnograficznej w Wo\u0142ominie. Jej prace znajduj\u0105 si\u0119 w zbiorach prywatnych w kraju i za granic\u0105: w USA, w Kanadzie, w Austrii, w Australii i we Francji. Na plenerze po raz 4.<\/p>\n<p><strong><img loading=\"lazy\" decoding=\"async\" class=\"alignright size-full wp-image-16760\" src=\"http:\/\/info.sadowne.pl\/wp-content\/uploads\/2017\/09\/2017.09.18.14.jpg\" alt=\"\" width=\"289\" height=\"193\" \/>Krystyna Sommer <\/strong><\/p>\n<p>Urodzona we W\u0142oc\u0142awku. Uko\u0144czy\u0142a Pa\u0144stwowe Liceum Sztuk Plastycznych w Warszawie, studiowa\u0142a na uniwersytecie im. Miko\u0142aja Kopernika w Toruniu, na Wydziale Konserwacji Dzie\u0142 Sztuki. Kontynuowa\u0142a studia na ASP w Warszawie, na Wydziale Konserwacji, dyplom u prof. Bogdana Marconi`ego. Pracowa\u0142a w zespo\u0142ach przy konserwacji i rekonstrukcji: Pa\u0142acu w \u0141azienkach, Starego Miasta oraz licznych zabytkowych wn\u0119trz na terenie Polski. Przez 13 lat zwi\u0105zana z Akademi\u0105 Sztuk Pi\u0119knych w Warszawie, na Wydziale Konserwacji Malarstwa i Rze\u017aby Drewnianej jako pedagog. Na plenerze w Sadownem po raz 6.<\/p>\n<p><strong><img loading=\"lazy\" decoding=\"async\" class=\"alignleft size-full wp-image-16761\" src=\"http:\/\/info.sadowne.pl\/wp-content\/uploads\/2017\/09\/2017.09.18.15.jpg\" alt=\"\" width=\"276\" height=\"213\" \/>Gabriela Czarnecka <\/strong><\/p>\n<p>Urodzi\u0142a si\u0119 kilka lat po wojnie we Wroc\u0142awiu. Wycinank\u0105 zaj\u0119\u0142a si\u0119 ju\u017c w szkole podstawowej i ta pasja trwa do dzisiaj. W swoich pracach wzorowa\u0142a si\u0119 na wycinance \u0142owickiej i kurpiowskiej. Przez lata pracy stworzy\u0142a jednak w\u0142asn\u0105 technik\u0119 wycinanki. Od 1994 zaj\u0119\u0142a si\u0119 malarstwem. Preferuje technik\u0119 suchy pastel i olej. Maluje martw\u0105 natur\u0119, pejza\u017ce, kwiaty oraz obrazy marynistyczne. Jest wice prezesem Podkarpackiego Oddzia\u0142u Stowarzyszenia Marynist\u00f3w Polskich w Rzeszowie. Dzia\u0142a te\u017c w Stowarzyszeniu Forum Biznesu Nauki i Kultury w Wo\u0142ominie. Bra\u0142a udzia\u0142 w licznych Plenerach malarskich i wystawach indywidualnych i poplenerowych w wielu miastach w Polsce. Na plenerze w Sadownem po raz 3.<\/p>\n<p><strong><img loading=\"lazy\" decoding=\"async\" class=\"alignright size-full wp-image-16762\" src=\"http:\/\/info.sadowne.pl\/wp-content\/uploads\/2017\/09\/2017.09.18.16.jpg\" alt=\"\" width=\"238\" height=\"212\" \/>Regina Balinow <\/strong><\/p>\n<p>Urodzona w 1946 r. w Hannover \/Niemcy\/ gdzie jej rodzina wywieziona by\u0142a na roboty przez okupanta niemieckiego. W 1973 r. uko\u0144czy\u0142a w \u0141odzi Politechnik\u0119 \u2013 Wydzia\u0142 Budownictwa L\u0105dowego. W swoim dorobku zawodowym ma udzia\u0142 w realizacji obiekt\u00f3w u\u017cyteczno\u015bci publicznej w Warszawie. Na przyk\u0142ad: Centrum Zdrowia Dziecka, Hotel Poselski, Szpital na Br\u00f3dnie, siedziba TVN. Malarstwem zajmuje si\u0119 od kilku lat, rozwijaj\u0105c swoje umiej\u0119tno\u015bci pod kierunkiem warszawskiego malarza, artysty plastyka Macieja Milewskiego. Bierze udzia\u0142 w licznych plenerach i wystawach poplenerowych w kraju. Cz\u0142onek Ludowego Towarzystwa Naukowo \u2013 Kulturalnego. Na plenerze w Sadownem po raz 7.<\/p>\n<p>&nbsp;<\/p>\n<p><strong><img loading=\"lazy\" decoding=\"async\" class=\"alignleft size-full wp-image-16763\" src=\"http:\/\/info.sadowne.pl\/wp-content\/uploads\/2017\/09\/2017.09.18.17.jpg\" alt=\"\" width=\"259\" height=\"311\" srcset=\"http:\/\/info.sadowne.pl\/wp-content\/uploads\/2017\/09\/2017.09.18.17.jpg 259w, http:\/\/info.sadowne.pl\/wp-content\/uploads\/2017\/09\/2017.09.18.17-250x300.jpg 250w\" sizes=\"auto, (max-width: 259px) 100vw, 259px\" \/>Mieczys\u0142aw Bugnacki <\/strong><\/p>\n<p>Urodzi\u0142 si\u0119 w 1963 r. Mieszka w Ma\u0142kini G\u00f3rnej. Interesuje si\u0119 fotografi\u0105, malarstwem, rze\u017ab\u0105. Jest autorem trzech wystaw fotograficznych. By\u0142 uczestnikiem III Pleneru malarsko \u2013 fotograficznego w Chrz\u0119snem. Otrzyma\u0142 liczne wyr\u00f3\u017cnienia za swoje fotografie w miesi\u0119cznikach fotograficznych. Na plenerze w Sadownem po raz 1.<\/p>\n<p><strong><img loading=\"lazy\" decoding=\"async\" class=\"alignright size-full wp-image-16764\" src=\"http:\/\/info.sadowne.pl\/wp-content\/uploads\/2017\/09\/2017.09.18.18.jpg\" alt=\"\" width=\"237\" height=\"304\" srcset=\"http:\/\/info.sadowne.pl\/wp-content\/uploads\/2017\/09\/2017.09.18.18.jpg 237w, http:\/\/info.sadowne.pl\/wp-content\/uploads\/2017\/09\/2017.09.18.18-234x300.jpg 234w\" sizes=\"auto, (max-width: 237px) 100vw, 237px\" \/>Teresa Urbanowska <\/strong><\/p>\n<p>Pracuje jako dziennikarz w lokalnych mediach, gdzie pisze o \u017cyciu spo\u0142ecznym, samorz\u0105dowym i kulturalnym mieszka\u0144c\u00f3w powiatu wo\u0142omi\u0144skiego. Jest autork\u0105 publikacji o atrakcjach przyrodniczych, architektonicznych i historycznych obszaru LGD RW. Od 2007 roku jest cz\u0142onkiem za\u0142o\u017cycielem Stowarzyszenia Mazowieckie Forum Biznesu Nauki i Kultury w Wo\u0142ominie. Od 2015 roku pomys\u0142odawczyni i organizatorka we wsp\u00f3\u0142pracy z Powiatem Wo\u0142omi\u0144skim Og\u00f3lnopolskich Plener\u00f3w Malarsko-Fotograficznych w Chrz\u0119snem. Od zawsze szyde\u0142kuje &#8211; w tej technice wykona\u0142a wiele prac, za\u015b od 2014 roku zajmuje si\u0119 r\u00f3wnie\u017c m.in. pisaniem ikon. Od wielu lat wszystkie swoje prace artystyczne rozdaje w prezencie najbli\u017cszym: przyjacio\u0142om, znajomym i rodzinie. Na plenerze w Sadownem po raz 1.<\/p>\n<p><strong>Wystaw\u0119 prac uczestnik\u00f3w Pleneru mo\u017cna ogl\u0105da\u0107 jeszcze 19 wrze\u015bnia w Gminnym O\u015brodku Kultury w Sadownem. Zapraszamy wszystkich zainteresowanych!<\/strong><\/p>\n<p><a href=\"https:\/\/photos.app.goo.gl\/6fZ76pZ6KjV3Ku7AA\" target=\"_blank\" rel=\"noopener noreferrer\"><span style=\"color: #0000ff;\"><strong>Zdj\u0119cia w galerii Google&gt;&gt;&gt;<\/strong><\/span><\/a><\/p>\n<p><strong>Tekst\/foto:<\/strong> S\u0142awek Chyli\u0144ski<\/p>\n<p>&nbsp;<\/p>\n","protected":false},"excerpt":{"rendered":"<p>W tym roku to ju\u017c 17-ty Plener Malarski w Sadownem. 18 wrze\u015bnia w Gminnym O\u015brodku Kultury odby\u0142 si\u0119 wernisa\u017c poplenerowy.<\/p>\n","protected":false},"author":1,"featured_media":0,"comment_status":"closed","ping_status":"closed","sticky":false,"template":"","format":"standard","meta":{"footnotes":""},"categories":[5,91,6],"tags":[169,2557],"class_list":["post-16755","post","type-post","status-publish","format-standard","hentry","category-newsy","category-gminny-osrodek-kultury","category-kultura-rozrywka-edukacja","tag-gminny-osrodek-kultury-w-sadownem","tag-xvii-plener-malarski-w-sadownem"],"views":3381,"_links":{"self":[{"href":"http:\/\/info.sadowne.pl\/index.php?rest_route=\/wp\/v2\/posts\/16755","targetHints":{"allow":["GET"]}}],"collection":[{"href":"http:\/\/info.sadowne.pl\/index.php?rest_route=\/wp\/v2\/posts"}],"about":[{"href":"http:\/\/info.sadowne.pl\/index.php?rest_route=\/wp\/v2\/types\/post"}],"author":[{"embeddable":true,"href":"http:\/\/info.sadowne.pl\/index.php?rest_route=\/wp\/v2\/users\/1"}],"replies":[{"embeddable":true,"href":"http:\/\/info.sadowne.pl\/index.php?rest_route=%2Fwp%2Fv2%2Fcomments&post=16755"}],"version-history":[{"count":2,"href":"http:\/\/info.sadowne.pl\/index.php?rest_route=\/wp\/v2\/posts\/16755\/revisions"}],"predecessor-version":[{"id":23094,"href":"http:\/\/info.sadowne.pl\/index.php?rest_route=\/wp\/v2\/posts\/16755\/revisions\/23094"}],"wp:attachment":[{"href":"http:\/\/info.sadowne.pl\/index.php?rest_route=%2Fwp%2Fv2%2Fmedia&parent=16755"}],"wp:term":[{"taxonomy":"category","embeddable":true,"href":"http:\/\/info.sadowne.pl\/index.php?rest_route=%2Fwp%2Fv2%2Fcategories&post=16755"},{"taxonomy":"post_tag","embeddable":true,"href":"http:\/\/info.sadowne.pl\/index.php?rest_route=%2Fwp%2Fv2%2Ftags&post=16755"}],"curies":[{"name":"wp","href":"https:\/\/api.w.org\/{rel}","templated":true}]}}