{"id":16804,"date":"2017-09-28T16:54:27","date_gmt":"2017-09-28T14:54:27","guid":{"rendered":"http:\/\/info.sadowne.pl\/?p=16804"},"modified":"2017-09-28T16:54:27","modified_gmt":"2017-09-28T14:54:27","slug":"sadowianki-brok-3","status":"publish","type":"post","link":"http:\/\/info.sadowne.pl\/?p=16804","title":{"rendered":"Sadowianki &#8211; Brok"},"content":{"rendered":"<p><strong><img loading=\"lazy\" decoding=\"async\" class=\"alignleft size-thumbnail wp-image-16608\" src=\"http:\/\/info.sadowne.pl\/wp-content\/uploads\/2017\/08\/sad356-180x130.jpg\" alt=\"\" width=\"180\" height=\"130\" \/>BROK &#8211; 3 lipca 2016.<\/strong><!--more--><\/p>\n<p>W\u00a0 pierwszy weekend lipca, na pla\u017cy miejskiej w Broku odby\u0142o si\u0119 doroczne \u015awi\u0119to Miasta i Gminy Brok. Dni Broku sta\u0142y si\u0119 ju\u017c dla mieszka\u0144c\u00f3w i przybywaj\u0105cych turyst\u00f3w tradycj\u0105.<br \/>\nPrzyjazna atmosfera, pi\u0119kny krajobraz z widokiem na rzek\u0119 Bug oraz otoczenie zieleni powoduj\u0105, \u017ce z roku na rok na Dni Miasta przyje\u017cd\u017ca tysi\u0105ce uczestnik\u00f3w.<br \/>\nMn\u00f3stwo atrakcji oraz koncerty znanych zespo\u0142\u00f3w sprawiaj\u0105, \u017ce ka\u017cdy znajduje co\u015b dla siebie, a pla\u017ca miejska stwarza idealne miejsce do wsp\u00f3lnego \u015bwi\u0119towania.<\/p>\n<p>Tradycyjnie ju\u017c na scenie odby\u0142 si\u0119 przegl\u0105d muzyki ludowej i biesiadnej, podczas kt\u00f3rego zaprezentowa\u0142y sw\u00f3j repertuar zespo\u0142y: Lubek ze Starego Lubiejewa, Retro Band z Ostrowi Mazowieckiej, BezWianka z Ostrowi Mazowieckiej, <strong>Sadowianki z Sadownego<\/strong>, Ma\u0142kinianka z Ma\u0142kini, Oberek z Wyszkowa oraz brokowski Zesp\u00f3\u0142 Jarz\u0119bina umilaj\u0105c czas\u00a0wszystkim tym, kt\u00f3rzy s\u0142oneczne popo\u0142udnie postanowili sp\u0119dzi\u0107 na pla\u017cy miejskiej. Znane utwory ludowe \u015bpiewali nie tylko wykonawcy, ale te\u017c publiczno\u015b\u0107, kt\u00f3rej wyst\u0119py przypad\u0142y bardzo do gustu.<br \/>\n<img loading=\"lazy\" decoding=\"async\" class=\"aligncenter size-full wp-image-16805\" src=\"http:\/\/info.sadowne.pl\/wp-content\/uploads\/2017\/09\/sad357.jpg\" alt=\"\" width=\"556\" height=\"288\" srcset=\"http:\/\/info.sadowne.pl\/wp-content\/uploads\/2017\/09\/sad357.jpg 556w, http:\/\/info.sadowne.pl\/wp-content\/uploads\/2017\/09\/sad357-300x155.jpg 300w\" sizes=\"auto, (max-width: 556px) 100vw, 556px\" \/><\/p>\n<p>Wszyscy zgromadzeni bawili si\u0119 wy\u015bmienicie, a sprzyja\u0142a temu fantastyczna pogoda oraz bogaty program wype\u0142niony r\u00f3\u017cnorodnym repertuarem programowym.<\/p>\n<p><strong>SADOWNE &#8211;\u00a0<\/strong><strong>9 lipca 2016 &#8211; Jubileusz Ma\u0142\u017ce\u0144stw.<\/strong><\/p>\n<p><span style=\"color: #3366ff;\"><strong>P\u00f3\u0142 wieku temu stan\u0119li na \u015blubnym kobiercu\u2026<\/strong><\/span><\/p>\n<p>Uroczysto\u015b\u0107 specjalnie dla naszych Jubilat\u00f3w przygotowa\u0142\u00a0 sadowie\u0144ski Urz\u0105d Stanu Cywilnego, a poprzedzi\u0142a j\u0105 msza \u015bw. w ich intencji, odprawiona w naszym ko\u015bciele parafialnym.<\/p>\n<p>Podczas uroczystego spotkania \u00a0w Restauracji Za\u015bcianek Nowy Styl w Sadownem, w imieniu Prezydenta RP Andrzeja Dudy medale wr\u0119czy\u0142 ma\u0142\u017conkom W\u00f3jt Gminy Sadowne p. Waldemar Cyran w asy\u015bcie przedstawicieli Urz\u0119du Gminy i Rady Gminy Sadowne.<\/p>\n<p>Na uroczysto\u015b\u0107 wr\u0119czenia takich medali zaproszonych zosta\u0142o 15 par ma\u0142\u017ce\u0144skich z Gminy Sadowne.<\/p>\n<p><strong><img loading=\"lazy\" decoding=\"async\" class=\"aligncenter size-full wp-image-16806\" src=\"http:\/\/info.sadowne.pl\/wp-content\/uploads\/2017\/09\/sad358.jpg\" alt=\"\" width=\"575\" height=\"383\" srcset=\"http:\/\/info.sadowne.pl\/wp-content\/uploads\/2017\/09\/sad358.jpg 575w, http:\/\/info.sadowne.pl\/wp-content\/uploads\/2017\/09\/sad358-300x200.jpg 300w\" sizes=\"auto, (max-width: 575px) 100vw, 575px\" \/>\u00a0\u00a0\u00a0 <\/strong><\/p>\n<p>By\u0142y odznaczenia i kwiaty, przyszed\u0142 czas na wiersze i piosenki, kt\u00f3rymi zesp\u00f3\u0142 SADOWIANKI wyrazi\u0142 wspania\u0142ym Jubilatom najszczersze \u017cyczenia.<\/p>\n<p><span style=\"color: #3366ff;\"><strong>,,ZESP\u00d3\u0141 SADOWIANKI <\/strong><strong>W DNIU WASZEJ ROCZNICY \u015aLUBU PRAGNIE \u017bYCZY\u0106 WAM JESZCZE WIELU WSPANIA\u0141YCH CHWIL, KT\u00d3RE S\u0104 WARTE, BY OCALI\u0106 JE OD ZAPOMNIENIA.\u201d<\/strong><\/span><\/p>\n<p><strong>\u00a0<img loading=\"lazy\" decoding=\"async\" class=\"aligncenter size-full wp-image-16807\" src=\"http:\/\/info.sadowne.pl\/wp-content\/uploads\/2017\/09\/sad359.jpg\" alt=\"\" width=\"575\" height=\"383\" srcset=\"http:\/\/info.sadowne.pl\/wp-content\/uploads\/2017\/09\/sad359.jpg 575w, http:\/\/info.sadowne.pl\/wp-content\/uploads\/2017\/09\/sad359-300x200.jpg 300w\" sizes=\"auto, (max-width: 575px) 100vw, 575px\" \/><\/strong><\/p>\n<p>To jest pi\u0119kne &#8211; dwoje ludzi poznaje si\u0119, zakochuje, postanawia sp\u0119dzi\u0107 ze sob\u0105 reszt\u0119 \u017cycia. Ich wsp\u00f3lne \u017cycie to pr\u00f3ba charakter\u00f3w, to szukanie kompromis\u00f3w, to wra\u017cliwo\u015b\u0107 na drugiego cz\u0142owieka, oddanie i zaufanie.<\/p>\n<p>Pani Magdalena Samozwaniec napisa\u0142a fraszk\u0119 na przetrwanie ma\u0142\u017ce\u0144stwa, kt\u00f3ra brzmi:<\/p>\n<p><span style=\"color: #008000;\"><strong>,,Ma\u0142\u017ce\u0144stwo w\u00f3wczas dobre i w\u0119ze\u0142 nie kruchy, gdy \u017cona \u015blepa, a za\u015b m\u0105\u017c jest g\u0142uchy\u201d.<\/strong><\/span><\/p>\n<p>S\u0105dz\u0119 jednak, \u017ce nasi Jubilaci, jako recept\u0119 na tak d\u0142ugi, udany zwi\u0105zek, z pewno\u015bci\u0105 na pierwszym miejscu wymieniliby prawdziwe, szczere uczucie, uczucie przypiecz\u0119towane przysi\u0119g\u0105.<\/p>\n<p><img loading=\"lazy\" decoding=\"async\" class=\"aligncenter size-full wp-image-16808\" src=\"http:\/\/info.sadowne.pl\/wp-content\/uploads\/2017\/09\/sad360.jpg\" alt=\"\" width=\"229\" height=\"103\" \/><\/p>\n<p><strong>SADOWNE \u2013 DO\u017bYNKI <\/strong><\/p>\n<p><strong>Gminne uroczysto\u015bci do\u017cynkowe odby\u0142y si\u0119 15 sierpnia 2016 w Sadownem.<\/strong><\/p>\n<p>O godz. 11<sup>00<\/sup>\u00a0 wie\u0144ce do\u017cynkowe \u2013\u00a0 Starostowie Do\u017cynek <strong>pa\u0144stwo Renata i Robert D\u0119bkowscy, <\/strong>przedstawiciele so\u0142ectw, <strong>zesp\u00f3\u0142 Sadowianki<\/strong> oraz zaproszeni go\u015bcie i parafianie\u2013 weszli do naszego ko\u015bcio\u0142a, gdzie odby\u0142a si\u0119 msza w intencji rolnik\u00f3w koncelebrowana <strong>przez ks. Stanis\u0142awa Wojciechowskiego i ks. Tomasza Duszkiewicza.<\/strong><\/p>\n<p><strong>\u00a0<img loading=\"lazy\" decoding=\"async\" class=\"aligncenter size-full wp-image-16809\" src=\"http:\/\/info.sadowne.pl\/wp-content\/uploads\/2017\/09\/sad361.jpg\" alt=\"\" width=\"556\" height=\"371\" srcset=\"http:\/\/info.sadowne.pl\/wp-content\/uploads\/2017\/09\/sad361.jpg 556w, http:\/\/info.sadowne.pl\/wp-content\/uploads\/2017\/09\/sad361-300x200.jpg 300w\" sizes=\"auto, (max-width: 556px) 100vw, 556px\" \/><\/strong><\/p>\n<p><img loading=\"lazy\" decoding=\"async\" class=\"aligncenter size-thumbnail wp-image-16810\" src=\"http:\/\/info.sadowne.pl\/wp-content\/uploads\/2017\/09\/sad362-180x130.jpg\" alt=\"\" width=\"180\" height=\"130\" \/><\/p>\n<p><img loading=\"lazy\" decoding=\"async\" class=\"aligncenter size-full wp-image-16811\" src=\"http:\/\/info.sadowne.pl\/wp-content\/uploads\/2017\/09\/sad363.jpg\" alt=\"\" width=\"562\" height=\"273\" srcset=\"http:\/\/info.sadowne.pl\/wp-content\/uploads\/2017\/09\/sad363.jpg 562w, http:\/\/info.sadowne.pl\/wp-content\/uploads\/2017\/09\/sad363-300x146.jpg 300w\" sizes=\"auto, (max-width: 562px) 100vw, 562px\" \/><\/p>\n<p>Po mszy barwny korow\u00f3d wraz z pi\u0119knymi wie\u0144cami przemaszerowa\u0142 na Plac Ko\u015bcielny.<\/p>\n<p><img loading=\"lazy\" decoding=\"async\" class=\"aligncenter size-full wp-image-16812\" src=\"http:\/\/info.sadowne.pl\/wp-content\/uploads\/2017\/09\/sad364.jpg\" alt=\"\" width=\"419\" height=\"341\" srcset=\"http:\/\/info.sadowne.pl\/wp-content\/uploads\/2017\/09\/sad364.jpg 419w, http:\/\/info.sadowne.pl\/wp-content\/uploads\/2017\/09\/sad364-300x244.jpg 300w\" sizes=\"auto, (max-width: 419px) 100vw, 419px\" \/><\/p>\n<p>Wszystkich zebranych przywita\u0142 W\u00f3jt Gminy Sadowne <strong>p. Waldemar Cyran <\/strong>w asy\u015bcie Sekretarza Gminy <strong>p. Zbigniewa Bociana<\/strong> oraz Starost\u00f3w Do\u017cynek <strong>p. Renaty i Roberta D\u0119bkowskich.<\/strong><\/p>\n<p><img loading=\"lazy\" decoding=\"async\" class=\"aligncenter size-full wp-image-16813\" src=\"http:\/\/info.sadowne.pl\/wp-content\/uploads\/2017\/09\/sad365.jpg\" alt=\"\" width=\"575\" height=\"383\" srcset=\"http:\/\/info.sadowne.pl\/wp-content\/uploads\/2017\/09\/sad365.jpg 575w, http:\/\/info.sadowne.pl\/wp-content\/uploads\/2017\/09\/sad365-300x200.jpg 300w\" sizes=\"auto, (max-width: 575px) 100vw, 575px\" \/><\/p>\n<p>Po oficjalnym powitaniu W\u00f3jt Gminy Sadowne p<strong>. Waldemar Cyran i jego ma\u0142\u017conka p. Katarzyna <\/strong>podzielili si\u0119 symbolicznie z publiczno\u015bci\u0105 chlebem upieczonym z tegorocznych zbior\u00f3w zb\u00f3\u017c, a obecni na uroczysto\u015bci przedstawiciele w\u0142adzy i administracji nagrodzili wyr\u00f3\u017cniaj\u0105cych si\u0119 rolnik\u00f3w.<\/p>\n<div id=\"attachment_16814\" style=\"width: 572px\" class=\"wp-caption aligncenter\"><img loading=\"lazy\" decoding=\"async\" aria-describedby=\"caption-attachment-16814\" class=\"wp-image-16814 size-full\" src=\"http:\/\/info.sadowne.pl\/wp-content\/uploads\/2017\/09\/sad366.jpg\" alt=\"\" width=\"562\" height=\"412\" srcset=\"http:\/\/info.sadowne.pl\/wp-content\/uploads\/2017\/09\/sad366.jpg 562w, http:\/\/info.sadowne.pl\/wp-content\/uploads\/2017\/09\/sad366-300x220.jpg 300w\" sizes=\"auto, (max-width: 562px) 100vw, 562px\" \/><p id=\"caption-attachment-16814\" class=\"wp-caption-text\">Krysia Wetoszka, Basia Wr\u00f3bel, Jadzia Borowa, Bogusia Danaj, Ela D\u0119bkowska.<\/p><\/div>\n<div id=\"attachment_16815\" style=\"width: 568px\" class=\"wp-caption aligncenter\"><img loading=\"lazy\" decoding=\"async\" aria-describedby=\"caption-attachment-16815\" class=\"wp-image-16815 size-full\" src=\"http:\/\/info.sadowne.pl\/wp-content\/uploads\/2017\/09\/sad367.jpg\" alt=\"\" width=\"558\" height=\"443\" srcset=\"http:\/\/info.sadowne.pl\/wp-content\/uploads\/2017\/09\/sad367.jpg 558w, http:\/\/info.sadowne.pl\/wp-content\/uploads\/2017\/09\/sad367-300x238.jpg 300w\" sizes=\"auto, (max-width: 558px) 100vw, 558px\" \/><p id=\"caption-attachment-16815\" class=\"wp-caption-text\">Marysia Szymanik, Tereska Biernat, Hania D\u0119bkowska, Henia Kibart i Ala Bahniuk.<\/p><\/div>\n<div id=\"attachment_16816\" style=\"width: 295px\" class=\"wp-caption aligncenter\"><img loading=\"lazy\" decoding=\"async\" aria-describedby=\"caption-attachment-16816\" class=\"wp-image-16816 size-full\" src=\"http:\/\/info.sadowne.pl\/wp-content\/uploads\/2017\/09\/sad368.jpg\" alt=\"\" width=\"285\" height=\"520\" srcset=\"http:\/\/info.sadowne.pl\/wp-content\/uploads\/2017\/09\/sad368.jpg 285w, http:\/\/info.sadowne.pl\/wp-content\/uploads\/2017\/09\/sad368-164x300.jpg 164w\" sizes=\"auto, (max-width: 285px) 100vw, 285px\" \/><p id=\"caption-attachment-16816\" class=\"wp-caption-text\">Andrzej Olton \u2013 akordeonista zespo\u0142u SADOWIANKI i od pewnego czasu zespo\u0142u JARZ\u0118BINA z Broku.<\/p><\/div>\n<p>&nbsp;<\/p>\n<div id=\"attachment_16817\" style=\"width: 572px\" class=\"wp-caption aligncenter\"><img loading=\"lazy\" decoding=\"async\" aria-describedby=\"caption-attachment-16817\" class=\"wp-image-16817 size-full\" src=\"http:\/\/info.sadowne.pl\/wp-content\/uploads\/2017\/09\/sad369.jpg\" alt=\"\" width=\"562\" height=\"227\" srcset=\"http:\/\/info.sadowne.pl\/wp-content\/uploads\/2017\/09\/sad369.jpg 562w, http:\/\/info.sadowne.pl\/wp-content\/uploads\/2017\/09\/sad369-300x121.jpg 300w\" sizes=\"auto, (max-width: 562px) 100vw, 562px\" \/><p id=\"caption-attachment-16817\" class=\"wp-caption-text\">Uroczysto\u015b\u0107 do\u017cynkow\u0105 u\u015bwietni\u0142 wyst\u0119p zespo\u0142\u00f3w ludowych: \u201eSadowianki\u201d i \u201eJarz\u0119bina\u201d z Broku.<\/p><\/div>\n<p>&nbsp;<\/p>\n<p><img loading=\"lazy\" decoding=\"async\" class=\"aligncenter size-full wp-image-16818\" src=\"http:\/\/info.sadowne.pl\/wp-content\/uploads\/2017\/09\/sad370.jpg\" alt=\"\" width=\"563\" height=\"349\" srcset=\"http:\/\/info.sadowne.pl\/wp-content\/uploads\/2017\/09\/sad370.jpg 563w, http:\/\/info.sadowne.pl\/wp-content\/uploads\/2017\/09\/sad370-300x186.jpg 300w\" sizes=\"auto, (max-width: 563px) 100vw, 563px\" \/><\/p>\n<p><strong>SADOWIANKI<\/strong> \u00a0i \u00a0<strong>JARZ\u0118BINA<\/strong> wsp\u00f3ln\u0105 zabaw\u0105 taneczn\u0105 zach\u0119ca\u0142y zebranych do radosnego sp\u0119dzania czasu przy d\u017awi\u0119kach muzyki zespo\u0142\u00f3w \u201eAkord\u201d, \u201eSami Swoi\u201d i \u201eFor Fun Band\u201d.<\/p>\n<p><strong>SIEDLCE<\/strong><\/p>\n<p><strong>Mazowsze: XXIII Mi\u0119dzynarodowe Dni z Doradztwem Rolniczym oraz XII Regionalna Wystawa Zwierz\u0105t Hodowlanych.<\/strong><\/p>\n<p><strong>W dniach 3 &#8211; 4 wrze\u015bnia<\/strong> na terenach Agencji Rozwoju Miasta Siedlce odby\u0142y si\u0119 XXIII Mi\u0119dzynarodowe Dni z Doradztwem Rolniczym oraz XII Regionalna Wystawa Zwierz\u0105t Hodowlanych. Wydarzenie Honorowym Patronatem obj\u0105\u0142 Minister Rolnictwa i Rozwoju Wsi Krzysztof Jurgiel.<\/p>\n<p>W tym roku impreza zosta\u0142a zorganizowana pod has\u0142em ,,Rolnictwo dla \u015brodowiska&#8221;. Aby rolnictwo takie w\u0142a\u015bnie by\u0142o organizatorzy zadbali, \u017ceby rolnicy mogli pozyska\u0107 najnowsz\u0105 wiedz\u0119 i wskaz\u00f3wki jak stosowa\u0107 j\u0105 w praktyce.<\/p>\n<p>Mi\u0119dzynarodowe Dni z Doradztwem Rolniczym s\u0105 doskona\u0142\u0105 okazj\u0105 do prezentacji osi\u0105gni\u0119\u0107 regionu i mo\u017cliwo\u015bci jego mieszka\u0144c\u00f3w oraz wymiany do\u015bwiadcze\u0144 i nawi\u0105zania kontakt\u00f3w gospodarczych.<\/p>\n<p><img loading=\"lazy\" decoding=\"async\" class=\"aligncenter size-full wp-image-16819\" src=\"http:\/\/info.sadowne.pl\/wp-content\/uploads\/2017\/09\/sad371.jpg\" alt=\"\" width=\"564\" height=\"369\" srcset=\"http:\/\/info.sadowne.pl\/wp-content\/uploads\/2017\/09\/sad371.jpg 564w, http:\/\/info.sadowne.pl\/wp-content\/uploads\/2017\/09\/sad371-300x196.jpg 300w\" sizes=\"auto, (max-width: 564px) 100vw, 564px\" \/><\/p>\n<p><img loading=\"lazy\" decoding=\"async\" class=\"aligncenter size-full wp-image-16820\" src=\"http:\/\/info.sadowne.pl\/wp-content\/uploads\/2017\/09\/sad372.jpg\" alt=\"\" width=\"263\" height=\"548\" srcset=\"http:\/\/info.sadowne.pl\/wp-content\/uploads\/2017\/09\/sad372.jpg 263w, http:\/\/info.sadowne.pl\/wp-content\/uploads\/2017\/09\/sad372-144x300.jpg 144w\" sizes=\"auto, (max-width: 263px) 100vw, 263px\" \/><\/p>\n<p>W dniu 3 wrze\u015bnia na scenie wyst\u0105pi\u0142y bardzo licznie ludowe zespo\u0142y \u015bpiewacze w konkursie <strong>,,Na ludow\u0105 nut\u0119\u201d<\/strong>. <strong>SADOWIANKI <\/strong>otrzyma\u0142y wyr\u00f3\u017cnienie.<\/p>\n<p>&nbsp;<\/p>\n<div id=\"attachment_16821\" style=\"width: 315px\" class=\"wp-caption aligncenter\"><img loading=\"lazy\" decoding=\"async\" aria-describedby=\"caption-attachment-16821\" class=\"wp-image-16821 size-full\" src=\"http:\/\/info.sadowne.pl\/wp-content\/uploads\/2017\/09\/sad373.jpg\" alt=\"\" width=\"305\" height=\"469\" srcset=\"http:\/\/info.sadowne.pl\/wp-content\/uploads\/2017\/09\/sad373.jpg 305w, http:\/\/info.sadowne.pl\/wp-content\/uploads\/2017\/09\/sad373-195x300.jpg 195w\" sizes=\"auto, (max-width: 305px) 100vw, 305px\" \/><p id=\"caption-attachment-16821\" class=\"wp-caption-text\">Zbyszek Danaj i Krysia Wetoszka odbieraj\u0105 nagrod\u0119 za udzia\u0142 w konkursie ,,Na ludow\u0105 nut\u0119\u201d.<\/p><\/div>\n<p>&nbsp;<\/p>\n<p><img loading=\"lazy\" decoding=\"async\" class=\"aligncenter wp-image-16822 size-thumbnail\" src=\"http:\/\/info.sadowne.pl\/wp-content\/uploads\/2017\/09\/sad374-180x130.jpg\" alt=\"\" width=\"180\" height=\"130\" \/><\/p>\n<p><strong>OTWOCK<\/strong><\/p>\n<p><img loading=\"lazy\" decoding=\"async\" class=\"alignleft size-full wp-image-16823\" src=\"http:\/\/info.sadowne.pl\/wp-content\/uploads\/2017\/09\/sad375.jpg\" alt=\"\" width=\"125\" height=\"90\" \/><\/p>\n<p><strong>W dniu 4 wrze\u015bnia 2016 roku w Otwocku<\/strong> <strong>odby\u0142y si\u0119 Do\u017cynki Wojew\u00f3dztwa Mazowieckiego.<\/strong><\/p>\n<p><strong>Delegacja powiatu w\u0119growskiego, bior\u0105ca udzia\u0142 w do\u017cynkach liczy\u0142a 50 os\u00f3b. Przewodnicz\u0105c\u0105 Delegacji Do\u017cynkowej by\u0142a Bo\u017cena Gierej<\/strong> \u2013 Naczelnik Wydzia\u0142u \u015arodowiska, Rolnictwa i Budownictwa Starostwa Powiatowego w W\u0119growie, wraz z pracownikami.<\/p>\n<div id=\"attachment_16824\" style=\"width: 570px\" class=\"wp-caption aligncenter\"><img loading=\"lazy\" decoding=\"async\" aria-describedby=\"caption-attachment-16824\" class=\"wp-image-16824 size-full\" src=\"http:\/\/info.sadowne.pl\/wp-content\/uploads\/2017\/09\/sad376.jpg\" alt=\"\" width=\"560\" height=\"420\" srcset=\"http:\/\/info.sadowne.pl\/wp-content\/uploads\/2017\/09\/sad376.jpg 560w, http:\/\/info.sadowne.pl\/wp-content\/uploads\/2017\/09\/sad376-300x225.jpg 300w\" sizes=\"auto, (max-width: 560px) 100vw, 560px\" \/><p id=\"caption-attachment-16824\" class=\"wp-caption-text\">Delegacja powiatu w\u0119growskiego w korowodzie do\u017cynkowym w Otwocku \u2013 4 wrze\u015bnia 2016 r.<\/p><\/div>\n<p><img loading=\"lazy\" decoding=\"async\" class=\"aligncenter size-full wp-image-16825\" src=\"http:\/\/info.sadowne.pl\/wp-content\/uploads\/2017\/09\/sad377.jpg\" alt=\"\" width=\"555\" height=\"432\" srcset=\"http:\/\/info.sadowne.pl\/wp-content\/uploads\/2017\/09\/sad377.jpg 555w, http:\/\/info.sadowne.pl\/wp-content\/uploads\/2017\/09\/sad377-300x234.jpg 300w\" sizes=\"auto, (max-width: 555px) 100vw, 555px\" \/><\/p>\n<p><img loading=\"lazy\" decoding=\"async\" class=\"aligncenter size-full wp-image-16826\" src=\"http:\/\/info.sadowne.pl\/wp-content\/uploads\/2017\/09\/sad378.jpg\" alt=\"\" width=\"560\" height=\"420\" srcset=\"http:\/\/info.sadowne.pl\/wp-content\/uploads\/2017\/09\/sad378.jpg 560w, http:\/\/info.sadowne.pl\/wp-content\/uploads\/2017\/09\/sad378-300x225.jpg 300w\" sizes=\"auto, (max-width: 560px) 100vw, 560px\" \/><\/p>\n<p><strong>Powiatowymi Starostami Do\u017cynek byli Pa\u0144stwo Adam i Aneta Olton\u00a0<\/strong><strong>z miejscowo\u015bci Sadowne, gmina Sadowne, <\/strong>\u00a0<strong>Przewodnicz\u0105c\u0105 Delegacji Do\u017cynkowej \u2013 p.Bo\u017cena Gierej i cz\u0142onkinie zespo\u0142u SADOWIANKI.<\/strong><\/p>\n<p>Od 2005 roku <strong>pa\u0144stwo OLTONOWIE<\/strong> prowadz\u0105 gospodarstwo rolne o powierzchni 65 ha. Zajmuj\u0105 si\u0119 w du\u017cej mierze hodowl\u0105 kr\u00f3w mlecznych \u2013 30 kr\u00f3w i 30 m\u0142odzie\u017cy oraz produkcj\u0105 roln\u0105. Ca\u0142a produkcja ro\u015blinna przeznaczona jest na zabezpieczenie bazy paszowej dla byd\u0142a.<\/p>\n<p>Po Mszy \u015aw. uczestnicy \u0142amali si\u0119 wsp\u00f3lnie chlebem do\u017cynkowym. Podczas cz\u0119\u015bci oficjalnej wr\u0119czono odznaczenia pa\u0144stwowe i bran\u017cowe. Rozstrzygni\u0119to r\u00f3wnie\u017c konkurs na naj\u0142adniejszy wieniec do\u017cynkowy w stylu tradycyjnym, gdzie:<\/p>\n<p><strong>\u00a0\u00a0\u00a0\u00a0\u00a0\u00a0\u00a0\u00a0\u00a0\u00a0\u00a0\u00a0\u00a0\u00a0\u00a0 I miejsce<\/strong>\u00a0 <strong>zaj\u0105\u0142 \u00a0Powiat W\u0119growski <\/strong><\/p>\n<p>II miejsce \u2013 Powiat Gostyni\u0144ski<\/p>\n<p>II miejsce \u2013 Powiat Zwole\u0144ski<\/p>\n<p>Wr\u0119czono r\u00f3wnie\u017c 3 wyr\u00f3\u017cnienia:<\/p>\n<p>Powiat Nowodworski,<\/p>\n<p>Powiat Ciechanowski<\/p>\n<p>Powiat Ostro\u0142\u0119cki.<\/p>\n<p><strong>Wieniec wykonany zosta\u0142 przez nasz zesp\u00f3\u0142 pod kierunkiem Pani Marianny Szymanik.<\/strong><\/p>\n<div id=\"attachment_16828\" style=\"width: 570px\" class=\"wp-caption aligncenter\"><img loading=\"lazy\" decoding=\"async\" aria-describedby=\"caption-attachment-16828\" class=\"wp-image-16828 size-full\" src=\"http:\/\/info.sadowne.pl\/wp-content\/uploads\/2017\/09\/sad379.jpg\" alt=\"\" width=\"560\" height=\"420\" srcset=\"http:\/\/info.sadowne.pl\/wp-content\/uploads\/2017\/09\/sad379.jpg 560w, http:\/\/info.sadowne.pl\/wp-content\/uploads\/2017\/09\/sad379-300x225.jpg 300w\" sizes=\"auto, (max-width: 560px) 100vw, 560px\" \/><p id=\"caption-attachment-16828\" class=\"wp-caption-text\">Tereska \u017bach, Hania D\u0119bkowska, Marysia Szymanik, Krysia Wetoszka, Bogusia Danaj.<\/p><\/div>\n<p>&nbsp;<\/p>\n<div id=\"attachment_16829\" style=\"width: 570px\" class=\"wp-caption aligncenter\"><img loading=\"lazy\" decoding=\"async\" aria-describedby=\"caption-attachment-16829\" class=\"wp-image-16829 size-full\" src=\"http:\/\/info.sadowne.pl\/wp-content\/uploads\/2017\/09\/sad380.jpg\" alt=\"\" width=\"560\" height=\"420\" srcset=\"http:\/\/info.sadowne.pl\/wp-content\/uploads\/2017\/09\/sad380.jpg 560w, http:\/\/info.sadowne.pl\/wp-content\/uploads\/2017\/09\/sad380-300x225.jpg 300w\" sizes=\"auto, (max-width: 560px) 100vw, 560px\" \/><p id=\"caption-attachment-16829\" class=\"wp-caption-text\">Wieniec z powiatu w\u0119growskiego, czyli nasz z Sadownego zaj\u0105\u0142 w konkursie do\u017cynkowym I miejsce.<\/p><\/div>\n<p>Zesp\u00f3\u0142 nasz od wielu pokole\u0144 kultywuje tradycje ludowe naszych przodk\u00f3w, popularyzuje ludow\u0105 tw\u00f3rczo\u015b\u0107 artystyczn\u0105, \u015bpiewa ludowe piosenki i przygotowuje do\u017cynkowe wie\u0144ce.<\/p>\n<p>Przewodnicz\u0105c\u0105 zespo\u0142u od wielu, wielu lat jest <strong>Krysia Wetoszka.<\/strong><\/p>\n<p><img loading=\"lazy\" decoding=\"async\" class=\"alignright wp-image-16827 size-thumbnail\" src=\"http:\/\/info.sadowne.pl\/wp-content\/uploads\/2017\/09\/sad381-180x130.jpg\" alt=\"\" width=\"180\" height=\"130\" \/>Wieniec zosta\u0142 uwity w spos\u00f3b tradycyjny z naturalnych materia\u0142\u00f3w takich, jak: k\u0142osy zb\u00f3\u017c (\u017cyto, pszenica, owies dwukolorowy i j\u0119czmie\u0144), proso, gryka. U\u017cyto r\u00f3wnie\u017c wielu gatunk\u00f3w zi\u00f3\u0142 (chwastnica, wrotycz pospolity, barwinek, borowina, trawy, dziurawiec, pio\u0142un, mi\u0119ta, lipa, aronia) i kwiat\u00f3w, a tak\u017ce jarz\u0119biny, kt\u00f3ra jest nieodzownym elementem towarzysz\u0105cym \u017cniwom oraz sosna, wrzos i owoce.<\/p>\n<p><strong>Do\u017cynki<\/strong> \u2013 <strong>Otwock, 4 wrze\u015bnia 2016 roku.<\/strong><\/p>\n<div id=\"attachment_16830\" style=\"width: 238px\" class=\"wp-caption aligncenter\"><img loading=\"lazy\" decoding=\"async\" aria-describedby=\"caption-attachment-16830\" class=\"wp-image-16830 size-full\" src=\"http:\/\/info.sadowne.pl\/wp-content\/uploads\/2017\/09\/sad382.jpg\" alt=\"\" width=\"228\" height=\"469\" srcset=\"http:\/\/info.sadowne.pl\/wp-content\/uploads\/2017\/09\/sad382.jpg 228w, http:\/\/info.sadowne.pl\/wp-content\/uploads\/2017\/09\/sad382-146x300.jpg 146w\" sizes=\"auto, (max-width: 228px) 100vw, 228px\" \/><p id=\"caption-attachment-16830\" class=\"wp-caption-text\">Podzi\u0119kowanie za uczestnictwo w Wojew\u00f3dzkim \u015awi\u0119cie Plon\u00f3w -Marsza\u0142ek Wojew\u00f3dztwa Mazowieckiego, Prezydent Miasta Otwock, Starosta Otwocki.<\/p><\/div>\n<p><strong>7 wrze\u015bnia<\/strong>, podczas Sesji Rady Powiatu, Starosta W\u0119growski\u00a0<strong>pan<\/strong> <strong>Krzysztof Fedorczyk<\/strong> wraz z Wicestarost\u0105 <strong>pani\u0105 Halin\u0105 Uli\u0144sk\u0105<\/strong>, pracownikami Wydzia\u0142u \u015arodowiska, Rolnictwa i Budownictwa wr\u0119czy\u0142 podzi\u0119kowania wraz z upominkami Starostom Do\u017cynek Powiatu W\u0119growskiego <strong>Pa\u0144stwu Anecie i Adamowi Olton z Sadownego<\/strong> oraz <strong>Paniom z zespo\u0142u \u201eSadowianki\u201d<\/strong>, kt\u00f3re wykona\u0142y Powiatowy Wieniec Do\u017cynkowy.<\/p>\n<p><strong><img loading=\"lazy\" decoding=\"async\" class=\"aligncenter size-full wp-image-16831\" src=\"http:\/\/info.sadowne.pl\/wp-content\/uploads\/2017\/09\/sad383.jpg\" alt=\"\" width=\"556\" height=\"307\" srcset=\"http:\/\/info.sadowne.pl\/wp-content\/uploads\/2017\/09\/sad383.jpg 556w, http:\/\/info.sadowne.pl\/wp-content\/uploads\/2017\/09\/sad383-300x166.jpg 300w\" sizes=\"auto, (max-width: 556px) 100vw, 556px\" \/>\u00a0\u00a0\u00a0\u00a0\u00a0\u00a0\u00a0\u00a0\u00a0\u00a0\u00a0\u00a0 \u00a0\u00a0\u00a0\u00a0\u00a0\u00a0\u00a0\u00a0 <\/strong><\/p>\n<p>Delegacji dzi\u0119kowa\u0142 r\u00f3wnie\u017c w\u00f3jt Sadownego <strong>pan Waldemar Cyran<\/strong>, kt\u00f3ry pi\u0119knymi s\u0142owami m\u00f3wi\u0142 o SADOWIANKACH, ich sukcesach i o tym, \u017ce rozs\u0142awiaj\u0105 nasz\u0105 sadowe\u0144sk\u0105 gmin\u0119 w powiecie, ale tak\u017ce powiat na ca\u0142ym Mazowszu. Pan w\u00f3jt przypomnia\u0142, \u017ce kilka lat temu r\u00f3wnie\u017c by\u0142 starost\u0105 do\u017cynek na wojew\u00f3dzkim \u015bwi\u0119cie plon\u00f3w w Kozienicach, gdzie nasz wieniec tak\u017ce otrzyma\u0142 nagrod\u0119.<\/p>\n<div id=\"attachment_16832\" style=\"width: 570px\" class=\"wp-caption aligncenter\"><img loading=\"lazy\" decoding=\"async\" aria-describedby=\"caption-attachment-16832\" class=\"wp-image-16832 size-full\" src=\"http:\/\/info.sadowne.pl\/wp-content\/uploads\/2017\/09\/sad384.jpg\" alt=\"\" width=\"560\" height=\"420\" srcset=\"http:\/\/info.sadowne.pl\/wp-content\/uploads\/2017\/09\/sad384.jpg 560w, http:\/\/info.sadowne.pl\/wp-content\/uploads\/2017\/09\/sad384-300x225.jpg 300w\" sizes=\"auto, (max-width: 560px) 100vw, 560px\" \/><p id=\"caption-attachment-16832\" class=\"wp-caption-text\">Sesja Rady Powiatu \u2013 W\u0119gr\u00f3w, 7 wrze\u015bnia 2016 &#8211; Reprezentacja SADOWIANEK za\u015bpiewa\u0142a kilka piosenek.<\/p><\/div>\n<p>&nbsp;<\/p>\n<p><strong>\u0179r\u00f3d\u0142o:<\/strong>\u00a0SADOWIANKI, Barbara Wr\u00f3bel, Sadowne 2017 (kronika dost\u0119pna w zbiorach GOK Sadowne)<\/p>\n<p>&nbsp;<\/p>\n","protected":false},"excerpt":{"rendered":"<p>BROK &#8211; 3 lipca 2016.<\/p>\n","protected":false},"author":1,"featured_media":0,"comment_status":"closed","ping_status":"closed","sticky":false,"template":"","format":"standard","meta":{"footnotes":""},"categories":[5,31,1202],"tags":[101,1217,960],"class_list":["post-16804","post","type-post","status-publish","format-standard","hentry","category-newsy","category-historia-gminy","category-zespol-spiewaczy-sadowianki","tag-historia-gminy-sadowne","tag-sadowianki","tag-zespol-spiewaczy-sadowianki"],"views":4054,"_links":{"self":[{"href":"http:\/\/info.sadowne.pl\/index.php?rest_route=\/wp\/v2\/posts\/16804","targetHints":{"allow":["GET"]}}],"collection":[{"href":"http:\/\/info.sadowne.pl\/index.php?rest_route=\/wp\/v2\/posts"}],"about":[{"href":"http:\/\/info.sadowne.pl\/index.php?rest_route=\/wp\/v2\/types\/post"}],"author":[{"embeddable":true,"href":"http:\/\/info.sadowne.pl\/index.php?rest_route=\/wp\/v2\/users\/1"}],"replies":[{"embeddable":true,"href":"http:\/\/info.sadowne.pl\/index.php?rest_route=%2Fwp%2Fv2%2Fcomments&post=16804"}],"version-history":[{"count":1,"href":"http:\/\/info.sadowne.pl\/index.php?rest_route=\/wp\/v2\/posts\/16804\/revisions"}],"predecessor-version":[{"id":16833,"href":"http:\/\/info.sadowne.pl\/index.php?rest_route=\/wp\/v2\/posts\/16804\/revisions\/16833"}],"wp:attachment":[{"href":"http:\/\/info.sadowne.pl\/index.php?rest_route=%2Fwp%2Fv2%2Fmedia&parent=16804"}],"wp:term":[{"taxonomy":"category","embeddable":true,"href":"http:\/\/info.sadowne.pl\/index.php?rest_route=%2Fwp%2Fv2%2Fcategories&post=16804"},{"taxonomy":"post_tag","embeddable":true,"href":"http:\/\/info.sadowne.pl\/index.php?rest_route=%2Fwp%2Fv2%2Ftags&post=16804"}],"curies":[{"name":"wp","href":"https:\/\/api.w.org\/{rel}","templated":true}]}}