{"id":16834,"date":"2017-09-29T20:00:55","date_gmt":"2017-09-29T18:00:55","guid":{"rendered":"http:\/\/info.sadowne.pl\/?p=16834"},"modified":"2020-04-24T12:20:56","modified_gmt":"2020-04-24T10:20:56","slug":"wycieczka-do-loretto","status":"publish","type":"post","link":"http:\/\/info.sadowne.pl\/?p=16834","title":{"rendered":"Wycieczka do Loretto"},"content":{"rendered":"<p><strong><img loading=\"lazy\" decoding=\"async\" class=\"alignleft size-thumbnail wp-image-16836\" src=\"http:\/\/info.sadowne.pl\/wp-content\/uploads\/2017\/09\/2017.09.29.1-180x130.jpg\" alt=\"\" width=\"180\" height=\"130\" \/>Korzystaj\u0105c z pi\u0119knej wrze\u015bniowej pogody, uczniowie Szko\u0142y Podstawowej im. ks. Jana Twardowskiego w Grabinach nale\u017c\u0105cy do szkolnego Ko\u0142a Turystyczno \u2013 Krajoznawczego wraz z opiekunami pojechali na dwudniowy rajd rowerowy do Loretto.<\/strong><!--more--><\/p>\n<p>Po drodze dzieci poznawa\u0142y ciekawe miejsca, dowiedzia\u0142y si\u0119 co to jest \u201eSzlak Jakubowy\u201d, poznawa\u0142y sposoby znakowania szlak\u00f3w turystycznych, utrwali\u0142y wiadomo\u015bci o formach ochrony przyrody wyst\u0119puj\u0105cych w Polsce.<\/p>\n<p>Uczestnicy wycieczki odwiedzili Szko\u0142\u0119 Podstawow\u0105 w Brzuzie, przy kt\u00f3rej znajduje si\u0119 pomnik Hieronima Piotrowskiego. W tym miejscu p. S\u0142awomir Akonom przeprowadzi\u0142 bardzo interesuj\u0105c\u0105 lekcj\u0119 historii z wieloma ciekawostkami.<\/p>\n<p>W ramach odpoczynku skorzystali\u015bmy z infrastruktury turystycznej Kamie\u0144czyka. Si\u0142ownia na \u015bwie\u017cym powietrzu by\u0142a ciekawym urozmaiceniem i m\u0142odzi tury\u015bci ch\u0119tnie z niej skorzystali.<\/p>\n<p>Nocleg zaplanowany zosta\u0142 w Loretto u Si\u00f3str zakonnych. Zostali\u015bmy przyj\u0119ci wspania\u0142ym obiadem i oczywi\u015bcie pysznym deserem. Zwiedzali\u015bmy ko\u015bci\u00f3\u0142 i w tym miejscu pan S\u0142awek przeprowadzi\u0142 drug\u0105 lekcj\u0119 historii z wieloma ciekawostkami.<\/p>\n<p>W zwi\u0105zku z tym, \u017ce Loretto jest po\u0142o\u017cone w\u015br\u00f3d pi\u0119knych las\u00f3w, obowi\u0105zkowym punktem programu by\u0142o wsp\u00f3lne grzybobranie.<\/p>\n<p>Wieczorem przy ognisku by\u0142o wsp\u00f3lne \u015bpiewanie i pieczenie kie\u0142basek, kt\u00f3re bardzo zintegrowa\u0142o zar\u00f3wno dzieci, jak i nauczycieli. Nast\u0119pnego dnia po obfitym \u015bniadaniu, jakie przygotowa\u0142y nam Siostry zakonne, udali\u015bmy si\u0119 w drog\u0119 powrotn\u0105. Podczas tych dw\u00f3ch dni nasi uczniowie mieli okazj\u0119 przekona\u0107 si\u0119, \u017ce nasza okolica obfituje w wiele ciekawych miejsc, kt\u00f3re warto zobaczy\u0107.<\/p>\n<p><a href=\"http:\/\/info.sadowne.pl\/wp-content\/uploads\/2017\/09\/fio.jpg\" target=\"_blank\" rel=\"noopener noreferrer\"><img loading=\"lazy\" decoding=\"async\" class=\"alignright wp-image-16838 size-medium\" src=\"http:\/\/info.sadowne.pl\/wp-content\/uploads\/2017\/09\/fio-300x139.jpg\" alt=\"\" width=\"300\" height=\"139\" srcset=\"http:\/\/info.sadowne.pl\/wp-content\/uploads\/2017\/09\/fio-300x139.jpg 300w, http:\/\/info.sadowne.pl\/wp-content\/uploads\/2017\/09\/fio.jpg 506w\" sizes=\"auto, (max-width: 300px) 100vw, 300px\" \/><\/a>Wycieczka zosta\u0142a zrealizowana w ramach projektu \u201eTurystyka Spo\u0142eczna Narz\u0119dziem Aktywnej Integracji\u201d, realizowanego przez Stowarzyszenie Na Rzecz Rozwoju Gminy Stoczek &#8211; dofinansowanego ze \u015brodk\u00f3w Ministerstwa Rodziny, Pracy i Polityki Spo\u0142ecznej w ramach programu Fundusz Inicjatyw Obywatelskich.<\/p>\n<p><strong>Agnieszka Narowska<\/strong><\/p>\n<p><a href=\"https:\/\/photos.app.goo.gl\/r4Nnx8iGRk5HejJ28\" target=\"_blank\" rel=\"noopener noreferrer\"><span style=\"color: #0000ff;\"><strong>Zdj\u0119cia w galerii Google&gt;&gt;&gt;<\/strong><\/span><\/a><\/p>\n","protected":false},"excerpt":{"rendered":"<p>Korzystaj\u0105c z pi\u0119knej wrze\u015bniowej pogody, uczniowie Szko\u0142y Podstawowej im. ks. Jana Twardowskiego w Grabinach nale\u017c\u0105cy do szkolnego Ko\u0142a Turystyczno \u2013 Krajoznawczego wraz z opiekunami pojechali na dwudniowy rajd rowerowy do Loretto.<\/p>\n","protected":false},"author":1,"featured_media":0,"comment_status":"closed","ping_status":"closed","sticky":false,"template":"","format":"standard","meta":{"footnotes":""},"categories":[5,1752,1120],"tags":[2568,805,2289],"class_list":["post-16834","post","type-post","status-publish","format-standard","hentry","category-newsy","category-edukacja","category-zespol-szkolno-przedszkolny-w-grabinach","tag-malgorzta-narowska","tag-wycieczka-do-loretto","tag-zespol-szkolno-przedszkolny-w-grabinach"],"views":2929,"_links":{"self":[{"href":"http:\/\/info.sadowne.pl\/index.php?rest_route=\/wp\/v2\/posts\/16834","targetHints":{"allow":["GET"]}}],"collection":[{"href":"http:\/\/info.sadowne.pl\/index.php?rest_route=\/wp\/v2\/posts"}],"about":[{"href":"http:\/\/info.sadowne.pl\/index.php?rest_route=\/wp\/v2\/types\/post"}],"author":[{"embeddable":true,"href":"http:\/\/info.sadowne.pl\/index.php?rest_route=\/wp\/v2\/users\/1"}],"replies":[{"embeddable":true,"href":"http:\/\/info.sadowne.pl\/index.php?rest_route=%2Fwp%2Fv2%2Fcomments&post=16834"}],"version-history":[{"count":3,"href":"http:\/\/info.sadowne.pl\/index.php?rest_route=\/wp\/v2\/posts\/16834\/revisions"}],"predecessor-version":[{"id":23091,"href":"http:\/\/info.sadowne.pl\/index.php?rest_route=\/wp\/v2\/posts\/16834\/revisions\/23091"}],"wp:attachment":[{"href":"http:\/\/info.sadowne.pl\/index.php?rest_route=%2Fwp%2Fv2%2Fmedia&parent=16834"}],"wp:term":[{"taxonomy":"category","embeddable":true,"href":"http:\/\/info.sadowne.pl\/index.php?rest_route=%2Fwp%2Fv2%2Fcategories&post=16834"},{"taxonomy":"post_tag","embeddable":true,"href":"http:\/\/info.sadowne.pl\/index.php?rest_route=%2Fwp%2Fv2%2Ftags&post=16834"}],"curies":[{"name":"wp","href":"https:\/\/api.w.org\/{rel}","templated":true}]}}