{"id":16888,"date":"2017-10-09T11:12:19","date_gmt":"2017-10-09T09:12:19","guid":{"rendered":"http:\/\/info.sadowne.pl\/?p=16888"},"modified":"2020-04-24T12:09:04","modified_gmt":"2020-04-24T10:09:04","slug":"morzyczyn-wloki-ma-plac-zabaw","status":"publish","type":"post","link":"http:\/\/info.sadowne.pl\/?p=16888","title":{"rendered":"Morzyczyn W\u0142\u00f3ki ma plac zabaw"},"content":{"rendered":"<p><strong><a href=\"http:\/\/info.sadowne.pl\/wp-content\/uploads\/2017\/10\/2017.10.08.1.jpg\" target=\"_blank\" rel=\"noopener noreferrer\"><img loading=\"lazy\" decoding=\"async\" class=\"alignleft wp-image-16889 size-thumbnail\" src=\"http:\/\/info.sadowne.pl\/wp-content\/uploads\/2017\/10\/2017.10.08.1-180x130.jpg\" alt=\"\" width=\"180\" height=\"130\" \/><\/a>8 pa\u017adziernika zosta\u0142 uroczy\u015bcie otwarty i po\u015bwi\u0119cony plac zabaw w Morzyczynie W\u0142\u00f3ki.<\/strong><!--more--><\/p>\n<p>Jak podaj\u0105 pomys\u0142odawcy tej inwestycji, wszystko zacz\u0119\u0142o si\u0119 od projektu. Polega\u0142 on na budowie mini placu zabaw dla dzieci z Morzyczyna W\u0142\u00f3ki i okolic. Przy \u015bwietlicy wiejskiej znajdowa\u0142 si\u0119 niezagospodarowany plac, kt\u00f3ry jest w\u0142asno\u015bci\u0105 OSP. Mieszka\u0144cy wsp\u00f3lnie doszli do wniosku, \u017ce jest to odpowiednie miejsce na utworzenie miejsca spotka\u0144 dla najm\u0142odszych mieszka\u0144c\u00f3w wioski. Stra\u017cacy wyrazili zgod\u0119 na realizacj\u0119 tego pomys\u0142u.<\/p>\n<p><img loading=\"lazy\" decoding=\"async\" class=\"alignright wp-image-16894 size-medium\" src=\"http:\/\/info.sadowne.pl\/wp-content\/uploads\/2017\/10\/fio-300x152.jpg\" alt=\"\" width=\"300\" height=\"152\" srcset=\"http:\/\/info.sadowne.pl\/wp-content\/uploads\/2017\/10\/fio-300x152.jpg 300w, http:\/\/info.sadowne.pl\/wp-content\/uploads\/2017\/10\/fio.jpg 401w\" sizes=\"auto, (max-width: 300px) 100vw, 300px\" \/>Grupa inicjatywna przygotowa\u0142a stosowny projekt, kt\u00f3ry zg\u0142oszono do Funduszu Inicjatyw Obywatelskich Regionu Siedleckiego i\u2026 uda\u0142o si\u0119. Projekt by\u0142 tak dobry, \u017ce zaj\u0105\u0142 pierwsze miejsce po\u015br\u00f3d wszystkich zg\u0142oszonych, a FIO przyzna\u0142o 7 tys. z\u0142, za kt\u00f3re zaplanowano zakupi\u0107 kilka urz\u0105dze\u0144, np. hu\u015btawki i zestaw do zabaw.<\/p>\n<p>W realizacj\u0119 projektu (do przygotowania terenu, monta\u017cu urz\u0105dze\u0144) zaanga\u017cowali si\u0119 wszyscy mieszka\u0144cy Morzyczyna W\u0142\u00f3ki. Ch\u0119tnych do pracy by\u0142o wielu, a wszystkim przy\u015bwieca\u0142a utworzenia miejsca, w kt\u00f3rym dzieci mog\u0142yby sp\u0119dzi\u0107 czas wolny na wsp\u00f3lnej zabawie.<\/p>\n<p>I w ko\u0144cu zrealizowano w ca\u0142o\u015bci ten pomys\u0142 &#8211; 8 pa\u017adziernika uroczy\u015bcie otwarty zosta\u0142 plac zabaw w Morzyczynie W\u0142\u00f3ki. W stylizowanym wej\u015bciu na jego teren wst\u0119g\u0119 przeci\u0119li inicjatorzy i wykonawcy projektu, a tak\u017ce ci, kt\u00f3rzy wspierali t\u0119 inicjatyw\u0119. Jak powiedzia\u0142 p. Ryszard Decyk &#8211; radny Gminy Sadowne i jeden z inicjator\u00f3w inwestycji, zas\u0142ugi nale\u017c\u0105 si\u0119 g\u0142\u00f3wnie pomys\u0142odawcom, ale te\u017c mieszka\u0144com, kt\u00f3rzy poparli i w\u0142asnymi r\u0119kami zrealizowali projekt. Wa\u017cne by\u0142o te\u017c wsparcie ze strony w\u0142adz gminnych\u2026 &#8211; w ich imieniu wst\u0119g\u0119 przeci\u0105\u0142 W\u00f3jt Gminy Sadowne p. Waldemar Cyran. Plac oczywi\u015bcie zosta\u0142 po\u015bwi\u0119cony przez ks. Stanis\u0142awa Wojciechowskiego \u2013 proboszcza tutejszej Parafii.<\/p>\n<p>Uczestnicy tego wydarzenia g\u0142o\u015bno zadeklarowali, \u017ce plac zabaw b\u0119dzie s\u0142u\u017cy\u0142 nie tylko dzieciom, ale tak\u017ce doros\u0142ym, poniewa\u017c przyprowadzaj\u0105c dzieci b\u0119d\u0105 mieli okazj\u0119 spotka\u0107 si\u0119 i porozmawia\u0107 z s\u0105siadami \u2013 tymi bli\u017cszymi i dalszymi. I bardzo dobrze.<\/p>\n<p><strong>Brawa dla Morzyczyna W\u0142\u00f3ki za t\u0119 inicjatyw\u0119!<\/strong><\/p>\n<p><a href=\"https:\/\/photos.app.goo.gl\/nVDdTCVdWsc9QLeo6\" target=\"_blank\" rel=\"noopener noreferrer\"><span style=\"color: #0000ff;\"><strong>Zdj\u0119cia w galerii Google&gt;&gt;&gt;<\/strong><\/span><\/a><\/p>\n<p><strong>Tekst\/foto: <\/strong>S\u0142awek Chyli\u0144ski<\/p>\n","protected":false},"excerpt":{"rendered":"<p>8 pa\u017adziernika zosta\u0142 uroczy\u015bcie otwarty i po\u015bwi\u0119cony plac zabaw w Morzyczynie W\u0142\u00f3ki.<\/p>\n","protected":false},"author":1,"featured_media":0,"comment_status":"closed","ping_status":"closed","sticky":false,"template":"","format":"standard","meta":{"footnotes":""},"categories":[5,41],"tags":[1604,2584],"class_list":["post-16888","post","type-post","status-publish","format-standard","hentry","category-newsy","category-wiesci-gminne","tag-morzyczyn-wloki","tag-plac-zabaw-w-morzyczynie-wloki"],"views":3766,"_links":{"self":[{"href":"http:\/\/info.sadowne.pl\/index.php?rest_route=\/wp\/v2\/posts\/16888","targetHints":{"allow":["GET"]}}],"collection":[{"href":"http:\/\/info.sadowne.pl\/index.php?rest_route=\/wp\/v2\/posts"}],"about":[{"href":"http:\/\/info.sadowne.pl\/index.php?rest_route=\/wp\/v2\/types\/post"}],"author":[{"embeddable":true,"href":"http:\/\/info.sadowne.pl\/index.php?rest_route=\/wp\/v2\/users\/1"}],"replies":[{"embeddable":true,"href":"http:\/\/info.sadowne.pl\/index.php?rest_route=%2Fwp%2Fv2%2Fcomments&post=16888"}],"version-history":[{"count":3,"href":"http:\/\/info.sadowne.pl\/index.php?rest_route=\/wp\/v2\/posts\/16888\/revisions"}],"predecessor-version":[{"id":23088,"href":"http:\/\/info.sadowne.pl\/index.php?rest_route=\/wp\/v2\/posts\/16888\/revisions\/23088"}],"wp:attachment":[{"href":"http:\/\/info.sadowne.pl\/index.php?rest_route=%2Fwp%2Fv2%2Fmedia&parent=16888"}],"wp:term":[{"taxonomy":"category","embeddable":true,"href":"http:\/\/info.sadowne.pl\/index.php?rest_route=%2Fwp%2Fv2%2Fcategories&post=16888"},{"taxonomy":"post_tag","embeddable":true,"href":"http:\/\/info.sadowne.pl\/index.php?rest_route=%2Fwp%2Fv2%2Ftags&post=16888"}],"curies":[{"name":"wp","href":"https:\/\/api.w.org\/{rel}","templated":true}]}}