{"id":16896,"date":"2017-10-09T12:41:14","date_gmt":"2017-10-09T10:41:14","guid":{"rendered":"http:\/\/info.sadowne.pl\/?p=16896"},"modified":"2020-04-24T12:07:30","modified_gmt":"2020-04-24T10:07:30","slug":"sloneczna-struna","status":"publish","type":"post","link":"http:\/\/info.sadowne.pl\/?p=16896","title":{"rendered":"\u201eS\u0142oneczna Struna\u201d"},"content":{"rendered":"<p><strong><img loading=\"lazy\" decoding=\"async\" class=\"alignleft size-thumbnail wp-image-16897\" src=\"http:\/\/info.sadowne.pl\/wp-content\/uploads\/2017\/10\/2017.10.09.1-180x130.jpg\" alt=\"\" width=\"180\" height=\"130\" \/>8 pa\u017adziernika sadowie\u0144scy melomani mieli okazj\u0119 wys\u0142ucha\u0107 koncertu ukrai\u0144skiego zespo\u0142u \u201eS\u0142oneczna Struna\u201d.<\/strong><!--more--><\/p>\n<p>Zesp\u00f3\u0142 muzyczno \u2013 wokalny \u201eS\u0142oneczna Struna\u201d nie tylko znany jest w rejonie Kosowskim na Ukrainie \u2013 sk\u0105d pochodzi, ale te\u017c za swoj\u0105 zachodni\u0105 granic\u0105. Od kilku lat bandurzystki, cz\u0142onkinie tego zespo\u0142u, odwiedzaj\u0105 nasze strony za spraw\u0105 wsp\u00f3\u0142pracy z Liceum Og\u00f3lnokszta\u0142c\u0105cym im. Marii Sadziwiczowej w \u0141ochowie i koncertuj\u0105 w okolicy.<\/p>\n<p>Nie zapomina te\u017c o Sadownem Dyrektor \u0142ochowskiego LO p. Andrzej Suchenek, kt\u00f3ry wsp\u00f3lnie z bandurzystkami odwiedza okoliczne miejscowo\u015bci. Tak by\u0142o i tym razem\u2026<\/p>\n<p>8 pa\u017adziernika, na zaproszenie W\u00f3jta Gminy Sadowne p. Waldemara Cyrana i Gminnego O\u015brodka Kultury, do Sadownego przyby\u0142 w\u0142a\u015bnie zesp\u00f3\u0142 \u201eS\u0142oneczna Struna\u201d. Popo\u0142udniem w Sali OSP Sadowne nasi melomani mieli okazj\u0119 pos\u0142ucha\u0107 utwor\u00f3w wykonywanych przez sze\u015b\u0107 cz\u0142onki\u0144 zespo\u0142u. Widownia dobrze si\u0119 bawi\u0142a przy znanej muzyce ukrai\u0144skiej i polskiej wykonywanej na bandurach cz\u0119stym \u015bpiewem ch\u00f3ralnym wykonawczy\u0144.<\/p>\n<p>Dzi\u0119kujemy \u201eS\u0142onecznej Strunie\u201d za odwiedziny, a Panu Dyrektorowi Suchenkowi za pami\u0119\u0107 o nas. Polecamy si\u0119 i zapraszamy ponownie!<\/p>\n<p><a href=\"https:\/\/photos.app.goo.gl\/ShYh2UJoHUiA543c7\" target=\"_blank\" rel=\"noopener noreferrer\"><span style=\"color: #0000ff;\"><strong>Zdj\u0119cia w galerii Google&gt;&gt;&gt;<\/strong><\/span><\/a><\/p>\n<p><span style=\"color: #0000ff;\"><a style=\"color: #0000ff;\" href=\"https:\/\/youtu.be\/554_0pOwBws\" target=\"_blank\" rel=\"noopener noreferrer\"><strong>Zobacz te\u017c film&gt;&gt;&gt;<\/strong><\/a><\/span><\/p>\n<p><strong>Tekst\/foto:<\/strong> S\u0142awek Chyli\u0144ski<\/p>\n","protected":false},"excerpt":{"rendered":"<p>8 pa\u017adziernika sadowie\u0144scy melomani mieli okazj\u0119 wys\u0142ucha\u0107 koncertu ukrai\u0144skiego zespo\u0142u \u201eS\u0142oneczna Struna\u201d.<\/p>\n","protected":false},"author":1,"featured_media":0,"comment_status":"closed","ping_status":"closed","sticky":false,"template":"","format":"standard","meta":{"footnotes":""},"categories":[5,91,6],"tags":[169,2575],"class_list":["post-16896","post","type-post","status-publish","format-standard","hentry","category-newsy","category-gminny-osrodek-kultury","category-kultura-rozrywka-edukacja","tag-gminny-osrodek-kultury-w-sadownem","tag-koncert-bandurzystow-z-ukrainy"],"views":2764,"_links":{"self":[{"href":"http:\/\/info.sadowne.pl\/index.php?rest_route=\/wp\/v2\/posts\/16896","targetHints":{"allow":["GET"]}}],"collection":[{"href":"http:\/\/info.sadowne.pl\/index.php?rest_route=\/wp\/v2\/posts"}],"about":[{"href":"http:\/\/info.sadowne.pl\/index.php?rest_route=\/wp\/v2\/types\/post"}],"author":[{"embeddable":true,"href":"http:\/\/info.sadowne.pl\/index.php?rest_route=\/wp\/v2\/users\/1"}],"replies":[{"embeddable":true,"href":"http:\/\/info.sadowne.pl\/index.php?rest_route=%2Fwp%2Fv2%2Fcomments&post=16896"}],"version-history":[{"count":2,"href":"http:\/\/info.sadowne.pl\/index.php?rest_route=\/wp\/v2\/posts\/16896\/revisions"}],"predecessor-version":[{"id":23087,"href":"http:\/\/info.sadowne.pl\/index.php?rest_route=\/wp\/v2\/posts\/16896\/revisions\/23087"}],"wp:attachment":[{"href":"http:\/\/info.sadowne.pl\/index.php?rest_route=%2Fwp%2Fv2%2Fmedia&parent=16896"}],"wp:term":[{"taxonomy":"category","embeddable":true,"href":"http:\/\/info.sadowne.pl\/index.php?rest_route=%2Fwp%2Fv2%2Fcategories&post=16896"},{"taxonomy":"post_tag","embeddable":true,"href":"http:\/\/info.sadowne.pl\/index.php?rest_route=%2Fwp%2Fv2%2Ftags&post=16896"}],"curies":[{"name":"wp","href":"https:\/\/api.w.org\/{rel}","templated":true}]}}