{"id":16906,"date":"2017-10-11T15:03:23","date_gmt":"2017-10-11T13:03:23","guid":{"rendered":"http:\/\/info.sadowne.pl\/?p=16906"},"modified":"2020-04-24T12:06:19","modified_gmt":"2020-04-24T10:06:19","slug":"nauczyciele-swietuja","status":"publish","type":"post","link":"http:\/\/info.sadowne.pl\/?p=16906","title":{"rendered":"Nauczyciele \u015bwi\u0119tuj\u0105!"},"content":{"rendered":"<p><strong><img loading=\"lazy\" decoding=\"async\" class=\"alignleft size-thumbnail wp-image-16907\" src=\"http:\/\/info.sadowne.pl\/wp-content\/uploads\/2017\/10\/2017.10.11.1-180x130.jpg\" alt=\"\" width=\"180\" height=\"130\" \/>Jako pierwsi rozpocz\u0119li obchody Dnia Komisji Edukacji Narodowej pracownicy sadowie\u0144skiego Gimnazjum.<\/strong><!--more--><\/p>\n<p><em>Jak wszyscy zapewne wiemy, <\/em><em>dzie\u0144 ten upami\u0119tnia\u00a0rocznic\u0119 powstania\u00a0Komisji Edukacji Narodowej, kt\u00f3ra zosta\u0142a utworzona z\u00a0inicjatywy\u00a0kr\u00f3la\u00a0Stanis\u0142awa\u00a0Augusta\u00a0Poniatowskiego\u00a0i zrealizowana przez Sejm Rozbiorowy w dniu 14 pa\u017adziernika 1773 r. Potocznie dzie\u0144 ten wszyscy zwiemy Dniem Nauczyciela.<\/em><\/p>\n<p>Z tej w\u0142a\u015bnie okazji, 11 pa\u017adziernika w Gimnazjum w Sadownem odby\u0142a si\u0119 uroczysto\u015b\u0107, kt\u00f3rej g\u0142\u00f3wnymi bohaterami byli nauczyciele i pracownicy tej szko\u0142y. M\u0142odzie\u017c, pod kierunkiem p. Gra\u017cyny Gr\u0119dziak, przygotowa\u0142a pi\u0119kn\u0105 cz\u0119\u015b\u0107 artystyczn\u0105. Imprez\u0119 zaszczycili te\u017c przedstawiciele miejscowych w\u0142adz, w imieniu kt\u00f3rych najserdeczniejsze \u017cyczenia jubilatom oraz okoliczno\u015bciowe nagrody przekaza\u0142 W\u00f3jt Gminy Sadowne p. Waldemar Cyran. Oczywi\u015bcie by\u0142y te\u017c symboliczne kwiatki dla \u015bwi\u0119tuj\u0105cych, tak\u017ce od Rady Rodzic\u00f3w.<\/p>\n<p><strong>C\u00f3\u017c wi\u0119cej doda\u0107? Mo\u017ce tylko\u2026 du\u017co zdrowia i cierpliwo\u015bci Drodzy Pedagodzy!<\/strong><\/p>\n<p><a href=\"https:\/\/photos.app.goo.gl\/gp5WorPMPP4CBL126\" target=\"_blank\" rel=\"noopener noreferrer\"><span style=\"color: #0000ff;\"><strong>Zdj\u0119cia w galerii Google&gt;&gt;&gt;<\/strong><\/span><\/a><\/p>\n<p><strong>Tekst\/foto:<\/strong> S\u0142awek Chyli\u0144ski<\/p>\n","protected":false},"excerpt":{"rendered":"<p>Jako pierwsi rozpocz\u0119li obchody Dnia Komisji Edukacji Narodowej pracownicy sadowie\u0144skiego Gimnazjum.<\/p>\n","protected":false},"author":1,"featured_media":0,"comment_status":"closed","ping_status":"closed","sticky":false,"template":"","format":"standard","meta":{"footnotes":""},"categories":[5,83,1752],"tags":[2587,71],"class_list":["post-16906","post","type-post","status-publish","format-standard","hentry","category-newsy","category-gimnazjum","category-edukacja","tag-dzien-nauczyciela-w-sadowienskim-gimnazjum","tag-gimnazjum-sadowne"],"views":3125,"_links":{"self":[{"href":"http:\/\/info.sadowne.pl\/index.php?rest_route=\/wp\/v2\/posts\/16906","targetHints":{"allow":["GET"]}}],"collection":[{"href":"http:\/\/info.sadowne.pl\/index.php?rest_route=\/wp\/v2\/posts"}],"about":[{"href":"http:\/\/info.sadowne.pl\/index.php?rest_route=\/wp\/v2\/types\/post"}],"author":[{"embeddable":true,"href":"http:\/\/info.sadowne.pl\/index.php?rest_route=\/wp\/v2\/users\/1"}],"replies":[{"embeddable":true,"href":"http:\/\/info.sadowne.pl\/index.php?rest_route=%2Fwp%2Fv2%2Fcomments&post=16906"}],"version-history":[{"count":2,"href":"http:\/\/info.sadowne.pl\/index.php?rest_route=\/wp\/v2\/posts\/16906\/revisions"}],"predecessor-version":[{"id":23086,"href":"http:\/\/info.sadowne.pl\/index.php?rest_route=\/wp\/v2\/posts\/16906\/revisions\/23086"}],"wp:attachment":[{"href":"http:\/\/info.sadowne.pl\/index.php?rest_route=%2Fwp%2Fv2%2Fmedia&parent=16906"}],"wp:term":[{"taxonomy":"category","embeddable":true,"href":"http:\/\/info.sadowne.pl\/index.php?rest_route=%2Fwp%2Fv2%2Fcategories&post=16906"},{"taxonomy":"post_tag","embeddable":true,"href":"http:\/\/info.sadowne.pl\/index.php?rest_route=%2Fwp%2Fv2%2Ftags&post=16906"}],"curies":[{"name":"wp","href":"https:\/\/api.w.org\/{rel}","templated":true}]}}