{"id":16976,"date":"2017-10-21T11:49:55","date_gmt":"2017-10-21T09:49:55","guid":{"rendered":"http:\/\/info.sadowne.pl\/?p=16976"},"modified":"2020-04-24T12:04:34","modified_gmt":"2020-04-24T10:04:34","slug":"wycieczka-do-dziwerowki","status":"publish","type":"post","link":"http:\/\/info.sadowne.pl\/?p=16976","title":{"rendered":"Wycieczka do \u201eDziwer\u00f3wki\u201d"},"content":{"rendered":"<p><strong><img loading=\"lazy\" decoding=\"async\" class=\"alignleft size-thumbnail wp-image-16977\" src=\"http:\/\/info.sadowne.pl\/wp-content\/uploads\/2017\/10\/2017.10.21.01-180x130.jpg\" alt=\"\" width=\"180\" height=\"130\" \/>Korzystaj\u0105c z uprzejmo\u015bci Ko\u0142a \u0141owieckiego \u201eLOT\u201d, dzieci z przedszkola i z klas I \u2013 III Zespo\u0142u Szkolno \u2013 Przedszkolnego w Grabinach uda\u0142y si\u0119 wozem taborowym \u201eJamnik\u201d na wycieczk\u0119 do \u201eDziwer\u00f3wki\u201d. <\/strong><!--more--><\/p>\n<p>Po drodze zwiedzili\u015bmy Rezerwat Czaplowizna. W\u0119dr\u00f3wk\u0119 p. Krzysztof Kalbarczyk rozpocz\u0105\u0142 od przypomnienia zasad zachowania si\u0119 w lesie. Podczas spaceru opowiedzia\u0142 dzieciom wiele ciekawostek o ro\u015blinach i zwierz\u0119tach. Wszyscy podziwiali uroki polskiej z\u0142otej jesieni i wys\u0142uchali kr\u00f3tkiej lekcji przyrody.<\/p>\n<p>Jesie\u0144 to najpi\u0119kniejsza pora roku, w kt\u00f3rej spotykamy si\u0119 z ogromn\u0105 gam\u0105 barw. W czasie jesieni li\u015bcie d\u0119bu, buku, brzozy i innych drzew staj\u0105 si\u0119 \u017c\u00f3\u0142to-czerwono-br\u0105zowo-pomara\u0144czowe, potem spadaj\u0105c tworz\u0105 wielobarwny dywan przykrywaj\u0105cy ziemi\u0119. Dni staj\u0105 si\u0119 ch\u0142odniejsze. Zwierz\u0119ta robi\u0105 zapasy na zim\u0119, np. wiewi\u00f3rki zbieraj\u0105 orzechy, a nied\u017awiedzie gromadz\u0105 w sobie ogromne ilo\u015bci t\u0142uszczu. Ptaki zbieraj\u0105 si\u0119 w stada i odlatuj\u0105 do cieplejszych kraj\u00f3w. Takie spostrze\u017cenia uczniowie po powrocie z wycieczki zapisali w zeszytach. Przedszkolaki mia\u0142y okazj\u0119 nauczy\u0107 si\u0119, a dzieci starsze przypomnie\u0107 warstwy lasu, pokazuj\u0105c poszczeg\u00f3lne ich elementy.<\/p>\n<p>Panowie my\u015bliwi zaprosili nas do \u201eDziwer\u00f3wki\u201d, gdzie przygotowali dla nas ognisko, na kt\u00f3rym upiekli\u015bmy kie\u0142baski. Po pysznym posi\u0142ku i chwili odpoczynku rozpocz\u0119\u0142y si\u0119 wsp\u00f3lne zabawy. Najciekawsze chwile z wyprawy zatrzyma\u0142a w kadrze p. Agnieszka Narowska. B\u0119d\u0105 one wspania\u0142\u0105 pami\u0105tk\u0105 z bardzo udanej wycieczki.<\/p>\n<p>Wychowawczynie wraz z dzie\u0107mi bardzo dzi\u0119kuj\u0105 panom my\u015bliwym z Ko\u0142a \u0141owieckiego \u201eLOT\u201d z p. \u0141owczym Krzysztofem Kalbarczykiem na czele za zorganizowanie ciekawej lekcji przyrody w terenie i mi\u0142e przyj\u0119cie.<\/p>\n<p><strong>Opiekunowie wycieczki<\/strong><\/p>\n<p><a href=\"https:\/\/photos.app.goo.gl\/91TqHqzW9WfhHGMy2\" target=\"_blank\" rel=\"noopener noreferrer\"><span style=\"color: #0000ff;\"><strong>Zdj\u0119cia w galerii Google&gt;&gt;&gt;<\/strong><\/span><\/a><\/p>\n","protected":false},"excerpt":{"rendered":"<p>Korzystaj\u0105c z uprzejmo\u015bci Ko\u0142a \u0141owieckiego \u201eLOT\u201d, dzieci z przedszkola i z klas I \u2013 III Zespo\u0142u Szkolno \u2013 Przedszkolnego w Grabinach uda\u0142y si\u0119 wozem taborowym \u201eJamnik\u201d na wycieczk\u0119 do \u201eDziwer\u00f3wki\u201d.<\/p>\n","protected":false},"author":1,"featured_media":0,"comment_status":"closed","ping_status":"closed","sticky":false,"template":"","format":"standard","meta":{"footnotes":""},"categories":[5,1752,1120],"tags":[2568,2597,2289],"class_list":["post-16976","post","type-post","status-publish","format-standard","hentry","category-newsy","category-edukacja","category-zespol-szkolno-przedszkolny-w-grabinach","tag-malgorzta-narowska","tag-wycieczka-do-dziwerowki","tag-zespol-szkolno-przedszkolny-w-grabinach"],"views":3302,"_links":{"self":[{"href":"http:\/\/info.sadowne.pl\/index.php?rest_route=\/wp\/v2\/posts\/16976","targetHints":{"allow":["GET"]}}],"collection":[{"href":"http:\/\/info.sadowne.pl\/index.php?rest_route=\/wp\/v2\/posts"}],"about":[{"href":"http:\/\/info.sadowne.pl\/index.php?rest_route=\/wp\/v2\/types\/post"}],"author":[{"embeddable":true,"href":"http:\/\/info.sadowne.pl\/index.php?rest_route=\/wp\/v2\/users\/1"}],"replies":[{"embeddable":true,"href":"http:\/\/info.sadowne.pl\/index.php?rest_route=%2Fwp%2Fv2%2Fcomments&post=16976"}],"version-history":[{"count":2,"href":"http:\/\/info.sadowne.pl\/index.php?rest_route=\/wp\/v2\/posts\/16976\/revisions"}],"predecessor-version":[{"id":23085,"href":"http:\/\/info.sadowne.pl\/index.php?rest_route=\/wp\/v2\/posts\/16976\/revisions\/23085"}],"wp:attachment":[{"href":"http:\/\/info.sadowne.pl\/index.php?rest_route=%2Fwp%2Fv2%2Fmedia&parent=16976"}],"wp:term":[{"taxonomy":"category","embeddable":true,"href":"http:\/\/info.sadowne.pl\/index.php?rest_route=%2Fwp%2Fv2%2Fcategories&post=16976"},{"taxonomy":"post_tag","embeddable":true,"href":"http:\/\/info.sadowne.pl\/index.php?rest_route=%2Fwp%2Fv2%2Ftags&post=16976"}],"curies":[{"name":"wp","href":"https:\/\/api.w.org\/{rel}","templated":true}]}}