{"id":17023,"date":"2017-10-26T19:47:33","date_gmt":"2017-10-26T17:47:33","guid":{"rendered":"http:\/\/info.sadowne.pl\/?p=17023"},"modified":"2017-10-26T19:47:33","modified_gmt":"2017-10-26T17:47:33","slug":"slubowanie-w-grabinach-2","status":"publish","type":"post","link":"http:\/\/info.sadowne.pl\/?p=17023","title":{"rendered":"\u015alubowanie w Grabinach"},"content":{"rendered":"<p><strong><a href=\"http:\/\/info.sadowne.pl\/wp-content\/uploads\/2017\/10\/2017.10.26.12.jpg\" target=\"_blank\" rel=\"noopener noreferrer\"><img loading=\"lazy\" decoding=\"async\" class=\"alignleft wp-image-17024 size-thumbnail\" src=\"http:\/\/info.sadowne.pl\/wp-content\/uploads\/2017\/10\/2017.10.26.12-180x130.jpg\" alt=\"\" width=\"180\" height=\"130\" \/><\/a>\u201eWiedz\u0119 mo\u017cemy zdobywa\u0107 od innych, ale m\u0105dro\u015bci musimy nauczy\u0107 si\u0119 sami\u201d &#8211; A. Mickiewicz.<\/strong><!--more--><\/p>\n<p>Takie has\u0142o towarzyszy\u0142o pierwszakom, kt\u00f3rzy 25 pa\u017adziernika\u00a0 bie\u017c\u0105cego roku w Szkole Podstawowej im. ks. Jana Twardowskiego w Grabinach z\u0142o\u017cyli \u015blubowanie i zostali pasowani na uczni\u00f3w klasy pierwszej. O godzinie 9.00 na sal\u0119 gimnastyczn\u0105 krokiem tanecznym w rytmie poloneza wkroczyli pierwszoklasi\u015bci.<\/p>\n<p><a href=\"http:\/\/info.sadowne.pl\/wp-content\/uploads\/2017\/10\/2017.10.26.13.jpg\" target=\"_blank\" rel=\"noopener noreferrer\"><img loading=\"lazy\" decoding=\"async\" class=\"alignright wp-image-17025 size-medium\" src=\"http:\/\/info.sadowne.pl\/wp-content\/uploads\/2017\/10\/2017.10.26.13-300x199.jpg\" alt=\"\" width=\"300\" height=\"199\" srcset=\"http:\/\/info.sadowne.pl\/wp-content\/uploads\/2017\/10\/2017.10.26.13-300x199.jpg 300w, http:\/\/info.sadowne.pl\/wp-content\/uploads\/2017\/10\/2017.10.26.13-768x510.jpg 768w, http:\/\/info.sadowne.pl\/wp-content\/uploads\/2017\/10\/2017.10.26.13.jpg 772w\" sizes=\"auto, (max-width: 300px) 100vw, 300px\" \/><\/a>W obecno\u015bci Dyrektora Szko\u0142y, zaproszonych Go\u015bci, Rodzic\u00f3w i ca\u0142ej spo\u0142eczno\u015bci szkolnej zaprezentowali kr\u00f3tki program artystyczny, w kt\u00f3rym zdali pierwszy egzamin na Ucznia. \u015apiewaj\u0105co odpowiadali na pytania dotycz\u0105ce nauki szkolnej oraz zasad zachowania. Wszyscy obecni na uroczysto\u015bci zgodnie stwierdzili, \u017ce dzieci sprawdzian pi\u0119knie zda\u0142y i mog\u0105 zosta\u0107 przyj\u0119te do braci uczniowskiej. Pierwszoklasi\u015bci \u015blubowali na sztandar szko\u0142y, a Dyrekcja dokona\u0142a aktu pasowania na uczni\u00f3w. Na pami\u0105tk\u0119 otrzymali puchary i czapki uczniowskie. Nie zabrak\u0142o r\u00f3wnie\u017c s\u0142odkiego pocz\u0119stunku przygotowanego przez Rodzic\u00f3w.<\/p>\n<p><a href=\"http:\/\/info.sadowne.pl\/wp-content\/uploads\/2017\/10\/2017.10.26.14.jpg\" target=\"_blank\" rel=\"noopener noreferrer\"><img loading=\"lazy\" decoding=\"async\" class=\"alignleft wp-image-17026 size-medium\" src=\"http:\/\/info.sadowne.pl\/wp-content\/uploads\/2017\/10\/2017.10.26.14-300x239.jpg\" alt=\"\" width=\"300\" height=\"239\" srcset=\"http:\/\/info.sadowne.pl\/wp-content\/uploads\/2017\/10\/2017.10.26.14-300x239.jpg 300w, http:\/\/info.sadowne.pl\/wp-content\/uploads\/2017\/10\/2017.10.26.14-768x613.jpg 768w, http:\/\/info.sadowne.pl\/wp-content\/uploads\/2017\/10\/2017.10.26.14.jpg 797w\" sizes=\"auto, (max-width: 300px) 100vw, 300px\" \/><\/a>Nad ca\u0142o\u015bci\u0105 czuwa\u0142a wychowawczyni klasy I p. Lidia Chojnowska. Najciekawsze chwile w kadrze utrwali\u0142a Agnieszka Narowska.<\/p>\n<p>Kochane Pierwszaki! Cieszymy si\u0119, \u017ce jeste\u015bcie ju\u017c uczniami i \u017cyczymy Wam sukces\u00f3w w nauce.<\/p>\n<p><strong>Dyrekcja, nauczyciele i uczniowie<\/strong><\/p>\n<p><strong>Zdj\u0119cia na stronie <span style=\"color: #0000ff;\"><a style=\"color: #0000ff;\" href=\"http:\/\/zspgrabiny.pl\/\" target=\"_blank\" rel=\"noopener noreferrer\">Zespo\u0142u Szkolno \u2013 Przedszkolnego w Grabinach&gt;&gt;&gt;<\/a><\/span><\/strong><\/p>\n","protected":false},"excerpt":{"rendered":"<p>\u201eWiedz\u0119 mo\u017cemy zdobywa\u0107 od innych, ale m\u0105dro\u015bci musimy nauczy\u0107 si\u0119 sami\u201d &#8211; A. Mickiewicz.<\/p>\n","protected":false},"author":1,"featured_media":0,"comment_status":"closed","ping_status":"closed","sticky":false,"template":"","format":"standard","meta":{"footnotes":""},"categories":[5,1752,1120],"tags":[2604,2289],"class_list":["post-17023","post","type-post","status-publish","format-standard","hentry","category-newsy","category-edukacja","category-zespol-szkolno-przedszkolny-w-grabinach","tag-slubowanie-klasy-i-w-grabinach","tag-zespol-szkolno-przedszkolny-w-grabinach"],"views":3314,"_links":{"self":[{"href":"http:\/\/info.sadowne.pl\/index.php?rest_route=\/wp\/v2\/posts\/17023","targetHints":{"allow":["GET"]}}],"collection":[{"href":"http:\/\/info.sadowne.pl\/index.php?rest_route=\/wp\/v2\/posts"}],"about":[{"href":"http:\/\/info.sadowne.pl\/index.php?rest_route=\/wp\/v2\/types\/post"}],"author":[{"embeddable":true,"href":"http:\/\/info.sadowne.pl\/index.php?rest_route=\/wp\/v2\/users\/1"}],"replies":[{"embeddable":true,"href":"http:\/\/info.sadowne.pl\/index.php?rest_route=%2Fwp%2Fv2%2Fcomments&post=17023"}],"version-history":[{"count":1,"href":"http:\/\/info.sadowne.pl\/index.php?rest_route=\/wp\/v2\/posts\/17023\/revisions"}],"predecessor-version":[{"id":17027,"href":"http:\/\/info.sadowne.pl\/index.php?rest_route=\/wp\/v2\/posts\/17023\/revisions\/17027"}],"wp:attachment":[{"href":"http:\/\/info.sadowne.pl\/index.php?rest_route=%2Fwp%2Fv2%2Fmedia&parent=17023"}],"wp:term":[{"taxonomy":"category","embeddable":true,"href":"http:\/\/info.sadowne.pl\/index.php?rest_route=%2Fwp%2Fv2%2Fcategories&post=17023"},{"taxonomy":"post_tag","embeddable":true,"href":"http:\/\/info.sadowne.pl\/index.php?rest_route=%2Fwp%2Fv2%2Ftags&post=17023"}],"curies":[{"name":"wp","href":"https:\/\/api.w.org\/{rel}","templated":true}]}}