{"id":17028,"date":"2017-10-27T15:05:09","date_gmt":"2017-10-27T13:05:09","guid":{"rendered":"http:\/\/info.sadowne.pl\/?p=17028"},"modified":"2017-10-27T15:05:09","modified_gmt":"2017-10-27T13:05:09","slug":"5-minut-o-7","status":"publish","type":"post","link":"http:\/\/info.sadowne.pl\/?p=17028","title":{"rendered":"5 minut o\u2026"},"content":{"rendered":"<p><strong><img loading=\"lazy\" decoding=\"async\" class=\"alignleft size-thumbnail wp-image-16974\" src=\"http:\/\/info.sadowne.pl\/wp-content\/uploads\/2017\/10\/wojt2-180x130.jpg\" alt=\"\" width=\"180\" height=\"130\" \/>\u2026Szanownym Jubilacie Info Sadowne.<\/strong><!--more--><\/p>\n<p><strong>Szanowny Panie Redaktorze. Panie S\u0142awku!<\/strong><\/p>\n<p><strong>Drodzy mieszka\u0144cy oraz wszyscy czytelnicy Portalu Info Sadowne<\/strong><\/p>\n<p>Stron\u0119 internetow\u0105 www.infosadowne.boo.pl (dzi\u015b www.info.sadowne.pl) pozna\u0142em zaraz na pocz\u0105tku dzia\u0142alno\u015bci portalu, w\u00f3wczas pe\u0142ni\u0142em funkcj\u0119 Przewodnicz\u0105cego Rady Gminy Sadowne i my\u015bl\u0119, \u017ce jak dla wielu z nas r\u00f3wnie\u017c dla mnie sta\u0142a si\u0119 najszybszym, najrzetelniejszym \u017ar\u00f3d\u0142em informacji z \u017cycia Gminy Sadowne.<\/p>\n<p>Portal po\u015bwi\u0119cony wydarzeniom z naszego terenu szybko zyskiwa\u0142 nowych czytelnik\u00f3w. Nie mog\u0142o sta\u0107 si\u0119 inaczej, artyku\u0142y zamieszczane s\u0105 pisane mi\u0142ym, przyjaznym j\u0119zykiem w stylu, kt\u00f3ry przypad\u0142 nam wszystkim szybko do gustu.<\/p>\n<p>Na \u0142amach portalu poruszane s\u0105 tematy wa\u017cne, mi\u0142e, ale czasem i trudne, cz\u0119sto nie zauwa\u017cone przez innych.<\/p>\n<p>Patrz\u0105c z perspektywy tych pi\u0119ciu lat, dzi\u0119ki Info Sadowne mo\u017cemy spostrzec jak zmienia si\u0119 nasza pi\u0119kna Gmina, cho\u0107 przedstawione artyku\u0142y niejednokrotnie wykraczaj\u0105 daleko poza jej granic\u0119.<\/p>\n<p>Portal Info Sadowne pe\u0142ni r\u00f3wnie\u017c rol\u0119 \u201eArchiwum\u201d, w kt\u00f3rym jest przekazywana najcenniejsza wiedza z \u017cycia nas wszystkich, nie tylko w formie pisemnej, ale te\u017c w wielu fotorelacjach, kt\u00f3re tak bardzo lubimy ogl\u0105da\u0107. \u00a0Dzi\u0119ki Info Sadowne mog\u0119 r\u00f3wnie\u017c i ja, jako gospodarz Gminy Sadowne, komunikowa\u0107 si\u0119 z Pa\u0144stwem.<\/p>\n<p><strong>Szanowny Jubilacie Info Sadowne i Panie S\u0142awku<\/strong><\/p>\n<p>Sk\u0142adam s\u0142owa najszczerszego uznania dla Pana pracy na rzecz nas wszystkich. \u017bycz\u0119 wytrwa\u0142o\u015bci, cierpliwo\u015bci oraz czerpania satysfakcji z tego, co Pan robi ka\u017cdego dnia. Sadowne i okolica bez Pana dzia\u0142alno\u015bci by\u0142aby o wiele ubo\u017csza. 100 lat!!!<\/p>\n<p><strong>W imieniu w\u0142asnym i wszystkich mieszka\u0144c\u00f3w Gminu Sadowne&#8230; Dzi\u0119kuj\u0119!<\/strong><\/p>\n<p><strong>Z pozdrowieniami W\u00f3jt Gminy Sadowne<\/strong><\/p>\n<p><strong>Waldemar Cyran<\/strong><\/p>\n<div id=\"attachment_17029\" style=\"width: 399px\" class=\"wp-caption aligncenter\"><img loading=\"lazy\" decoding=\"async\" aria-describedby=\"caption-attachment-17029\" class=\"size-full wp-image-17029\" src=\"http:\/\/info.sadowne.pl\/wp-content\/uploads\/2017\/10\/tort.jpg\" alt=\"\" width=\"389\" height=\"398\" srcset=\"http:\/\/info.sadowne.pl\/wp-content\/uploads\/2017\/10\/tort.jpg 389w, http:\/\/info.sadowne.pl\/wp-content\/uploads\/2017\/10\/tort-293x300.jpg 293w\" sizes=\"auto, (max-width: 389px) 100vw, 389px\" \/><p id=\"caption-attachment-17029\" class=\"wp-caption-text\">Birthday Cake<\/p><\/div>\n","protected":false},"excerpt":{"rendered":"<p>\u2026Szanownym Jubilacie Info Sadowne.<\/p>\n","protected":false},"author":1,"featured_media":0,"comment_status":"closed","ping_status":"closed","sticky":false,"template":"","format":"standard","meta":{"footnotes":""},"categories":[1204,5,41],"tags":[2605,1033],"class_list":["post-17028","post","type-post","status-publish","format-standard","hentry","category-5-minut-o","category-newsy","category-wiesci-gminne","tag-5-minut-o-info-sadowne","tag-waldemar-cyran"],"views":2809,"_links":{"self":[{"href":"http:\/\/info.sadowne.pl\/index.php?rest_route=\/wp\/v2\/posts\/17028","targetHints":{"allow":["GET"]}}],"collection":[{"href":"http:\/\/info.sadowne.pl\/index.php?rest_route=\/wp\/v2\/posts"}],"about":[{"href":"http:\/\/info.sadowne.pl\/index.php?rest_route=\/wp\/v2\/types\/post"}],"author":[{"embeddable":true,"href":"http:\/\/info.sadowne.pl\/index.php?rest_route=\/wp\/v2\/users\/1"}],"replies":[{"embeddable":true,"href":"http:\/\/info.sadowne.pl\/index.php?rest_route=%2Fwp%2Fv2%2Fcomments&post=17028"}],"version-history":[{"count":1,"href":"http:\/\/info.sadowne.pl\/index.php?rest_route=\/wp\/v2\/posts\/17028\/revisions"}],"predecessor-version":[{"id":17030,"href":"http:\/\/info.sadowne.pl\/index.php?rest_route=\/wp\/v2\/posts\/17028\/revisions\/17030"}],"wp:attachment":[{"href":"http:\/\/info.sadowne.pl\/index.php?rest_route=%2Fwp%2Fv2%2Fmedia&parent=17028"}],"wp:term":[{"taxonomy":"category","embeddable":true,"href":"http:\/\/info.sadowne.pl\/index.php?rest_route=%2Fwp%2Fv2%2Fcategories&post=17028"},{"taxonomy":"post_tag","embeddable":true,"href":"http:\/\/info.sadowne.pl\/index.php?rest_route=%2Fwp%2Fv2%2Ftags&post=17028"}],"curies":[{"name":"wp","href":"https:\/\/api.w.org\/{rel}","templated":true}]}}