{"id":17031,"date":"2017-10-28T18:16:21","date_gmt":"2017-10-28T16:16:21","guid":{"rendered":"http:\/\/info.sadowne.pl\/?p=17031"},"modified":"2017-10-28T18:16:21","modified_gmt":"2017-10-28T16:16:21","slug":"slubowanie-w-sadownem","status":"publish","type":"post","link":"http:\/\/info.sadowne.pl\/?p=17031","title":{"rendered":"\u015alubowanie w Sadownem"},"content":{"rendered":"<p><strong><img loading=\"lazy\" decoding=\"async\" class=\"alignleft size-thumbnail wp-image-17032\" src=\"http:\/\/info.sadowne.pl\/wp-content\/uploads\/2017\/10\/2017.10.28.1-180x130.jpg\" alt=\"\" width=\"180\" height=\"130\" \/>27 pa\u017adziernika 2017 r. to wa\u017cna data dla dzieci z kl. Ia i Ib Szko\u0142y Podstawowej w Sadownem &#8211; odby\u0142o si\u0119 \u015blubowanie pierwszoklasist\u00f3w.<\/strong><!--more--><\/p>\n<p>W tym dniu pierwszaki, w galowych strojach, wsp\u00f3lnie z rodzicami przybyli do, specjalnie na t\u0119 okazj\u0119 udekorowanej, sali gimnastycznej, \u017ceby z\u0142o\u017cy\u0107 uroczyste \u015blubowanie. Przygotowywali si\u0119 do tego ju\u017c od d\u0142u\u017cszego czasu. Z zapa\u0142em uczyli si\u0119 wierszy i piosenek, brali udzia\u0142 w pr\u00f3bach.<\/p>\n<p>Wreszcie nadszed\u0142 ten oczekiwany dzie\u0144. Uroczysto\u015b\u0107 rozpocz\u0119\u0142a Pani Dyr. Ma\u0142gorzata Koro\u015b, kt\u00f3ra powita\u0142a wszystkich zebranych, ale szczeg\u00f3lnie pierwszoklasist\u00f3w. Nast\u0119pnie g\u0142\u00f3wni bohaterowie zaprezentowali swoje umiej\u0119tno\u015bci wokalne i recytatorskie. Popisali si\u0119 wiedz\u0105 o naszej Ojczy\u017anie, ruchu drogowym oraz w\u0142a\u015bciwym zachowaniu w szkole. Udowodnili, \u017ce s\u0105 gotowi zosta\u0107 prawdziwymi uczniami. Z przej\u0119ciem obiecywali, \u017ce b\u0119d\u0105 pilnie si\u0119 uczy\u0107 i w\u0142a\u015bciwie zachowywa\u0107. Po \u015blubowaniu Pani Dyr. dokona\u0142a pasowania za pomoc\u0105 symbolicznego o\u0142\u00f3wka. Na pami\u0105tk\u0119 uczniowie otrzymali dyplomy oraz maskotki. Uroczysto\u015b\u0107 zako\u0144czy\u0142a si\u0119 s\u0142odkim pocz\u0119stunkiem przygotowanym przez rodzic\u00f3w.<\/p>\n<p>Wszystkim pierwszakom \u017cyczymy wielu sukces\u00f3w w murach naszej szko\u0142y. Mamy nadziej\u0119, \u017ce s\u0142owa przyrzeczenia b\u0119d\u0105 dla nich drogowskazem na d\u0142ugie szkolne lata.<\/p>\n<p><strong>Wychowawczynie: H. \u017bach i H. Kobus<\/strong><\/p>\n<p><span style=\"color: #0000ff;\"><a style=\"color: #0000ff;\" href=\"https:\/\/photos.google.com\/share\/AF1QipOOLRXAevJWPTd-vDspp6pi-mhS0cZlGqZLBC2vlKgsvqZ64LPxi3kAWdh0vYLBSQ?key=M3Y3UzFJQ3pRTlliR25iM25oby1iSzNBbU92LUtR\" target=\"_blank\" rel=\"noopener noreferrer\"><strong>Zdj\u0119cia w galerii Google&gt;&gt;&gt;<\/strong><\/a><\/span><\/p>\n","protected":false},"excerpt":{"rendered":"<p>27 pa\u017adziernika 2017 r. to wa\u017cna data dla dzieci z kl. Ia i Ib Szko\u0142y Podstawowej w Sadownem &#8211; odby\u0142o si\u0119 \u015blubowanie pierwszoklasist\u00f3w.<\/p>\n","protected":false},"author":1,"featured_media":0,"comment_status":"closed","ping_status":"closed","sticky":false,"template":"","format":"standard","meta":{"footnotes":""},"categories":[5,1752,84],"tags":[2606,16],"class_list":["post-17031","post","type-post","status-publish","format-standard","hentry","category-newsy","category-edukacja","category-szkola-podstawowa-im-cz-wycecha","tag-slubowanie-w-sadownem","tag-szkola-podstawowa-w-sadownem"],"views":2745,"_links":{"self":[{"href":"http:\/\/info.sadowne.pl\/index.php?rest_route=\/wp\/v2\/posts\/17031","targetHints":{"allow":["GET"]}}],"collection":[{"href":"http:\/\/info.sadowne.pl\/index.php?rest_route=\/wp\/v2\/posts"}],"about":[{"href":"http:\/\/info.sadowne.pl\/index.php?rest_route=\/wp\/v2\/types\/post"}],"author":[{"embeddable":true,"href":"http:\/\/info.sadowne.pl\/index.php?rest_route=\/wp\/v2\/users\/1"}],"replies":[{"embeddable":true,"href":"http:\/\/info.sadowne.pl\/index.php?rest_route=%2Fwp%2Fv2%2Fcomments&post=17031"}],"version-history":[{"count":1,"href":"http:\/\/info.sadowne.pl\/index.php?rest_route=\/wp\/v2\/posts\/17031\/revisions"}],"predecessor-version":[{"id":17033,"href":"http:\/\/info.sadowne.pl\/index.php?rest_route=\/wp\/v2\/posts\/17031\/revisions\/17033"}],"wp:attachment":[{"href":"http:\/\/info.sadowne.pl\/index.php?rest_route=%2Fwp%2Fv2%2Fmedia&parent=17031"}],"wp:term":[{"taxonomy":"category","embeddable":true,"href":"http:\/\/info.sadowne.pl\/index.php?rest_route=%2Fwp%2Fv2%2Fcategories&post=17031"},{"taxonomy":"post_tag","embeddable":true,"href":"http:\/\/info.sadowne.pl\/index.php?rest_route=%2Fwp%2Fv2%2Ftags&post=17031"}],"curies":[{"name":"wp","href":"https:\/\/api.w.org\/{rel}","templated":true}]}}