{"id":17034,"date":"2017-10-28T19:24:44","date_gmt":"2017-10-28T17:24:44","guid":{"rendered":"http:\/\/info.sadowne.pl\/?p=17034"},"modified":"2017-10-28T20:23:19","modified_gmt":"2017-10-28T18:23:19","slug":"spodziewalismy-sie-tego","status":"publish","type":"post","link":"http:\/\/info.sadowne.pl\/?p=17034","title":{"rendered":"Spodziewali\u015bmy si\u0119 tego!"},"content":{"rendered":"<p><strong><img loading=\"lazy\" decoding=\"async\" class=\"alignleft size-thumbnail wp-image-17035\" src=\"http:\/\/info.sadowne.pl\/wp-content\/uploads\/2017\/10\/2017.10.28.2-180x130.jpg\" alt=\"\" width=\"180\" height=\"130\" \/>Jest to dla nas niemi\u0142a niespodzianka, ale spodziewali\u015bmy si\u0119 takiej decyzji. Wojewoda Mazowiecki zaleci\u0142 zmian\u0119 nazwy sadowie\u0144skiej ulicy Czes\u0142awa Wycecha.<\/strong><!--more--><\/p>\n<p>Kim by\u0142 Czes\u0142aw Wycech i czym zas\u0142u\u017cy\u0142 si\u0119 dla sadowie\u0144skiej spo\u0142eczno\u015bci, to zapewne wszyscy mieszka\u0144cy Gminy Sadowne &#8211; zw\u0142aszcza ci starsi &#8211; wiedz\u0105. Nie zaszkodzi jednak przytoczy\u0107 kilka s\u0142\u00f3w na temat tej osoby \u2013 mo\u017cemy przeczyta\u0107 ciekaw\u0105 biografi\u0119 (w skr\u00f3cie) na stronie Szko\u0142y Podstawowej w Sadownem, kt\u00f3rej nasz bohater jest patronem:<\/p>\n<p><em><img loading=\"lazy\" decoding=\"async\" class=\"alignleft size-full wp-image-17035\" src=\"http:\/\/info.sadowne.pl\/wp-content\/uploads\/2017\/10\/2017.10.28.2.jpg\" alt=\"\" width=\"185\" height=\"244\" \/>Czes\u0142aw Wycech &#8211; Marsza\u0142ek Sejmu PRL II kadencji (1957-1961), III kadencji (1961-1965), IV kadencji (1965-1969) i V kadencji (1969-1971).<\/em><\/p>\n<p><em>Urodzony 20.07.1899 w Wilczog\u0119bach w powiecie w\u0119growskim, w rodzinie ch\u0142opskiej. Zmar\u0142 26.05.1977 w Warszawie. Uko\u0144czy\u0142 Seminarium Nauczycielskie w Ursynowie 1918, Wy\u017cszy Kurs Nauczycielski w Warszawie 1924, Wydzia\u0142 Przyrodniczy Pa\u0144stwowego Instytutu Nauczycielskiego 1926. Nauczyciel w szko\u0142ach powszechnych 1919 \u2013 1937. Dzia\u0142alno\u015b\u0107 partyjn\u0105 rozpocz\u0105\u0142 w PSL\u201dWyzwolenie\u201d 1918. Sekretarz Zarz\u0105du Powiatowego w W\u0119growie 1922 \u2013 1925. Cz\u0142onek Stronnictwa Ludowego 1931 \u2013 1939. Cz\u0142onek Zwi\u0105zku Nauczycielstwa Szk\u00f3\u0142 Powszechnych od 1919. Wsp\u00f3\u0142tw\u00f3rca zjednoczenia organizacji nauczycielskich w Zwi\u0105zek Nauczycielstwa Polskiego, przewodnicz\u0105cy Wydzia\u0142u Organizacyjnego ZNP 1938. Podczas II wojny \u015bwiatowej od 10.1939 pracowa\u0142 w Tajnej Organizacji Nauczycielskiej. Kierownik Departamentu O\u015bwiaty i Kultury Delegatury Rz\u0105du RP na Kraj 1940 \u2013 1945. Minister o\u015bwiaty w Tymczasowym Rz\u0105dzie Jedno\u015bci Narodowej 1945 \u2013 1947. Propagator reformy szkolnictwa i zwalczania analfabetyzmu. Zasiada\u0142 w Radzie Naczelnej i Naczelnym Komitecie Wykonawczym PSL 1946 \u2013 1947.<\/em><\/p>\n<p>Poza t\u0105 notk\u0105 mo\u017cna tylko doda\u0107, \u017ce dzi\u0119ki tej osobie Sadowne mo\u017ce dzi\u015b poszczyci\u0107 si\u0119 jedn\u0105 z pierwszych w powiecie szko\u0142\u0105 \u015bredni\u0105, a tak\u017ce m.in. du\u017cym zapleczem dla naszych plac\u00f3wek o\u015bwiatowych.<\/p>\n<p><strong>I c\u00f3\u017c\u2026<\/strong> Okazuje si\u0119, \u017ce wesz\u0142a w \u017cycie Ustawa z dnia 1 kwietnia 2016 r. o zakazie propagowania komunizmu lub innego ustroju totalitarnego przez nazwy budowli, obiekt\u00f3w i urz\u0105dze\u0144 u\u017cyteczno\u015bci publicznej. W art. 1 tej Ustawy m\u00f3wi si\u0119:<\/p>\n<ol>\n<li>Nazwy budowli, obiekt\u00f3w i urz\u0105dze\u0144 u\u017cyteczno\u015bci publicznej, w tym dr\u00f3g, ulic, most\u00f3w i plac\u00f3w, nadawane przez jednostki samorz\u0105du terytorialnego nie mog\u0105 upami\u0119tnia\u0107 os\u00f3b, organizacji, wydarze\u0144 lub dat symbolizuj\u0105cych komunizm lub inny ustr\u00f3j totalitarny, ani w inny spos\u00f3b takiego ustroju propagowa\u0107.<\/li>\n<li>Za propaguj\u0105ce komunizm uwa\u017ca si\u0119 tak\u017ce nazwy odwo\u0142uj\u0105ce si\u0119 do os\u00f3b, organizacji, wydarze\u0144 lub dat symbolizuj\u0105cych represyjny, autorytarny i niesuwerenny system w\u0142adzy w Polsce w latach 1944\u20131989.<\/li>\n<\/ol>\n<p><strong>Jak si\u0119 okazuje, na li\u015bcie os\u00f3b, kt\u00f3re zwi\u0105zane by\u0142y z systemem w\u0142adzy PRL \u2013 sporz\u0105dzonej przez Instytut Pami\u0119ci Narodowej, znalaz\u0142 si\u0119 r\u00f3wnie\u017c Czes\u0142aw Wycech z racji sprawowania w tym okresie swoich funkcji pa\u0144stwowych. <\/strong><\/p>\n<p><strong>Co na to nasze w\u0142adze?<\/strong> W\u00f3jt Gminy Sadowne p. Waldemar Cyran stwierdzi\u0142: <em>Jak wiemy, patronem jednej z ulic Sadownego jest wspomniany Czes\u0142aw Wycech, a wi\u0119c nast\u0105pi\u0142 ustawowy wym\u00f3g zmiany jej nazwy. Wg nas osoba ta nie zas\u0142u\u017cy\u0142a na potraktowanie pami\u0119ci o niej w ten spos\u00f3b. Czes\u0142aw Wycech by\u0142 osob\u0105 zas\u0142u\u017con\u0105 dla Gminy Sadowne, dlatego te\u017c zwlekali\u015bmy z terminowym wykonaniem zalece\u0144 Ustawy i zwr\u00f3cili\u015bmy si\u0119 do w\u0142adz wy\u017cszych o potraktowanie naszej sprawy w spos\u00f3b szczeg\u00f3lny oraz odst\u0105pienie od konieczno\u015bci zastosowania w tym przypadku Ustawy o zakazie propagowania komunizmu\u2026 <\/em><\/p>\n<p><strong>Ostatecznie, w tych dniach do Urz\u0119du Gminy w Sadownem trafi\u0142o pismo Dyrektora Wydzia\u0142u Prawnego UW, w kt\u00f3rym informuje o przyst\u0105pieniu organu nadzoru do realizacji kompetencji zast\u0119pczych.<\/strong> C\u00f3\u017c to znaczy? Znaczy to, \u017ce decyzj\u0105 Wojewody mo\u017ce zosta\u0107 zmieniona nazwa przedmiotowej ulicy i narzucona nowa, wybrana losowo, chyba, \u017ce Urz\u0105d Gminy Sadowne w terminie 7 dni od daty dor\u0119czenia pisma zaproponuje swoj\u0105, now\u0105 nazw\u0119.<\/p>\n<p><img loading=\"lazy\" decoding=\"async\" class=\"aligncenter size-full wp-image-17036\" src=\"http:\/\/info.sadowne.pl\/wp-content\/uploads\/2017\/10\/2017.10.28.1-1.jpg\" alt=\"\" width=\"602\" height=\"721\" srcset=\"http:\/\/info.sadowne.pl\/wp-content\/uploads\/2017\/10\/2017.10.28.1-1.jpg 602w, http:\/\/info.sadowne.pl\/wp-content\/uploads\/2017\/10\/2017.10.28.1-1-250x300.jpg 250w\" sizes=\"auto, (max-width: 602px) 100vw, 602px\" \/><\/p>\n<p>Troch\u0119 to skomplikowane i k\u0142opotliwe, ale zalecenia, pod gro\u017ab\u0105 stosownej kary, trzeba wykona\u0107. Termin z\u0142o\u017cenia do szczebla wy\u017cszego propozycji nowej nazwy ulicy ju\u017c prawie mija. Gmina ma kilka pomys\u0142\u00f3w na now\u0105 nazw\u0119 ulicy Czes\u0142awa Wycecha i zapewne przeka\u017ce je do Urz\u0119du Wojew\u00f3dzkiego. Wkr\u00f3tce dowiemy si\u0119 o tym\u2026<\/p>\n<p><strong>Tekst:<\/strong> S\u0142awek Chyli\u0144ski<\/p>\n<p><strong>\u0179r\u00f3d\u0142o:<\/strong> www.spsadowne.pl<\/p>\n","protected":false},"excerpt":{"rendered":"<p>Jest to dla nas niemi\u0142a niespodzianka, ale spodziewali\u015bmy si\u0119 takiej decyzji. Wojewoda Mazowiecki zaleci\u0142 zmian\u0119 nazwy sadowie\u0144skiej ulicy Czes\u0142awa Wycecha.<\/p>\n","protected":false},"author":1,"featured_media":0,"comment_status":"closed","ping_status":"closed","sticky":false,"template":"","format":"standard","meta":{"footnotes":""},"categories":[5,41],"tags":[142,2607],"class_list":["post-17034","post","type-post","status-publish","format-standard","hentry","category-newsy","category-wiesci-gminne","tag-urzad-gminy-sadowne","tag-zmiana-nazwy-ulicy-czeslawa-wycecha-w-sadownem"],"views":4284,"_links":{"self":[{"href":"http:\/\/info.sadowne.pl\/index.php?rest_route=\/wp\/v2\/posts\/17034","targetHints":{"allow":["GET"]}}],"collection":[{"href":"http:\/\/info.sadowne.pl\/index.php?rest_route=\/wp\/v2\/posts"}],"about":[{"href":"http:\/\/info.sadowne.pl\/index.php?rest_route=\/wp\/v2\/types\/post"}],"author":[{"embeddable":true,"href":"http:\/\/info.sadowne.pl\/index.php?rest_route=\/wp\/v2\/users\/1"}],"replies":[{"embeddable":true,"href":"http:\/\/info.sadowne.pl\/index.php?rest_route=%2Fwp%2Fv2%2Fcomments&post=17034"}],"version-history":[{"count":3,"href":"http:\/\/info.sadowne.pl\/index.php?rest_route=\/wp\/v2\/posts\/17034\/revisions"}],"predecessor-version":[{"id":17039,"href":"http:\/\/info.sadowne.pl\/index.php?rest_route=\/wp\/v2\/posts\/17034\/revisions\/17039"}],"wp:attachment":[{"href":"http:\/\/info.sadowne.pl\/index.php?rest_route=%2Fwp%2Fv2%2Fmedia&parent=17034"}],"wp:term":[{"taxonomy":"category","embeddable":true,"href":"http:\/\/info.sadowne.pl\/index.php?rest_route=%2Fwp%2Fv2%2Fcategories&post=17034"},{"taxonomy":"post_tag","embeddable":true,"href":"http:\/\/info.sadowne.pl\/index.php?rest_route=%2Fwp%2Fv2%2Ftags&post=17034"}],"curies":[{"name":"wp","href":"https:\/\/api.w.org\/{rel}","templated":true}]}}