{"id":17045,"date":"2017-10-30T11:51:05","date_gmt":"2017-10-30T10:51:05","guid":{"rendered":"http:\/\/info.sadowne.pl\/?p=17045"},"modified":"2017-10-30T11:51:05","modified_gmt":"2017-10-30T10:51:05","slug":"w-gimnazjum-tez-czytali-wesele","status":"publish","type":"post","link":"http:\/\/info.sadowne.pl\/?p=17045","title":{"rendered":"W Gimnazjum te\u017c czytali \u201eWesele\u201d"},"content":{"rendered":"<p><strong><a href=\"http:\/\/info.sadowne.pl\/wp-content\/uploads\/2017\/10\/2017.10.30.11.jpg\" target=\"_blank\" rel=\"noopener noreferrer\"><img loading=\"lazy\" decoding=\"async\" class=\"alignleft wp-image-17046 size-thumbnail\" src=\"http:\/\/info.sadowne.pl\/wp-content\/uploads\/2017\/10\/2017.10.30.11-180x130.jpg\" alt=\"\" width=\"180\" height=\"130\" \/><\/a>W \u015brod\u0119 25 pa\u017adziernika Gimnazjum w Sadownem ju\u017c po raz kolejny przyst\u0105pi\u0142o do akcji Narodowego Czytania. <\/strong><!--more--><\/p>\n<p>Spotkanie zorganizowa\u0142a\u00a0<strong>pani Anna Gierej<\/strong>\u00a0przy wsp\u00f3\u0142pracy z\u00a0<strong>pani\u0105 Miros\u0142aw\u0105 Terciak<\/strong>. Do wsp\u00f3lnego czytania w\u0142\u0105czyli si\u0119 zaproszeni go\u015bcie, nauczyciele i m\u0142odzie\u017c.<\/p>\n<p>Po s\u0142owie wst\u0119pnym wyg\u0142oszonym przez\u00a0<strong>pani\u0105 Ann\u0119 Gierej<\/strong>\u00a0wszyscy zostali zaproszeni do wys\u0142uchania fragment\u00f3w\u00a0<strong><em>Wesela<\/em><\/strong>\u00a0<strong>Stanis\u0142awa Wyspia\u0144skiego<\/strong>. Bohaterom m\u0142odopolskiego dramatu swoich g\u0142os\u00f3w u\u017cyczyli:<\/p>\n<p><strong><a href=\"http:\/\/info.sadowne.pl\/wp-content\/uploads\/2017\/10\/2017.10.30.13.jpg\" target=\"_blank\" rel=\"noopener noreferrer\"><img loading=\"lazy\" decoding=\"async\" class=\"alignright wp-image-17047 size-medium\" src=\"http:\/\/info.sadowne.pl\/wp-content\/uploads\/2017\/10\/2017.10.30.13-300x200.jpg\" alt=\"\" width=\"300\" height=\"200\" srcset=\"http:\/\/info.sadowne.pl\/wp-content\/uploads\/2017\/10\/2017.10.30.13-300x200.jpg 300w, http:\/\/info.sadowne.pl\/wp-content\/uploads\/2017\/10\/2017.10.30.13-768x512.jpg 768w, http:\/\/info.sadowne.pl\/wp-content\/uploads\/2017\/10\/2017.10.30.13.jpg 797w\" sizes=\"auto, (max-width: 300px) 100vw, 300px\" \/><\/a>W\u00f3jt Gminy Sadowne pan Waldemar Cyran <\/strong>&#8211; Poeta<\/p>\n<p><strong>Pani Katarzyna Cyran <\/strong>&#8211; \u00a0Rachel<\/p>\n<p><strong>Dyrektor Gminnego O\u015brodka Kultury pani Ewa Pi\u00f3rkowska <\/strong>&#8211; Klimina<\/p>\n<p><strong>Dyrektor Gimnazjum w Sadownem pani Ma\u0142gorzata Zy\u015bk <\/strong>&#8211; Radczyni<\/p>\n<p><strong>Pani Miros\u0142awa\u00a0 Terciak <\/strong>&#8211; Zosia<\/p>\n<p><strong>Pani Gra\u017cyna Gr\u0119dziak <\/strong>&#8211; Haneczka<\/p>\n<p>Uczennice z klasy III c:<\/p>\n<p><strong>Natalia K\u0142\u00f3sek <\/strong>&#8211; Dziennikarz<\/p>\n<p><strong>Weronika Melchner <\/strong>&#8211; Czepiec<\/p>\n<p><em>Dekoracj\u0119,<\/em>\u00a0czyli obszerne didaskalia wprowadzaj\u0105ce w akcj\u0119 dramatu, przeczyta\u0142a\u00a0<strong>pani Dorota Ga\u0142\u0105zka<\/strong>.<\/p>\n<p><a href=\"http:\/\/info.sadowne.pl\/wp-content\/uploads\/2017\/10\/2017.10.30.12.jpg\" target=\"_blank\" rel=\"noopener noreferrer\"><img loading=\"lazy\" decoding=\"async\" class=\"aligncenter wp-image-17048 size-medium\" src=\"http:\/\/info.sadowne.pl\/wp-content\/uploads\/2017\/10\/2017.10.30.12-300x200.jpg\" alt=\"\" width=\"300\" height=\"200\" srcset=\"http:\/\/info.sadowne.pl\/wp-content\/uploads\/2017\/10\/2017.10.30.12-300x200.jpg 300w, http:\/\/info.sadowne.pl\/wp-content\/uploads\/2017\/10\/2017.10.30.12-768x512.jpg 768w, http:\/\/info.sadowne.pl\/wp-content\/uploads\/2017\/10\/2017.10.30.12.jpg 797w\" sizes=\"auto, (max-width: 300px) 100vw, 300px\" \/><\/a>Ponadto dziewczyny z kl. III c wprowadzi\u0142y w klimat biesiady weselnej pie\u015bni\u0105\u00a0<strong>pt.\u00a0<em>Oj, chmielu, chmielu<\/em><\/strong>, a na zako\u0144czenie, ku rozrzewnieniu serc, za\u015bpiewa\u0142y utw\u00f3r Kayah\u00a0<strong>pt.\u00a0<em>By\u0142am r\u00f3\u017c\u0105<\/em><\/strong>.<\/p>\n<p>Wszystko rozegra\u0142o si\u0119 w scenerii bronowickiej chaty &#8211; przy suto zastawionych sto\u0142ach przykrytych bia\u0142ymi obrusami, nad kt\u00f3rymi wisieli\u00a0<em>\u201e\u015awi\u0119ci obrazkowi\u201d<\/em>.<\/p>\n<p>Propagowanie literatury polskiej w ten spos\u00f3b spotka\u0142o si\u0119 z pozytywnym odbiorem ze strony s\u0142uchaczy, a m\u0142odzie\u017c zach\u0119ci\u0142o do przeczytania ca\u0142ego dzie\u0142a w przysz\u0142o\u015bci.<\/p>\n<p><strong>\u0179r\u00f3d\u0142o:<\/strong><\/p>\n<p><a href=\"http:\/\/www.gimnazjumsadowne.pl\/pl\/\" target=\"_blank\" rel=\"noopener noreferrer\">http:\/\/www.gimnazjumsadowne.pl\/pl\/<\/a><\/p>\n<p><strong>Foto:<\/strong><\/p>\n<p><a href=\"https:\/\/www.facebook.com\/pg\/gsadowne\/photos\/?tab=album&amp;album_id=1135137333284178\" target=\"_blank\" rel=\"noopener noreferrer\">https:\/\/www.facebook.com\/pg\/gsadowne\/photos\/?tab=album&amp;album_id=1135137333284178<\/a><\/p>\n","protected":false},"excerpt":{"rendered":"<p>W \u015brod\u0119 25 pa\u017adziernika Gimnazjum w Sadownem ju\u017c po raz kolejny przyst\u0105pi\u0142o do akcji Narodowego Czytania.<\/p>\n","protected":false},"author":1,"featured_media":0,"comment_status":"closed","ping_status":"closed","sticky":false,"template":"","format":"standard","meta":{"footnotes":""},"categories":[5,83,1752],"tags":[71,2548],"class_list":["post-17045","post","type-post","status-publish","format-standard","hentry","category-newsy","category-gimnazjum","category-edukacja","tag-gimnazjum-sadowne","tag-narodowe-czytanie-2017"],"views":3735,"_links":{"self":[{"href":"http:\/\/info.sadowne.pl\/index.php?rest_route=\/wp\/v2\/posts\/17045","targetHints":{"allow":["GET"]}}],"collection":[{"href":"http:\/\/info.sadowne.pl\/index.php?rest_route=\/wp\/v2\/posts"}],"about":[{"href":"http:\/\/info.sadowne.pl\/index.php?rest_route=\/wp\/v2\/types\/post"}],"author":[{"embeddable":true,"href":"http:\/\/info.sadowne.pl\/index.php?rest_route=\/wp\/v2\/users\/1"}],"replies":[{"embeddable":true,"href":"http:\/\/info.sadowne.pl\/index.php?rest_route=%2Fwp%2Fv2%2Fcomments&post=17045"}],"version-history":[{"count":1,"href":"http:\/\/info.sadowne.pl\/index.php?rest_route=\/wp\/v2\/posts\/17045\/revisions"}],"predecessor-version":[{"id":17049,"href":"http:\/\/info.sadowne.pl\/index.php?rest_route=\/wp\/v2\/posts\/17045\/revisions\/17049"}],"wp:attachment":[{"href":"http:\/\/info.sadowne.pl\/index.php?rest_route=%2Fwp%2Fv2%2Fmedia&parent=17045"}],"wp:term":[{"taxonomy":"category","embeddable":true,"href":"http:\/\/info.sadowne.pl\/index.php?rest_route=%2Fwp%2Fv2%2Fcategories&post=17045"},{"taxonomy":"post_tag","embeddable":true,"href":"http:\/\/info.sadowne.pl\/index.php?rest_route=%2Fwp%2Fv2%2Ftags&post=17045"}],"curies":[{"name":"wp","href":"https:\/\/api.w.org\/{rel}","templated":true}]}}