{"id":17050,"date":"2017-10-30T12:11:52","date_gmt":"2017-10-30T11:11:52","guid":{"rendered":"http:\/\/info.sadowne.pl\/?p=17050"},"modified":"2017-10-30T12:11:52","modified_gmt":"2017-10-30T11:11:52","slug":"na-hubertusie-troche-sie-dzialo","status":"publish","type":"post","link":"http:\/\/info.sadowne.pl\/?p=17050","title":{"rendered":"Na Hubertusie troch\u0119 si\u0119 dzia\u0142o\u2026"},"content":{"rendered":"<p><strong><a href=\"http:\/\/info.sadowne.pl\/wp-content\/uploads\/2017\/10\/2017.10.30.3.jpg\" target=\"_blank\" rel=\"noopener noreferrer\"><img loading=\"lazy\" decoding=\"async\" class=\"alignleft wp-image-17051 size-thumbnail\" src=\"http:\/\/info.sadowne.pl\/wp-content\/uploads\/2017\/10\/2017.10.30.3-180x130.jpg\" alt=\"\" width=\"180\" height=\"130\" \/><\/a>28 i 29 pa\u017adziernika my\u015bliwi \u015bwi\u0119towali \u2013 na naszym terenie odbywa\u0142 si\u0119 ju\u017c IX Hubertus W\u0119growski. Nie oby\u0142o si\u0119 te\u017c bez protest\u00f3w przeciwnik\u00f3w polowa\u0144.<\/strong><!--more--><\/p>\n<p><strong>Oficjalnie \u2013 podaje strona Starostwa Powiatowego w W\u0119growie:<\/strong> <em>W<\/em><em> dniach 28 i 29 pa\u017adziernika 2017 r. odby\u0142a si\u0119 kolejna edycja tradycyjnego \u015bwi\u0119ta my\u015bliwych, le\u015bnik\u00f3w i je\u017ad\u017ac\u00f3w &#8211; IX Hubertus W\u0119growski Mazowiecko-Podlaski 2017 r. Centralnym punktem tego dwudniowego wydarzenia by\u0142a uroczysta Msza \u015awi\u0119ta w ko\u015bcie pw. \u015bw. Ojca Pio pod przewodnictwem J.E. Ks. Biskupa Antoniego Pacyfika Dydycza, Biskupa Seniora Diecezji Drohiczy\u0144skiej. Poprzedzi\u0142a j\u0105 Parada \u015aw. Huberta z rynku w\u0119growskiego z udzia\u0142em my\u015bliwych, le\u015bnik\u00f3w, rolnik\u00f3w i je\u017ad\u017ac\u00f3w.<\/em><\/p>\n<p><em><a href=\"http:\/\/info.sadowne.pl\/wp-content\/uploads\/2017\/10\/2017.10.30.4.jpg\" target=\"_blank\" rel=\"noopener noreferrer\"><img loading=\"lazy\" decoding=\"async\" class=\"alignright wp-image-17052 size-medium\" src=\"http:\/\/info.sadowne.pl\/wp-content\/uploads\/2017\/10\/2017.10.30.4-300x200.jpg\" alt=\"\" width=\"300\" height=\"200\" srcset=\"http:\/\/info.sadowne.pl\/wp-content\/uploads\/2017\/10\/2017.10.30.4-300x200.jpg 300w, http:\/\/info.sadowne.pl\/wp-content\/uploads\/2017\/10\/2017.10.30.4-768x513.jpg 768w, http:\/\/info.sadowne.pl\/wp-content\/uploads\/2017\/10\/2017.10.30.4.jpg 800w\" sizes=\"auto, (max-width: 300px) 100vw, 300px\" \/><\/a>Przed rozpocz\u0119ciem nabo\u017ce\u0144stwa zebranych przez \u015bwi\u0105tyni\u0105 powita\u0142a Marsza\u0142ek Senatu RP Maria Koc wsp\u00f3lnie z zespo\u0142em \u201eW\u0119growianie\u201d. Na obchody Hubertusa przybyli m.in. Minister \u015arodowiska Prof. dr hab. Jan Szyszko, Pos\u0142owie Teresa Wargocka i Grzegorz Wo\u017aniak, Dyrektor Generalny Las\u00f3w Pa\u0144stwowych Konrad Tomaszewski, przedstawiciele lokalnych samorz\u0105d\u00f3w, s\u0142u\u017cb mundurowych i \u015brodowisk \u0142owieckich. Samorz\u0105d Powiatu W\u0119growskiego reprezentowali Starosta Krzysztof Fedorczyk, Wicestarosta Halina Uli\u0144ska oraz radni Rady Powiatu W\u0119growskiego.<\/em><\/p>\n<p><em>Ceremoni\u0119 u\u015bwietni\u0142 Reprezentacyjny Zesp\u00f3\u0142 Muzyki My\u015bliwskiej Zwi\u0105zku \u0141owieckiego a tak\u017ce liczne poczty sztandarowe. Na zako\u0144czenie wr\u0119czono okoliczno\u015bciowe odznaczenia le\u015bnik\u00f3w i my\u015bliwych.<\/em><\/p>\n<p><strong><a href=\"http:\/\/info.sadowne.pl\/wp-content\/uploads\/2017\/10\/2017.10.30.1.jpg\" target=\"_blank\" rel=\"noopener noreferrer\"><img loading=\"lazy\" decoding=\"async\" class=\"alignleft wp-image-17053 size-medium\" src=\"http:\/\/info.sadowne.pl\/wp-content\/uploads\/2017\/10\/2017.10.30.1-300x169.jpg\" alt=\"\" width=\"300\" height=\"169\" srcset=\"http:\/\/info.sadowne.pl\/wp-content\/uploads\/2017\/10\/2017.10.30.1-300x169.jpg 300w, http:\/\/info.sadowne.pl\/wp-content\/uploads\/2017\/10\/2017.10.30.1-768x432.jpg 768w, http:\/\/info.sadowne.pl\/wp-content\/uploads\/2017\/10\/2017.10.30.1.jpg 800w\" sizes=\"auto, (max-width: 300px) 100vw, 300px\" \/><\/a>Te\u017c oficjalnie \u2013 tym razem Tygodnik Siedlecki:<\/strong> <em>Podczas Hubertusa w W\u0119growie grupa obro\u0144c\u00f3w zwierz\u0105t demonstrowa\u0142a przeciwko polowaniom\u00a0dla przyjemno\u015bci. Zawsze na nich mo\u017cna liczy\u0107.<\/em><\/p>\n<p><em>\u00a0\u201e\u015aw. Hubert przesta\u0142 polowa\u0107. A wy?&#8221; To has\u0142o protestu obro\u0144c\u00f3w zwierz\u0105t, kt\u00f3rzy blokowali sobotnie polowania w ramach IX Hubertusa W\u0119growskiego. W polowaniu wzi\u0119li udzia\u0142 mi\u0119dzy innymi Minister \u015arodowiska Jan Szyszko oraz kapelan Las\u00f3w Pa\u0144stwowych Tomasz Duszkiewicz. 400. my\u015bliwych kontra 50. aktywist\u00f3w z ca\u0142ej Polski. Efekt? Niewielka ilo\u015b\u0107 zabitych zwierz\u0105t, widoczna na mizernym pokocie oraz liczne przykre incydenty.<\/em><\/p>\n<p><a href=\"http:\/\/info.sadowne.pl\/wp-content\/uploads\/2017\/10\/2017.10.30.2.jpg\" target=\"_blank\" rel=\"noopener noreferrer\"><img loading=\"lazy\" decoding=\"async\" class=\"aligncenter wp-image-17054 size-medium\" src=\"http:\/\/info.sadowne.pl\/wp-content\/uploads\/2017\/10\/2017.10.30.2-300x169.jpg\" alt=\"\" width=\"300\" height=\"169\" srcset=\"http:\/\/info.sadowne.pl\/wp-content\/uploads\/2017\/10\/2017.10.30.2-300x169.jpg 300w, http:\/\/info.sadowne.pl\/wp-content\/uploads\/2017\/10\/2017.10.30.2-768x432.jpg 768w, http:\/\/info.sadowne.pl\/wp-content\/uploads\/2017\/10\/2017.10.30.2.jpg 800w\" sizes=\"auto, (max-width: 300px) 100vw, 300px\" \/><\/a><\/p>\n<p><strong>Pozostawiamy bez komentarza. Ka\u017cdy z nas ma sw\u00f3j pogl\u0105d na ten temat. Protesty i blokady polowa\u0144 nie omin\u0119\u0142y te\u017c Sadownego.<\/strong><\/p>\n<p><strong>Tekst:<\/strong> S\u0142awek Chyli\u0144ski<\/p>\n<p><strong>Foto:<\/strong> Tygodnik Siedlecki\/Starostwo Powiatowe w W\u0119growie<\/p>\n<p><strong>\u0179r\u00f3d\u0142a: <\/strong><\/p>\n<p><a href=\"http:\/\/www.tygodniksiedlecki.com\/g42385-obroncy.zwierzat.w.akcji...-53175-1.htm#big-img-jump-to\" target=\"_blank\" rel=\"noopener noreferrer\">http:\/\/www.tygodniksiedlecki.com\/g42385-obroncy.zwierzat.w.akcji&#8230;-53175-1.htm#big-img-jump-to<\/a><\/p>\n<p><a href=\"https:\/\/powiatwegrowski.pl\/aktualnosci\/wiadomosci-dnia\/ix-hubertus-wegrowski.5859\/\" target=\"_blank\" rel=\"noopener noreferrer\">https:\/\/powiatwegrowski.pl\/aktualnosci\/wiadomosci-dnia\/ix-hubertus-wegrowski.5859\/<\/a><\/p>\n","protected":false},"excerpt":{"rendered":"<p>28 i 29 pa\u017adziernika my\u015bliwi \u015bwi\u0119towali \u2013 na naszym terenie odbywa\u0142 si\u0119 ju\u017c IX Hubertus W\u0119growski. Nie oby\u0142o si\u0119 te\u017c bez protest\u00f3w przeciwnik\u00f3w polowa\u0144.<\/p>\n","protected":false},"author":1,"featured_media":0,"comment_status":"closed","ping_status":"closed","sticky":false,"template":"","format":"standard","meta":{"footnotes":""},"categories":[5,1,690],"tags":[2611,2612],"class_list":["post-17050","post","type-post","status-publish","format-standard","hentry","category-newsy","category-inne","category-lowiectwo","tag-ix-hubertus-wegrowski","tag-protest-przeciwnikow-polowan"],"views":3491,"_links":{"self":[{"href":"http:\/\/info.sadowne.pl\/index.php?rest_route=\/wp\/v2\/posts\/17050","targetHints":{"allow":["GET"]}}],"collection":[{"href":"http:\/\/info.sadowne.pl\/index.php?rest_route=\/wp\/v2\/posts"}],"about":[{"href":"http:\/\/info.sadowne.pl\/index.php?rest_route=\/wp\/v2\/types\/post"}],"author":[{"embeddable":true,"href":"http:\/\/info.sadowne.pl\/index.php?rest_route=\/wp\/v2\/users\/1"}],"replies":[{"embeddable":true,"href":"http:\/\/info.sadowne.pl\/index.php?rest_route=%2Fwp%2Fv2%2Fcomments&post=17050"}],"version-history":[{"count":1,"href":"http:\/\/info.sadowne.pl\/index.php?rest_route=\/wp\/v2\/posts\/17050\/revisions"}],"predecessor-version":[{"id":17055,"href":"http:\/\/info.sadowne.pl\/index.php?rest_route=\/wp\/v2\/posts\/17050\/revisions\/17055"}],"wp:attachment":[{"href":"http:\/\/info.sadowne.pl\/index.php?rest_route=%2Fwp%2Fv2%2Fmedia&parent=17050"}],"wp:term":[{"taxonomy":"category","embeddable":true,"href":"http:\/\/info.sadowne.pl\/index.php?rest_route=%2Fwp%2Fv2%2Fcategories&post=17050"},{"taxonomy":"post_tag","embeddable":true,"href":"http:\/\/info.sadowne.pl\/index.php?rest_route=%2Fwp%2Fv2%2Ftags&post=17050"}],"curies":[{"name":"wp","href":"https:\/\/api.w.org\/{rel}","templated":true}]}}