{"id":17096,"date":"2017-11-02T08:41:47","date_gmt":"2017-11-02T07:41:47","guid":{"rendered":"http:\/\/info.sadowne.pl\/?p=17096"},"modified":"2017-11-02T08:41:47","modified_gmt":"2017-11-02T07:41:47","slug":"tradycyjnie-najwyzszy-stopien-podium","status":"publish","type":"post","link":"http:\/\/info.sadowne.pl\/?p=17096","title":{"rendered":"Tradycyjnie \u2013 najwy\u017cszy stopie\u0144 podium!"},"content":{"rendered":"<p><strong><img loading=\"lazy\" decoding=\"async\" class=\"alignleft size-thumbnail wp-image-17099\" src=\"http:\/\/info.sadowne.pl\/wp-content\/uploads\/2017\/11\/2017.11.02.3-180x130.jpg\" alt=\"\" width=\"180\" height=\"130\" \/>29 pa\u017adziernika odby\u0142a si\u0119 ju\u017c XV edycja Serockiego Biegu Niepodleg\u0142o\u015bci. Pani Ania Szyszka tradycyjnie w biegu na 10 km stan\u0119\u0142a na najwy\u017cszym stopniu podium w kategorii open kobiet. Czas \u2013 00:38:28.<\/strong><!--more--><\/p>\n<p>Biegacze rywalizowali w Serocku ju\u017c po raz 6. na dystansie 5 i 10 kilometr\u00f3w, natomiast nordicowi chodziarze pokonywali po raz 11. tras\u0119 5 km. Wcze\u015bniej jednak odby\u0142y si\u0119 biegi dzieci\u0119ce, m\u0142odzie\u017cowe oraz bieg rodzinny. Pogoda nie rozpieszcza\u0142a, silny wiatr i padaj\u0105cy deszcz nie zach\u0119ca\u0142 do udzia\u0142u. Mimo to na starcie stawi\u0142o si\u0119 oko\u0142o 500. biegaczy.<\/p>\n<p><strong>Jak komentuje bieg Pani Ania?<\/strong><\/p>\n<p><em>W niedziel\u0119 29 pa\u017adziernika biega\u0142am w Serocku w XV Biegu Niepodleg\u0142o\u015bci i oczywi\u015bcie wygra\u0142am, ale w rywalizacji z panami zaj\u0119\u0142am 6. miejsce.\u00a0Niestety, start w tym biegu nie by\u0142 taki \u0142atwy, poniewa\u017c nie by\u0142o ju\u017c numerk\u00f3w startowych, wi\u0119c o tym czy wystartuj\u0119 dowiedzia\u0142am si\u0119 15 min. przed biegiem. Los by\u0142 \u0142askawy i z powodu kiepskiej pogody nie przyjecha\u0142o sporo os\u00f3b, tak wi\u0119c zrobi\u0142o si\u0119 miejsce dla mnie. Od startu do mety prowadzi\u0142am &#8211; wygrana nale\u017ca\u0142a do mnie. Co ciekawe, trasa by\u0142a wymagaj\u0105ca, by\u0142 d\u0142ugi podbieg i co mnie zaskoczy\u0142o &#8211; by\u0142y schody, trasa bieg\u0142a wzd\u0142u\u017c zalewu \u2013 by\u0142y te\u017c \u0142adne widoki. By\u0142am tam pierwszy raz, ale pobyt ten b\u0119d\u0119 bardzo mi\u0142o wspomina\u0107.<\/em><\/p>\n<p><em>Pozdrawiam \u2013 Anna Szyszka.<\/em><\/p>\n\n\t\t<style type=\"text\/css\">\n\t\t\t#gallery-1 {\n\t\t\t\tmargin: auto;\n\t\t\t}\n\t\t\t#gallery-1 .gallery-item {\n\t\t\t\tfloat: left;\n\t\t\t\tmargin-top: 10px;\n\t\t\t\ttext-align: center;\n\t\t\t\twidth: 33%;\n\t\t\t}\n\t\t\t#gallery-1 img {\n\t\t\t\tborder: 2px solid #cfcfcf;\n\t\t\t}\n\t\t\t#gallery-1 .gallery-caption {\n\t\t\t\tmargin-left: 0;\n\t\t\t}\n\t\t\t\/* see gallery_shortcode() in wp-includes\/media.php *\/\n\t\t<\/style>\n\t\t<div id='gallery-1' class='gallery galleryid-17096 gallery-columns-3 gallery-size-thumbnail'><dl class='gallery-item'>\n\t\t\t<dt class='gallery-icon portrait'>\n\t\t\t\t<a href='http:\/\/info.sadowne.pl\/wp-content\/uploads\/2017\/11\/2017.11.02.1.jpg'><img loading=\"lazy\" decoding=\"async\" width=\"180\" height=\"130\" src=\"http:\/\/info.sadowne.pl\/wp-content\/uploads\/2017\/11\/2017.11.02.1-180x130.jpg\" class=\"attachment-thumbnail size-thumbnail\" alt=\"\" \/><\/a>\n\t\t\t<\/dt><\/dl><dl class='gallery-item'>\n\t\t\t<dt class='gallery-icon portrait'>\n\t\t\t\t<a href='http:\/\/info.sadowne.pl\/wp-content\/uploads\/2017\/11\/2017.11.02.2.jpg'><img loading=\"lazy\" decoding=\"async\" width=\"180\" height=\"130\" src=\"http:\/\/info.sadowne.pl\/wp-content\/uploads\/2017\/11\/2017.11.02.2-180x130.jpg\" class=\"attachment-thumbnail size-thumbnail\" alt=\"\" \/><\/a>\n\t\t\t<\/dt><\/dl><dl class='gallery-item'>\n\t\t\t<dt class='gallery-icon landscape'>\n\t\t\t\t<a href='http:\/\/info.sadowne.pl\/wp-content\/uploads\/2017\/11\/2017.11.02.3.jpg'><img loading=\"lazy\" decoding=\"async\" width=\"180\" height=\"130\" src=\"http:\/\/info.sadowne.pl\/wp-content\/uploads\/2017\/11\/2017.11.02.3-180x130.jpg\" class=\"attachment-thumbnail size-thumbnail\" alt=\"\" \/><\/a>\n\t\t\t<\/dt><\/dl><br style=\"clear: both\" \/><dl class='gallery-item'>\n\t\t\t<dt class='gallery-icon portrait'>\n\t\t\t\t<a href='http:\/\/info.sadowne.pl\/wp-content\/uploads\/2017\/11\/2017.11.02.4.jpg'><img loading=\"lazy\" decoding=\"async\" width=\"180\" height=\"130\" src=\"http:\/\/info.sadowne.pl\/wp-content\/uploads\/2017\/11\/2017.11.02.4-180x130.jpg\" class=\"attachment-thumbnail size-thumbnail\" alt=\"\" \/><\/a>\n\t\t\t<\/dt><\/dl><dl class='gallery-item'>\n\t\t\t<dt class='gallery-icon portrait'>\n\t\t\t\t<a href='http:\/\/info.sadowne.pl\/wp-content\/uploads\/2017\/11\/2017.11.02.5.jpg'><img loading=\"lazy\" decoding=\"async\" width=\"180\" height=\"130\" src=\"http:\/\/info.sadowne.pl\/wp-content\/uploads\/2017\/11\/2017.11.02.5-180x130.jpg\" class=\"attachment-thumbnail size-thumbnail\" alt=\"\" \/><\/a>\n\t\t\t<\/dt><\/dl>\n\t\t\t<br style='clear: both' \/>\n\t\t<\/div>\n\n<p><strong>Tekst:<\/strong> S\u0142awek Chyli\u0144ski\/Anna Szyszka<\/p>\n<p><strong>Foto:<\/strong> Anna Szyszka\/KIWI<\/p>\n<p><strong>\u0179r\u00f3d\u0142o:<\/strong> www.osir.serock.pl<\/p>\n","protected":false},"excerpt":{"rendered":"<p>29 pa\u017adziernika odby\u0142a si\u0119 ju\u017c XV edycja Serockiego Biegu Niepodleg\u0142o\u015bci. Pani Ania Szyszka tradycyjnie w biegu na 10 km stan\u0119\u0142a na najwy\u017cszym stopniu podium w kategorii open kobiet. Czas \u2013 00:38:28.<\/p>\n","protected":false},"author":1,"featured_media":0,"comment_status":"closed","ping_status":"closed","sticky":false,"template":"","format":"standard","meta":{"footnotes":""},"categories":[5,2135,7],"tags":[734,2615],"class_list":["post-17096","post","type-post","status-publish","format-standard","hentry","category-newsy","category-bieganie","category-sport","tag-anna-szyszka","tag-xv-bieg-niepodleglosci-w-serocku"],"views":2745,"_links":{"self":[{"href":"http:\/\/info.sadowne.pl\/index.php?rest_route=\/wp\/v2\/posts\/17096","targetHints":{"allow":["GET"]}}],"collection":[{"href":"http:\/\/info.sadowne.pl\/index.php?rest_route=\/wp\/v2\/posts"}],"about":[{"href":"http:\/\/info.sadowne.pl\/index.php?rest_route=\/wp\/v2\/types\/post"}],"author":[{"embeddable":true,"href":"http:\/\/info.sadowne.pl\/index.php?rest_route=\/wp\/v2\/users\/1"}],"replies":[{"embeddable":true,"href":"http:\/\/info.sadowne.pl\/index.php?rest_route=%2Fwp%2Fv2%2Fcomments&post=17096"}],"version-history":[{"count":1,"href":"http:\/\/info.sadowne.pl\/index.php?rest_route=\/wp\/v2\/posts\/17096\/revisions"}],"predecessor-version":[{"id":17102,"href":"http:\/\/info.sadowne.pl\/index.php?rest_route=\/wp\/v2\/posts\/17096\/revisions\/17102"}],"wp:attachment":[{"href":"http:\/\/info.sadowne.pl\/index.php?rest_route=%2Fwp%2Fv2%2Fmedia&parent=17096"}],"wp:term":[{"taxonomy":"category","embeddable":true,"href":"http:\/\/info.sadowne.pl\/index.php?rest_route=%2Fwp%2Fv2%2Fcategories&post=17096"},{"taxonomy":"post_tag","embeddable":true,"href":"http:\/\/info.sadowne.pl\/index.php?rest_route=%2Fwp%2Fv2%2Ftags&post=17096"}],"curies":[{"name":"wp","href":"https:\/\/api.w.org\/{rel}","templated":true}]}}