{"id":17123,"date":"2017-11-05T16:49:19","date_gmt":"2017-11-05T15:49:19","guid":{"rendered":"http:\/\/info.sadowne.pl\/?p=17123"},"modified":"2017-11-05T17:18:47","modified_gmt":"2017-11-05T16:18:47","slug":"czy-to-byl-spisek","status":"publish","type":"post","link":"http:\/\/info.sadowne.pl\/?p=17123","title":{"rendered":"Czy to by\u0142 spisek?"},"content":{"rendered":"<p><strong><a href=\"http:\/\/info.sadowne.pl\/wp-content\/uploads\/2017\/11\/2017.11.05.3.jpg\" target=\"_blank\" rel=\"noopener noreferrer\"><img loading=\"lazy\" decoding=\"async\" class=\"alignleft wp-image-17125 size-thumbnail\" src=\"http:\/\/info.sadowne.pl\/wp-content\/uploads\/2017\/11\/2017.11.05.3-180x130.jpg\" alt=\"\" width=\"180\" height=\"130\" \/><\/a>Chyba tak. &#8222;Knowania&#8221; pewnej grupy os\u00f3b mia\u0142y jednak w tym przypadku pozytywny fina\u0142.<\/strong><!--more--><\/p>\n<p>A wszystko dzia\u0142o si\u0119 3 listopada, wieczorow\u0105 por\u0105. Uczestnicy spisku doprowadzili do spotkania towarzyskiego z Info Sadowne, czyli moj\u0105 osob\u0105, w kawiarni \u201eCaffe Marica\u201d w Sadownem. Pono\u0107 pomys\u0142 tego, z pozoru zwyk\u0142ego spotkania, narodzi\u0142 si\u0119 ad hoc. Po przekroczeniu progu kawiarni okaza\u0142o si\u0119 jednak, \u017ce\u2026 spotkanie to ma o wiele wi\u0119ksz\u0105 rang\u0119 i we\u017amie w nim udzia\u0142 znacznie wi\u0119cej mi\u0142o\u015bnik\u00f3w spotka\u0144 towarzyskich.<\/p>\n<p><a href=\"http:\/\/info.sadowne.pl\/wp-content\/uploads\/2017\/11\/2017.11.05.2.jpg\" target=\"_blank\" rel=\"noopener noreferrer\"><img loading=\"lazy\" decoding=\"async\" class=\"alignright wp-image-17126 size-medium\" src=\"http:\/\/info.sadowne.pl\/wp-content\/uploads\/2017\/11\/2017.11.05.2-209x300.jpg\" alt=\"\" width=\"209\" height=\"300\" srcset=\"http:\/\/info.sadowne.pl\/wp-content\/uploads\/2017\/11\/2017.11.05.2-209x300.jpg 209w, http:\/\/info.sadowne.pl\/wp-content\/uploads\/2017\/11\/2017.11.05.2.jpg 548w\" sizes=\"auto, (max-width: 209px) 100vw, 209px\" \/><\/a>Spisek pewnej grupy naszych mieszka\u0144c\u00f3w powi\u00f3d\u0142 si\u0119. Sprawcy tych manipulacji przygotowali niespodziank\u0119 &#8211; spotkanie, kt\u00f3rego powodem by\u0142 opisywany wcze\u015bniej jubileusz 5-lecia dzia\u0142alno\u015bci w Gminie Sadowne Portalu Info Sadowne.<\/p>\n<p>Oczywi\u015bcie rozpocz\u0119to oficjalnym powitaniem, symboliczn\u0105 lampk\u0105 szampana oraz kwiatami i \u017cyczeniami od kilkudziesi\u0119cioosobowego grona wsp\u00f3\u0142pracownik\u00f3w oraz sympatyk\u00f3w Portalu, rodziny, przyjaci\u00f3\u0142 i naszych w\u0142adz, kt\u00f3re reprezentowali: W\u00f3jt Gminy Sadowne p. Waldemar Cyran i Przewodnicz\u0105cy Rady Gminy Sadowne p. Piotr Olkowski, a tak\u017ce kierownicy instytucji gminnych i przedstawiciel Jednostki Strzeleckiej 5001.<\/p>\n<p>W tym miejscu musz\u0119 pos\u0142u\u017cy\u0107 si\u0119 cytatem oficjalnych gratulacji, kt\u00f3re \u201espiskowcy\u201d (przepraszam wszystkich, kt\u00f3rzy kryj\u0105 si\u0119 pod t\u0105 nazw\u0105, bo jednak okazali si\u0119 wiernymi przyjaci\u00f3\u0142mi) przekazali na moje r\u0119ce:<\/p>\n<p style=\"text-align: center;\"><span style=\"color: #3366ff;\"><strong>Gratulacje i podzi\u0119kowania<\/strong><\/span><\/p>\n<p style=\"text-align: center;\"><span style=\"color: #3366ff;\"><strong>dla<\/strong><\/span><\/p>\n<p style=\"text-align: center;\"><span style=\"color: #3366ff;\"><strong>Pana S\u0142awomira Chyli\u0144skiego<\/strong><\/span><\/p>\n<p style=\"text-align: center;\"><span style=\"color: #3366ff;\"><strong>Redaktora Naczelnego<\/strong><\/span><\/p>\n<p style=\"text-align: center;\"><span style=\"color: #3366ff;\"><strong>Nieoficjalnego Portalu Informacyjnego o Gminie Sadowne<\/strong><\/span><\/p>\n<p style=\"text-align: center;\"><span style=\"color: #3366ff;\"><strong>Info Sadowne<\/strong><\/span><\/p>\n<p style=\"text-align: center;\"><span style=\"color: #3366ff;\"><strong>z okazji jubileuszu 5-lecia dzia\u0142alno\u015bci.<\/strong><\/span><\/p>\n<p style=\"text-align: center;\"><span style=\"color: #3366ff;\"><strong>Dzi\u0119kujemy za pomys\u0142 i prowadzenie portalu po\u015bwi\u0119conego wydarzeniom z naszej okolicy, za szybkie, ciekawe i rzetelne relacje.<\/strong><\/span><\/p>\n<p style=\"text-align: center;\"><span style=\"color: #3366ff;\"><strong>\u017byczymy wiele sukces\u00f3w, szerokich perspektyw rozwoju, wytrwa\u0142o\u015bci w realizacji zamierze\u0144, satysfakcji ze spo\u0142ecznej misji oraz wielu powod\u00f3w do rado\u015bci i wszelkiej pomy\u015blno\u015bci w \u017cyciu osobistym.<\/strong><\/span><\/p>\n<p style=\"text-align: center;\"><span style=\"color: #3366ff;\"><strong>Z wyrazami szacunku <\/strong>\u2026<\/span><\/p>\n<p style=\"text-align: center;\"><em>i tu wiele, wiele podpis\u00f3w uczestnik\u00f3w tego spotkania.<\/em><\/p>\n<p style=\"text-align: left;\"><strong>A spotkanie?<\/strong> Uda\u0142o si\u0119, os\u0142odzi\u0142 je okaza\u0142y tort i\u2026 mam nadziej\u0119, \u017ce wszyscy uczestnicy opuszczali lokal z zadowoleniem. By\u0142o wiele ciep\u0142ych s\u0142\u00f3w i oczywi\u015bcie plan\u00f3w, a tak\u017ce nowych pomys\u0142\u00f3w. Chyba wystarczy ich na kolejne pi\u0119\u0107 lat, a mo\u017ce d\u0142u\u017cej\u2026<\/p>\n<p style=\"text-align: left;\"><strong>Dzi\u0119kuj\u0119 wszystkim inicjatorom, uczestnikom tego \u201espisku\u201d i tak uroczego spotkania za \u017cyczenia oraz dobre s\u0142owo, kt\u00f3re potwierdza zasadno\u015b\u0107 mojej dotychczasowej pracy na rzecz Gminy Sadowne i jej mieszka\u0144c\u00f3w.<\/strong><\/p>\n<p><strong>Jeszcze raz dzi\u0119kuj\u0119 i pozdrawiam\u2026<\/strong><\/p>\n<p><span style=\"color: #0000ff;\"><a style=\"color: #0000ff;\" href=\"https:\/\/photos.google.com\/share\/AF1QipNLqW-qc_XhMu2LTWUCd7QucH5sRvmSQYvwNivczEvsZEXFpzRIcrtqr8CYNjZZCA?key=QlNkbmpGWEVlcDlUMm1fRTRyanM4TDh4Y2dNdjRB\" target=\"_blank\" rel=\"noopener noreferrer\"><strong>Zdj\u0119cia w galerii Google&gt;&gt;&gt;<\/strong><\/a><\/span><\/p>\n<p><strong>S\u0142awek Chyli\u0144ski<\/strong><\/p>\n<p><strong>Foto:<\/strong> Danuta Chyli\u0144ska<\/p>\n","protected":false},"excerpt":{"rendered":"<p>Chyba tak. &#8222;Knowania&#8221; pewnej grupy os\u00f3b mia\u0142y jednak w tym przypadku pozytywny fina\u0142.<\/p>\n","protected":false},"author":1,"featured_media":0,"comment_status":"closed","ping_status":"closed","sticky":false,"template":"","format":"standard","meta":{"footnotes":""},"categories":[5,1],"tags":[2619,324],"class_list":["post-17123","post","type-post","status-publish","format-standard","hentry","category-newsy","category-inne","tag-5-lecie-info-sadowne","tag-info-sadowne"],"views":3503,"_links":{"self":[{"href":"http:\/\/info.sadowne.pl\/index.php?rest_route=\/wp\/v2\/posts\/17123","targetHints":{"allow":["GET"]}}],"collection":[{"href":"http:\/\/info.sadowne.pl\/index.php?rest_route=\/wp\/v2\/posts"}],"about":[{"href":"http:\/\/info.sadowne.pl\/index.php?rest_route=\/wp\/v2\/types\/post"}],"author":[{"embeddable":true,"href":"http:\/\/info.sadowne.pl\/index.php?rest_route=\/wp\/v2\/users\/1"}],"replies":[{"embeddable":true,"href":"http:\/\/info.sadowne.pl\/index.php?rest_route=%2Fwp%2Fv2%2Fcomments&post=17123"}],"version-history":[{"count":3,"href":"http:\/\/info.sadowne.pl\/index.php?rest_route=\/wp\/v2\/posts\/17123\/revisions"}],"predecessor-version":[{"id":17129,"href":"http:\/\/info.sadowne.pl\/index.php?rest_route=\/wp\/v2\/posts\/17123\/revisions\/17129"}],"wp:attachment":[{"href":"http:\/\/info.sadowne.pl\/index.php?rest_route=%2Fwp%2Fv2%2Fmedia&parent=17123"}],"wp:term":[{"taxonomy":"category","embeddable":true,"href":"http:\/\/info.sadowne.pl\/index.php?rest_route=%2Fwp%2Fv2%2Fcategories&post=17123"},{"taxonomy":"post_tag","embeddable":true,"href":"http:\/\/info.sadowne.pl\/index.php?rest_route=%2Fwp%2Fv2%2Ftags&post=17123"}],"curies":[{"name":"wp","href":"https:\/\/api.w.org\/{rel}","templated":true}]}}