{"id":17182,"date":"2017-11-11T15:03:48","date_gmt":"2017-11-11T14:03:48","guid":{"rendered":"http:\/\/info.sadowne.pl\/?p=17182"},"modified":"2017-11-11T15:03:48","modified_gmt":"2017-11-11T14:03:48","slug":"wojsko-tez-biega","status":"publish","type":"post","link":"http:\/\/info.sadowne.pl\/?p=17182","title":{"rendered":"Wojsko te\u017c biega\u2026"},"content":{"rendered":"<p><strong><img loading=\"lazy\" decoding=\"async\" class=\"alignleft size-thumbnail wp-image-17184\" src=\"http:\/\/info.sadowne.pl\/wp-content\/uploads\/2017\/11\/2017.11.11.12-180x130.jpg\" alt=\"\" width=\"180\" height=\"130\" \/>W dniach 7-8 listopada w Go\u0142dapi Pani Ania Szyszka bra\u0142a udzia\u0142 w wojskowych biegach prze\u0142ajowych \u2013 Mistrzostwach Dow\u00f3dztwa Generalnego Rodzaj\u00f3w Si\u0142 Zbrojnych, reprezentuj\u0105c 1 Warszawsk\u0105 Brygad\u0119 Pancern\u0105 im. Tadeusza Ko\u015bciuszki. <\/strong><!--more--><\/p>\n<p>Poradzi\u0142a sobie ca\u0142kiem dobrze, indywidualnie na 3 km zajmuj\u0105c 3. miejsce i w sztafecie 4 x 1 km plasuj\u0105c si\u0119 na miejscu 2. W klasyfikacji ko\u0144cowej 1 Warszawska Brygada Pancerna zaj\u0119\u0142a 2. miejsce na 14 dru\u017cyn.<\/p>\n<p><strong>I kilka s\u0142\u00f3w od Pani Ani:<\/strong> <em>By\u0142y to moje pierwsze zawody w takiej roli. Normalnie biegam d\u0142u\u017csze dystanse, a 3 km i 1 km to tak mega kr\u00f3tko i szybko, ale jest to dla mnie nowe do\u015bwiadczenie. Najwi\u0119kszym problemem by\u0142a dla mnie trasa. Zazwyczaj biegam bardzo p\u0142askie trasy, by biegi by\u0142y szybkie, natomiast w Go\u0142dapi prze\u0142aj by\u0142 najtrudniejszym prze\u0142ajem, jaki kiedykolwiek bieg\u0142am &#8211; ca\u0142y czas g\u00f3rka, a za g\u00f3rk\u0105 kolejna g\u00f3rka\u2026 ale wiem, \u017ce takie prze\u0142aje wzmocni\u0105 mnie si\u0142owo bardziej, co mi si\u0119 przyda na moich biegach ulicznych. Najbardziej urokliwy by\u0142 klimat tej imprezy, jak w czasach szkolnych, gdzie biega\u0142o si\u0119 wszystko razem, sztafety i liczy\u0142a si\u0119 dru\u017cyna. Ka\u017cdy ka\u017cdego wspiera\u0142, dopingowa\u0142 i walczyli\u015bmy wsp\u00f3lnie by nasza brygada by\u0142a jak najwy\u017cej. Ja ciesz\u0119 si\u0119, \u017ce do\u0142\u0105czy\u0142am do grupy i mog\u0119 j\u0105 wspiera\u0107 swoj\u0105 osob\u0105.<\/em><\/p>\n<p><em>Pozdrawiam!\u00a0<\/em><\/p>\n\n\t\t<style type=\"text\/css\">\n\t\t\t#gallery-1 {\n\t\t\t\tmargin: auto;\n\t\t\t}\n\t\t\t#gallery-1 .gallery-item {\n\t\t\t\tfloat: left;\n\t\t\t\tmargin-top: 10px;\n\t\t\t\ttext-align: center;\n\t\t\t\twidth: 33%;\n\t\t\t}\n\t\t\t#gallery-1 img {\n\t\t\t\tborder: 2px solid #cfcfcf;\n\t\t\t}\n\t\t\t#gallery-1 .gallery-caption {\n\t\t\t\tmargin-left: 0;\n\t\t\t}\n\t\t\t\/* see gallery_shortcode() in wp-includes\/media.php *\/\n\t\t<\/style>\n\t\t<div id='gallery-1' class='gallery galleryid-17182 gallery-columns-3 gallery-size-thumbnail'><dl class='gallery-item'>\n\t\t\t<dt class='gallery-icon landscape'>\n\t\t\t\t<a href='http:\/\/info.sadowne.pl\/wp-content\/uploads\/2017\/11\/2017.11.11.11.jpg'><img loading=\"lazy\" decoding=\"async\" width=\"180\" height=\"130\" src=\"http:\/\/info.sadowne.pl\/wp-content\/uploads\/2017\/11\/2017.11.11.11-180x130.jpg\" class=\"attachment-thumbnail size-thumbnail\" alt=\"\" \/><\/a>\n\t\t\t<\/dt><\/dl><dl class='gallery-item'>\n\t\t\t<dt class='gallery-icon landscape'>\n\t\t\t\t<a href='http:\/\/info.sadowne.pl\/wp-content\/uploads\/2017\/11\/2017.11.11.12.jpg'><img loading=\"lazy\" decoding=\"async\" width=\"180\" height=\"130\" src=\"http:\/\/info.sadowne.pl\/wp-content\/uploads\/2017\/11\/2017.11.11.12-180x130.jpg\" class=\"attachment-thumbnail size-thumbnail\" alt=\"\" \/><\/a>\n\t\t\t<\/dt><\/dl><dl class='gallery-item'>\n\t\t\t<dt class='gallery-icon landscape'>\n\t\t\t\t<a href='http:\/\/info.sadowne.pl\/wp-content\/uploads\/2017\/11\/2017.11.11.13.jpg'><img loading=\"lazy\" decoding=\"async\" width=\"180\" height=\"130\" src=\"http:\/\/info.sadowne.pl\/wp-content\/uploads\/2017\/11\/2017.11.11.13-180x130.jpg\" class=\"attachment-thumbnail size-thumbnail\" alt=\"\" \/><\/a>\n\t\t\t<\/dt><\/dl><br style=\"clear: both\" \/><dl class='gallery-item'>\n\t\t\t<dt class='gallery-icon landscape'>\n\t\t\t\t<a href='http:\/\/info.sadowne.pl\/wp-content\/uploads\/2017\/11\/2017.11.11.14.jpg'><img loading=\"lazy\" decoding=\"async\" width=\"180\" height=\"130\" src=\"http:\/\/info.sadowne.pl\/wp-content\/uploads\/2017\/11\/2017.11.11.14-180x130.jpg\" class=\"attachment-thumbnail size-thumbnail\" alt=\"\" \/><\/a>\n\t\t\t<\/dt><\/dl><dl class='gallery-item'>\n\t\t\t<dt class='gallery-icon landscape'>\n\t\t\t\t<a href='http:\/\/info.sadowne.pl\/wp-content\/uploads\/2017\/11\/2017.11.11.15.jpg'><img loading=\"lazy\" decoding=\"async\" width=\"180\" height=\"130\" src=\"http:\/\/info.sadowne.pl\/wp-content\/uploads\/2017\/11\/2017.11.11.15-180x130.jpg\" class=\"attachment-thumbnail size-thumbnail\" alt=\"\" \/><\/a>\n\t\t\t<\/dt><\/dl><dl class='gallery-item'>\n\t\t\t<dt class='gallery-icon landscape'>\n\t\t\t\t<a href='http:\/\/info.sadowne.pl\/wp-content\/uploads\/2017\/11\/2017.11.11.16.jpg'><img loading=\"lazy\" decoding=\"async\" width=\"180\" height=\"130\" src=\"http:\/\/info.sadowne.pl\/wp-content\/uploads\/2017\/11\/2017.11.11.16-180x130.jpg\" class=\"attachment-thumbnail size-thumbnail\" alt=\"\" \/><\/a>\n\t\t\t<\/dt><\/dl><br style=\"clear: both\" \/><dl class='gallery-item'>\n\t\t\t<dt class='gallery-icon landscape'>\n\t\t\t\t<a href='http:\/\/info.sadowne.pl\/wp-content\/uploads\/2017\/11\/2017.11.11.17.jpg'><img loading=\"lazy\" decoding=\"async\" width=\"180\" height=\"130\" src=\"http:\/\/info.sadowne.pl\/wp-content\/uploads\/2017\/11\/2017.11.11.17-180x130.jpg\" class=\"attachment-thumbnail size-thumbnail\" alt=\"\" \/><\/a>\n\t\t\t<\/dt><\/dl>\n\t\t\t<br style='clear: both' \/>\n\t\t<\/div>\n\n<p><strong>Tekst:<\/strong> Anna Szyszka\/S\u0142awek Chylli\u0144ski<\/p>\n<p><strong>Foto:<\/strong> Anna Szyszka, ZmierzymyCzas.pl,<\/p>\n","protected":false},"excerpt":{"rendered":"<p>W dniach 7-8 listopada w Go\u0142dapi Pani Ania Szyszka bra\u0142a udzia\u0142 w wojskowych biegach prze\u0142ajowych \u2013 Mistrzostwach Dow\u00f3dztwa Generalnego Rodzaj\u00f3w Si\u0142 Zbrojnych, reprezentuj\u0105c 1 Warszawsk\u0105 Brygad\u0119 Pancern\u0105 im. Tadeusza Ko\u015bciuszki.<\/p>\n","protected":false},"author":1,"featured_media":0,"comment_status":"closed","ping_status":"closed","sticky":false,"template":"","format":"standard","meta":{"footnotes":""},"categories":[5,2135,7],"tags":[734,1590],"class_list":["post-17182","post","type-post","status-publish","format-standard","hentry","category-newsy","category-bieganie","category-sport","tag-anna-szyszka","tag-bieganie"],"views":2685,"_links":{"self":[{"href":"http:\/\/info.sadowne.pl\/index.php?rest_route=\/wp\/v2\/posts\/17182","targetHints":{"allow":["GET"]}}],"collection":[{"href":"http:\/\/info.sadowne.pl\/index.php?rest_route=\/wp\/v2\/posts"}],"about":[{"href":"http:\/\/info.sadowne.pl\/index.php?rest_route=\/wp\/v2\/types\/post"}],"author":[{"embeddable":true,"href":"http:\/\/info.sadowne.pl\/index.php?rest_route=\/wp\/v2\/users\/1"}],"replies":[{"embeddable":true,"href":"http:\/\/info.sadowne.pl\/index.php?rest_route=%2Fwp%2Fv2%2Fcomments&post=17182"}],"version-history":[{"count":1,"href":"http:\/\/info.sadowne.pl\/index.php?rest_route=\/wp\/v2\/posts\/17182\/revisions"}],"predecessor-version":[{"id":17190,"href":"http:\/\/info.sadowne.pl\/index.php?rest_route=\/wp\/v2\/posts\/17182\/revisions\/17190"}],"wp:attachment":[{"href":"http:\/\/info.sadowne.pl\/index.php?rest_route=%2Fwp%2Fv2%2Fmedia&parent=17182"}],"wp:term":[{"taxonomy":"category","embeddable":true,"href":"http:\/\/info.sadowne.pl\/index.php?rest_route=%2Fwp%2Fv2%2Fcategories&post=17182"},{"taxonomy":"post_tag","embeddable":true,"href":"http:\/\/info.sadowne.pl\/index.php?rest_route=%2Fwp%2Fv2%2Ftags&post=17182"}],"curies":[{"name":"wp","href":"https:\/\/api.w.org\/{rel}","templated":true}]}}