{"id":17383,"date":"2017-11-28T14:22:06","date_gmt":"2017-11-28T13:22:06","guid":{"rendered":"http:\/\/info.sadowne.pl\/?p=17383"},"modified":"2017-11-28T14:22:06","modified_gmt":"2017-11-28T13:22:06","slug":"w-zsp-slubowali","status":"publish","type":"post","link":"http:\/\/info.sadowne.pl\/?p=17383","title":{"rendered":"W ZSP \u015blubowali\u2026"},"content":{"rendered":"<p><strong><img loading=\"lazy\" decoding=\"async\" class=\"alignleft size-thumbnail wp-image-17384\" src=\"http:\/\/info.sadowne.pl\/wp-content\/uploads\/2017\/11\/2017.11.28.1-180x130.jpg\" alt=\"\" width=\"180\" height=\"130\" \/>Ka\u017cdego roku, w okolicach rocznicy urodzin W\u0142adys\u0142awa Orkana &#8211; patrona sadowie\u0144skiego Liceum, uczniowie klas pierwszych ZSP sk\u0142adaj\u0105 \u015blubowanie.<\/strong><!--more--><\/p>\n<p>Przypomnia\u0142 o tym na wst\u0119pie uroczystego spotkania Dyrektor Zespo\u0142u Szk\u00f3\u0142 Ponadgimnazjalnych w Sadownem p. S\u0142awomir Ryszawa. Pokr\u00f3tce przytoczy\u0142 te\u017c kilka fakt\u00f3w z \u017cycia patrona Liceum oraz histori\u0119 sadowie\u0144skiej szko\u0142y \u015bredniej, a tak\u017ce osi\u0105gni\u0119cia \u2013 w tym funkcjonuj\u0105cego tu ju\u017c od kilku lat Technikum \u017bywienia i Us\u0142ug Gastronomicznych.<\/p>\n<p>Ale g\u0142\u00f3wnym powodem spotkania, kt\u00f3re odby\u0142o si\u0119 28 listopada w Sali Gimnastycznej ZSP, by\u0142o przyj\u0119cie \u015blubowania od uczni\u00f3w, kt\u00f3rzy rozpocz\u0119li nauk\u0119 w miejscowych szko\u0142ach \u015brednich z pocz\u0105tkiem tego roku szkolnego. Uroczy\u015bcie, bo w obecno\u015bci aktualnych i by\u0142ych pedagog\u00f3w szko\u0142y oraz starszych koleg\u00f3w, czterdziestu uczni\u00f3w wypowiedzia\u0142o \u201ena sztandar\u201d s\u0142owa przysi\u0119gi. Od tego momentu s\u0105 ju\u017c pe\u0142noprawnymi cz\u0142onkami spo\u0142eczno\u015bci Zespo\u0142u Szk\u00f3\u0142 Ponadgimnazjalnych w Sadownem. Obecni na uroczysto\u015bci uczcili ten fakt g\u0142o\u015bnymi brawami.<\/p>\n<p>Starsi koledzy przygotowali tak\u017ce niespodziank\u0119 \u2013 kilka uroczystych s\u0142\u00f3w o szkole, troch\u0119 piosenek, a tak\u017ce turniej, w kt\u00f3rym rywalizowa\u0142y reprezentacje klas: I LO i I TG.<\/p>\n<p><strong>Pierwszakom gratulujemy i \u017cyczymy sukces\u00f3w \u2013 oczywi\u015bcie w nauce.<\/strong><\/p>\n<p><span style=\"color: #0000ff;\"><a style=\"color: #0000ff;\" href=\"https:\/\/photos.google.com\/share\/AF1QipN44BA3Z16SI0RtE29jsoZUB6nlhUKKWP4zCS6EXPDlgy-kCmVD41K5TZVQtvbzAw?key=OXdrN0I0cGRfcGxXaXU1TXdTNjg4WGZ0aDlVVTVn\" target=\"_blank\" rel=\"noopener noreferrer\"><strong>Zdj\u0119cia w galerii Google&gt;&gt;&gt;<\/strong><\/a><\/span><\/p>\n<p><strong>Tekst\/foto:<\/strong> S\u0142awek Chyli\u0144ski<\/p>\n","protected":false},"excerpt":{"rendered":"<p>Ka\u017cdego roku, w okolicach rocznicy urodzin W\u0142adys\u0142awa Orkana &#8211; patrona sadowie\u0144skiego Liceum, uczniowie klas pierwszych ZSP sk\u0142adaj\u0105 \u015blubowanie.<\/p>\n","protected":false},"author":1,"featured_media":0,"comment_status":"closed","ping_status":"closed","sticky":false,"template":"","format":"standard","meta":{"footnotes":""},"categories":[5,85],"tags":[2650,182],"class_list":["post-17383","post","type-post","status-publish","format-standard","hentry","category-newsy","category-zsp","tag-slubowanie-klas-pierwszych-w-zsp-sadowne","tag-zespol-szkol-ponadgimnazjalnych-w-sadownem"],"views":3170,"_links":{"self":[{"href":"http:\/\/info.sadowne.pl\/index.php?rest_route=\/wp\/v2\/posts\/17383","targetHints":{"allow":["GET"]}}],"collection":[{"href":"http:\/\/info.sadowne.pl\/index.php?rest_route=\/wp\/v2\/posts"}],"about":[{"href":"http:\/\/info.sadowne.pl\/index.php?rest_route=\/wp\/v2\/types\/post"}],"author":[{"embeddable":true,"href":"http:\/\/info.sadowne.pl\/index.php?rest_route=\/wp\/v2\/users\/1"}],"replies":[{"embeddable":true,"href":"http:\/\/info.sadowne.pl\/index.php?rest_route=%2Fwp%2Fv2%2Fcomments&post=17383"}],"version-history":[{"count":1,"href":"http:\/\/info.sadowne.pl\/index.php?rest_route=\/wp\/v2\/posts\/17383\/revisions"}],"predecessor-version":[{"id":17385,"href":"http:\/\/info.sadowne.pl\/index.php?rest_route=\/wp\/v2\/posts\/17383\/revisions\/17385"}],"wp:attachment":[{"href":"http:\/\/info.sadowne.pl\/index.php?rest_route=%2Fwp%2Fv2%2Fmedia&parent=17383"}],"wp:term":[{"taxonomy":"category","embeddable":true,"href":"http:\/\/info.sadowne.pl\/index.php?rest_route=%2Fwp%2Fv2%2Fcategories&post=17383"},{"taxonomy":"post_tag","embeddable":true,"href":"http:\/\/info.sadowne.pl\/index.php?rest_route=%2Fwp%2Fv2%2Ftags&post=17383"}],"curies":[{"name":"wp","href":"https:\/\/api.w.org\/{rel}","templated":true}]}}