{"id":17395,"date":"2017-11-30T19:41:12","date_gmt":"2017-11-30T18:41:12","guid":{"rendered":"http:\/\/info.sadowne.pl\/?p=17395"},"modified":"2017-11-30T19:41:12","modified_gmt":"2017-11-30T18:41:12","slug":"coz-wiemy-o-milosci","status":"publish","type":"post","link":"http:\/\/info.sadowne.pl\/?p=17395","title":{"rendered":"C\u00f3\u017c wiemy o mi\u0142o\u015bci\u2026"},"content":{"rendered":"<p><strong><img loading=\"lazy\" decoding=\"async\" class=\"alignleft size-thumbnail wp-image-17396\" src=\"http:\/\/info.sadowne.pl\/wp-content\/uploads\/2017\/11\/2017.11.30.1-180x130.jpg\" alt=\"\" width=\"180\" height=\"130\" \/>\u2026maj\u0105c szesna\u015bcie lat? Nic albo prawie nic?<\/strong><!--more--><\/p>\n<p>Chyba jednak du\u017co! Udowodnili to uczniowie Zespo\u0142u Szk\u00f3\u0142 Ponadgimnazjalnych w Sadownem, kt\u00f3rzy przygotowali Andrzejkowy Wiecz\u00f3r Poezji Mi\u0142osnej.<\/p>\n<p>Kiedy najch\u0119tniej m\u00f3wi si\u0119 o mi\u0142o\u015bci? W\u0142a\u015bnie np. w taki poetycki wiecz\u00f3r, w dniu popularnych imienin: Andrzeja, gdy wszyscy wr\u00f3\u017c\u0105 sobie przysz\u0142o\u015b\u0107, a wszystkie wr\u00f3\u017cby\u2026 sprawdzaj\u0105 si\u0119. Pomys\u0142 zorganizowania wieczoru poetyckiego w tym w\u0142a\u015bnie dniu, 30 listopada, jest bardzo dobry, a zw\u0142aszcza w formie, kt\u00f3r\u0105 zaprezentowali uczniowie ZSP &#8211; wiersze o mi\u0142o\u015bci i proza, przeplatane piosenkami, intymna atmosfera i tajemnicza scenografia.<\/p>\n<p>A wszystko to mogli\u015bmy obejrze\u0107 i wys\u0142ucha\u0107 dzi\u0119ki Organizatorom Andrzejkowego Wieczoru poezji Mi\u0142osnej. Jak podkre\u015bli\u0142 Dyrektor ZSP p. S\u0142awomir Ryszawa, podzi\u0119kowania nale\u017c\u0105 si\u0119 wszystkim pedagogom, kt\u00f3rzy pracowali przy tym przedsi\u0119wzi\u0119ciu, ale\u2026 my wiemy, \u017ce najwi\u0119ksze zas\u0142ugi maj\u0105 pp.: Ewa S\u00f3wka, Miros\u0142awa Renik i Kamil Kie\u0142ek, a za stolik kawowy i s\u0142odki pocz\u0119stunek \u2013 Technikum \u017bywienia i Us\u0142ug Gastronomicznych.<\/p>\n<p>Inscenizacja tak, pocz\u0119stunek tak, ale\u2026 pozosta\u0142y jeszcze andrzejkowe wr\u00f3\u017cby i ta\u0144ce. T\u0119 cz\u0119\u015b\u0107 spotkania pozostawmy jednak ju\u017c tylko i wy\u0142\u0105cznie uczniom naszych \u015brednich szk\u00f3\u0142, a my poogl\u0105dajmy troch\u0119 zdj\u0119\u0107\u2026<\/p>\n<p><span style=\"color: #0000ff;\"><a style=\"color: #0000ff;\" href=\"https:\/\/photos.google.com\/share\/AF1QipNHc57Iu_l9KcGrp_bJkcKUl_aEF4sTTuXFEp6FpD5nB3q4IPtozLG5_1CcfemX4Q?key=T1VJLWVmdm5QMllJZ3NxclRTd0l4VTdQc1dHc3RB\" target=\"_blank\" rel=\"noopener noreferrer\"><strong>Zdj\u0119cia w galerii Google&gt;&gt;&gt;<\/strong><\/a><\/span><\/p>\n<p><span style=\"color: #0000ff;\"><a style=\"color: #0000ff;\" href=\"https:\/\/youtu.be\/MVD0wSMNAVE\" target=\"_blank\" rel=\"noopener noreferrer\"><strong>Zobacz te\u017c film&gt;&gt;&gt;<\/strong><\/a><\/span><\/p>\n<p><strong>Tekst\/foto:<\/strong> S\u0142awek Chyli\u0144ski<\/p>\n","protected":false},"excerpt":{"rendered":"<p>\u2026maj\u0105c szesna\u015bcie lat? Nic albo prawie nic?<\/p>\n","protected":false},"author":1,"featured_media":0,"comment_status":"closed","ping_status":"closed","sticky":false,"template":"","format":"standard","meta":{"footnotes":""},"categories":[5,1752,85],"tags":[2648,182],"class_list":["post-17395","post","type-post","status-publish","format-standard","hentry","category-newsy","category-edukacja","category-zsp","tag-andrzejkowy-wieczor-poezji-milosnej-w-sadownem","tag-zespol-szkol-ponadgimnazjalnych-w-sadownem"],"views":3366,"_links":{"self":[{"href":"http:\/\/info.sadowne.pl\/index.php?rest_route=\/wp\/v2\/posts\/17395","targetHints":{"allow":["GET"]}}],"collection":[{"href":"http:\/\/info.sadowne.pl\/index.php?rest_route=\/wp\/v2\/posts"}],"about":[{"href":"http:\/\/info.sadowne.pl\/index.php?rest_route=\/wp\/v2\/types\/post"}],"author":[{"embeddable":true,"href":"http:\/\/info.sadowne.pl\/index.php?rest_route=\/wp\/v2\/users\/1"}],"replies":[{"embeddable":true,"href":"http:\/\/info.sadowne.pl\/index.php?rest_route=%2Fwp%2Fv2%2Fcomments&post=17395"}],"version-history":[{"count":1,"href":"http:\/\/info.sadowne.pl\/index.php?rest_route=\/wp\/v2\/posts\/17395\/revisions"}],"predecessor-version":[{"id":17397,"href":"http:\/\/info.sadowne.pl\/index.php?rest_route=\/wp\/v2\/posts\/17395\/revisions\/17397"}],"wp:attachment":[{"href":"http:\/\/info.sadowne.pl\/index.php?rest_route=%2Fwp%2Fv2%2Fmedia&parent=17395"}],"wp:term":[{"taxonomy":"category","embeddable":true,"href":"http:\/\/info.sadowne.pl\/index.php?rest_route=%2Fwp%2Fv2%2Fcategories&post=17395"},{"taxonomy":"post_tag","embeddable":true,"href":"http:\/\/info.sadowne.pl\/index.php?rest_route=%2Fwp%2Fv2%2Ftags&post=17395"}],"curies":[{"name":"wp","href":"https:\/\/api.w.org\/{rel}","templated":true}]}}