{"id":17438,"date":"2017-12-08T10:39:01","date_gmt":"2017-12-08T09:39:01","guid":{"rendered":"http:\/\/info.sadowne.pl\/?p=17438"},"modified":"2017-12-08T10:39:01","modified_gmt":"2017-12-08T09:39:01","slug":"mikolaj-zawital-do-przedszkola-w-grabinach","status":"publish","type":"post","link":"http:\/\/info.sadowne.pl\/?p=17438","title":{"rendered":"Miko\u0142aj zawita\u0142 do Przedszkola w Grabinach"},"content":{"rendered":"<p><strong><a href=\"http:\/\/info.sadowne.pl\/wp-content\/uploads\/2017\/12\/2017.12.08.1.jpg\" target=\"_blank\" rel=\"noopener noreferrer\"><img loading=\"lazy\" decoding=\"async\" class=\"alignleft wp-image-17439 size-thumbnail\" src=\"http:\/\/info.sadowne.pl\/wp-content\/uploads\/2017\/12\/2017.12.08.1-180x130.jpg\" alt=\"\" width=\"180\" height=\"130\" \/><\/a>Miko\u0142ajki to bardzo wa\u017cne wydarzenie w przedszkolu dla wszystkich dzieci. <\/strong><!--more--><\/p>\n<p>Ju\u017c pod koniec listopada dzieci pod okiem swoich pa\u0144 \u201episa\u0142y\u201d listy do Miko\u0142aja, w kt\u00f3rych rysowa\u0142y swoje marzenia dotycz\u0105ce upragnionych prezent\u00f3w.<\/p>\n<p><a href=\"http:\/\/info.sadowne.pl\/wp-content\/uploads\/2017\/12\/2017.12.08.2.jpg\" target=\"_blank\" rel=\"noopener noreferrer\"><img loading=\"lazy\" decoding=\"async\" class=\"alignright wp-image-17440 size-medium\" src=\"http:\/\/info.sadowne.pl\/wp-content\/uploads\/2017\/12\/2017.12.08.2-300x199.jpg\" alt=\"\" width=\"300\" height=\"199\" srcset=\"http:\/\/info.sadowne.pl\/wp-content\/uploads\/2017\/12\/2017.12.08.2-300x199.jpg 300w, http:\/\/info.sadowne.pl\/wp-content\/uploads\/2017\/12\/2017.12.08.2-768x510.jpg 768w, http:\/\/info.sadowne.pl\/wp-content\/uploads\/2017\/12\/2017.12.08.2.jpg 783w\" sizes=\"auto, (max-width: 300px) 100vw, 300px\" \/><\/a>Tu\u017c po \u015bniadaniu 6 grudnia dzieci zobaczy\u0142y w oknie list od \u015bw. Miko\u0142aja, w kt\u00f3rym poinformowa\u0142 o swoim przybyciu. Po odczytaniu listu przez wychowawczyni\u0119 dzieci usiad\u0142y do wsp\u00f3lnego pocz\u0119stunku przygotowanego przez rodzic\u00f3w. Podczas\u00a0\u00a0 jedzenia\u00a0 us\u0142ysza\u0142y dzwonki, a potem dono\u015bne \u201eHou, hou, hou\u201d\u00a0i pojawi\u0142 si\u0119 On \u2013 nasz ukochany i wyczekiwany \u015awi\u0119ty Miko\u0142aj. Wszyscy powitali Miko\u0142aja ogromnymi brawami i piosenk\u0105 \u201eKochany Panie Miko\u0142aju.<\/p>\n<p>Go\u015b\u0107 wywo\u0142a\u0142 wiele rado\u015bci i u\u015bmiechu na twarzach przedszkolak\u00f3w. Podczas spotkania rozda\u0142 prezenty i \u017cyczy\u0142 wszystkim dzieciom oraz pracownikom przedszkola zdrowych i radosnych \u015awi\u0105t Bo\u017cego Narodzenia. Mi\u0142ym akcentem spotkania by\u0142y wsp\u00f3lne zdj\u0119cia z Miko\u0142ajem.<\/p>\n<p><strong>Emilia Krupa<\/strong><\/p>\n<p><strong>Zdj\u0119cia na stronie <span style=\"color: #0000ff;\"><a style=\"color: #0000ff;\" href=\"http:\/\/zspgrabiny.pl\/\" target=\"_blank\" rel=\"noopener noreferrer\">Zespo\u0142u Szkolno &#8211; Przedszkolnego w Grabinach&gt;&gt;&gt;<\/a><\/span><\/strong><\/p>\n<p><strong>\u0179r\u00f3d\u0142o:<\/strong>\u00a0<a href=\"http:\/\/zspgrabiny.pl\/\" target=\"_blank\" rel=\"noopener noreferrer\">http:\/\/zspgrabiny.pl\/<\/a><\/p>\n","protected":false},"excerpt":{"rendered":"<p>Miko\u0142ajki to bardzo wa\u017cne wydarzenie w przedszkolu dla wszystkich dzieci.<\/p>\n","protected":false},"author":1,"featured_media":0,"comment_status":"closed","ping_status":"closed","sticky":false,"template":"","format":"standard","meta":{"footnotes":""},"categories":[5,1752,1120],"tags":[2660,2289],"class_list":["post-17438","post","type-post","status-publish","format-standard","hentry","category-newsy","category-edukacja","category-zespol-szkolno-przedszkolny-w-grabinach","tag-mikolajki-w-przedszkolu-w-grabinach","tag-zespol-szkolno-przedszkolny-w-grabinach"],"views":2934,"_links":{"self":[{"href":"http:\/\/info.sadowne.pl\/index.php?rest_route=\/wp\/v2\/posts\/17438","targetHints":{"allow":["GET"]}}],"collection":[{"href":"http:\/\/info.sadowne.pl\/index.php?rest_route=\/wp\/v2\/posts"}],"about":[{"href":"http:\/\/info.sadowne.pl\/index.php?rest_route=\/wp\/v2\/types\/post"}],"author":[{"embeddable":true,"href":"http:\/\/info.sadowne.pl\/index.php?rest_route=\/wp\/v2\/users\/1"}],"replies":[{"embeddable":true,"href":"http:\/\/info.sadowne.pl\/index.php?rest_route=%2Fwp%2Fv2%2Fcomments&post=17438"}],"version-history":[{"count":1,"href":"http:\/\/info.sadowne.pl\/index.php?rest_route=\/wp\/v2\/posts\/17438\/revisions"}],"predecessor-version":[{"id":17441,"href":"http:\/\/info.sadowne.pl\/index.php?rest_route=\/wp\/v2\/posts\/17438\/revisions\/17441"}],"wp:attachment":[{"href":"http:\/\/info.sadowne.pl\/index.php?rest_route=%2Fwp%2Fv2%2Fmedia&parent=17438"}],"wp:term":[{"taxonomy":"category","embeddable":true,"href":"http:\/\/info.sadowne.pl\/index.php?rest_route=%2Fwp%2Fv2%2Fcategories&post=17438"},{"taxonomy":"post_tag","embeddable":true,"href":"http:\/\/info.sadowne.pl\/index.php?rest_route=%2Fwp%2Fv2%2Ftags&post=17438"}],"curies":[{"name":"wp","href":"https:\/\/api.w.org\/{rel}","templated":true}]}}