{"id":17442,"date":"2017-12-08T11:15:49","date_gmt":"2017-12-08T10:15:49","guid":{"rendered":"http:\/\/info.sadowne.pl\/?p=17442"},"modified":"2017-12-08T11:15:49","modified_gmt":"2017-12-08T10:15:49","slug":"puchary-dla-naszych-szkol","status":"publish","type":"post","link":"http:\/\/info.sadowne.pl\/?p=17442","title":{"rendered":"Puchary dla naszych szk\u00f3\u0142"},"content":{"rendered":"<p><strong><a href=\"http:\/\/info.sadowne.pl\/wp-content\/uploads\/2017\/12\/2017.12.08.11.jpg\" target=\"_blank\" rel=\"noopener noreferrer\"><img loading=\"lazy\" decoding=\"async\" class=\"alignleft wp-image-17443 size-thumbnail\" src=\"http:\/\/info.sadowne.pl\/wp-content\/uploads\/2017\/12\/2017.12.08.11-180x130.jpg\" alt=\"\" width=\"180\" height=\"130\" \/><\/a>Jak podaje Starostwo Powiatowe w W\u0119growie, 24 listopada br. w Zaje\u017adzie w Miedznie odby\u0142o si\u0119 podsumowanie wsp\u00f3\u0142zawodnictwa sportowego szk\u00f3\u0142 Powiatu W\u0119growskiego za rok szkolny 2016\/2017. <\/strong><!--more--><\/p>\n<p><strong>W\u015br\u00f3d wyr\u00f3\u017cnionych znalaz\u0142y si\u0119 te\u017c szko\u0142y Gminy Sadowne.<\/strong><\/p>\n<p>W spotkaniu uczestniczyli dyrektorzy i nauczyciele wychowania fizycznego wyr\u00f3\u017cnionych, nagrodzonych szk\u00f3\u0142, w\u0142adze powiatowe Szkolnego Zwi\u0105zku Sportowego w W\u0119growie\u2026<\/p>\n<p>Struktury powiatowe Szkolnego Zwi\u0105zku Sportowego przeprowadzi\u0142y w minionym roku szkolnym \u0142\u0105cznie 85 zawod\u00f3w, zorganizowanych dla dw\u00f3ch kategorii szk\u00f3\u0142 podstawowych (do 100 uczni\u00f3w i powy\u017cej 100 uczni\u00f3w) gimnazj\u00f3w i szk\u00f3\u0142 ponadgimnazjalnych. Zaj\u0119te przez szko\u0142y lokaty w zawodach sportowych (od szczebla gminnego po krajowy) s\u0105 odpowiednio punktowane, co w efekcie daje ranking sportowy szk\u00f3\u0142. Jak podkre\u015blono by\u0142 to ostatni rok rywalizacji w takiej strukturze (wynik reformy o\u015bwiatowej likwiduj\u0105cej gimnazjum).<\/p>\n<p>W poszczeg\u00f3lnych kategoriach, pierwszych sze\u015b\u0107 miejsc przedstawia si\u0119 nast\u0119puj\u0105co:<\/p>\n<p><strong>szko\u0142y\u00a0podstawowe<\/strong>\u00a0(do 100 uczni\u00f3w) &#8211; startowa\u0142o 15 szk\u00f3\u0142:<\/p>\n<ol>\n<li><a href=\"http:\/\/info.sadowne.pl\/wp-content\/uploads\/2017\/12\/2017.12.08.12.jpg\" target=\"_blank\" rel=\"noopener noreferrer\"><img loading=\"lazy\" decoding=\"async\" class=\"alignright wp-image-17444 size-medium\" src=\"http:\/\/info.sadowne.pl\/wp-content\/uploads\/2017\/12\/2017.12.08.12-300x200.jpg\" alt=\"\" width=\"300\" height=\"200\" srcset=\"http:\/\/info.sadowne.pl\/wp-content\/uploads\/2017\/12\/2017.12.08.12-300x200.jpg 300w, http:\/\/info.sadowne.pl\/wp-content\/uploads\/2017\/12\/2017.12.08.12-768x513.jpg 768w, http:\/\/info.sadowne.pl\/wp-content\/uploads\/2017\/12\/2017.12.08.12.jpg 800w\" sizes=\"auto, (max-width: 300px) 100vw, 300px\" \/><\/a>Kopcie,<\/li>\n<li>Trzebucza,<\/li>\n<li>Grygr\u00f3w,<\/li>\n<li><strong> Orze\u0142ek,<\/strong><\/li>\n<li>Liw,<\/li>\n<li>Top\u00f3r;<\/li>\n<\/ol>\n<p><strong>szko\u0142y podstawowe<\/strong>\u00a0(powy\u017cej 100 uczni\u00f3w) &#8211; startowa\u0142o 11 szk\u00f3\u0142:<\/p>\n<ol>\n<li>Nr 3 \u0141och\u00f3w,<\/li>\n<li>W\u0119gr\u00f3w,<\/li>\n<li>Miedzna,<\/li>\n<li>Stoczek,<\/li>\n<li>Ostr\u00f3wek,<\/li>\n<li>Nr 1 \u0141och\u00f3w;<\/li>\n<\/ol>\n<p><strong><a href=\"http:\/\/info.sadowne.pl\/wp-content\/uploads\/2017\/12\/2017.12.08.13.jpg\" target=\"_blank\" rel=\"noopener noreferrer\"><img loading=\"lazy\" decoding=\"async\" class=\"alignright wp-image-17445 size-medium\" src=\"http:\/\/info.sadowne.pl\/wp-content\/uploads\/2017\/12\/2017.12.08.13-300x200.jpg\" alt=\"\" width=\"300\" height=\"200\" srcset=\"http:\/\/info.sadowne.pl\/wp-content\/uploads\/2017\/12\/2017.12.08.13-300x200.jpg 300w, http:\/\/info.sadowne.pl\/wp-content\/uploads\/2017\/12\/2017.12.08.13-768x513.jpg 768w, http:\/\/info.sadowne.pl\/wp-content\/uploads\/2017\/12\/2017.12.08.13.jpg 800w\" sizes=\"auto, (max-width: 300px) 100vw, 300px\" \/><\/a>Gimnazja<\/strong>\u00a0&#8211; startowa\u0142o 14 szk\u00f3\u0142:<\/p>\n<ol>\n<li>\u0141och\u00f3w,<\/li>\n<li><strong> Sadowne,<\/strong><\/li>\n<li>Liw,<\/li>\n<li>W\u0119gr\u00f3w,<\/li>\n<li>Stoczek,<\/li>\n<li>Ostr\u00f3wek;<\/li>\n<\/ol>\n<p><strong>szko\u0142y ponadgimnazjalne<\/strong>\u00a0&#8211; startowa\u0142o 6 szk\u00f3\u0142:<\/p>\n<ol>\n<li><a href=\"http:\/\/info.sadowne.pl\/wp-content\/uploads\/2017\/12\/2017.12.08.14.jpg\" target=\"_blank\" rel=\"noopener noreferrer\"><img loading=\"lazy\" decoding=\"async\" class=\"alignright wp-image-17446 size-medium\" src=\"http:\/\/info.sadowne.pl\/wp-content\/uploads\/2017\/12\/2017.12.08.14-300x200.jpg\" alt=\"\" width=\"300\" height=\"200\" srcset=\"http:\/\/info.sadowne.pl\/wp-content\/uploads\/2017\/12\/2017.12.08.14-300x200.jpg 300w, http:\/\/info.sadowne.pl\/wp-content\/uploads\/2017\/12\/2017.12.08.14-768x513.jpg 768w, http:\/\/info.sadowne.pl\/wp-content\/uploads\/2017\/12\/2017.12.08.14.jpg 800w\" sizes=\"auto, (max-width: 300px) 100vw, 300px\" \/><\/a>I LO W\u0119gr\u00f3w,<\/li>\n<li>ZSP W\u0119gr\u00f3w,<\/li>\n<li>NLO Stoczek,<\/li>\n<li>ZSP \u0141och\u00f3w,<\/li>\n<li><strong> ZSP Sadowne,<\/strong><\/li>\n<li>SOSz-W\u00a0 W\u0119gr\u00f3w.<\/li>\n<\/ol>\n<p>Wyr\u00f3\u017cniaj\u0105cym si\u0119 szko\u0142om wr\u0119czono pami\u0105tkowe puchary, albumy, dyplomy.<\/p>\n<p><strong>Gratulujemy!<\/strong><\/p>\n<p><strong>\u0179r\u00f3d\u0142o:<\/strong> <a href=\"https:\/\/powiatwegrowski.pl\/\" target=\"_blank\" rel=\"noopener noreferrer\">https:\/\/powiatwegrowski.pl\/<\/a><\/p>\n","protected":false},"excerpt":{"rendered":"<p>Jak podaje Starostwo Powiatowe w W\u0119growie, 24 listopada br. w Zaje\u017adzie w Miedznie odby\u0142o si\u0119 podsumowanie wsp\u00f3\u0142zawodnictwa sportowego szk\u00f3\u0142 Powiatu W\u0119growskiego za rok szkolny 2016\/2017.<\/p>\n","protected":false},"author":1,"featured_media":0,"comment_status":"closed","ping_status":"closed","sticky":false,"template":"","format":"standard","meta":{"footnotes":""},"categories":[5,83,1752,43,85],"tags":[198,2661],"class_list":["post-17442","post","type-post","status-publish","format-standard","hentry","category-newsy","category-gimnazjum","category-edukacja","category-szkola-podstawowa-w-orzelku","category-zsp","tag-starostwo-powiatowe-w-wegrowie","tag-wyniki-wspolzawodnictwa-szkol"],"views":3091,"_links":{"self":[{"href":"http:\/\/info.sadowne.pl\/index.php?rest_route=\/wp\/v2\/posts\/17442","targetHints":{"allow":["GET"]}}],"collection":[{"href":"http:\/\/info.sadowne.pl\/index.php?rest_route=\/wp\/v2\/posts"}],"about":[{"href":"http:\/\/info.sadowne.pl\/index.php?rest_route=\/wp\/v2\/types\/post"}],"author":[{"embeddable":true,"href":"http:\/\/info.sadowne.pl\/index.php?rest_route=\/wp\/v2\/users\/1"}],"replies":[{"embeddable":true,"href":"http:\/\/info.sadowne.pl\/index.php?rest_route=%2Fwp%2Fv2%2Fcomments&post=17442"}],"version-history":[{"count":1,"href":"http:\/\/info.sadowne.pl\/index.php?rest_route=\/wp\/v2\/posts\/17442\/revisions"}],"predecessor-version":[{"id":17447,"href":"http:\/\/info.sadowne.pl\/index.php?rest_route=\/wp\/v2\/posts\/17442\/revisions\/17447"}],"wp:attachment":[{"href":"http:\/\/info.sadowne.pl\/index.php?rest_route=%2Fwp%2Fv2%2Fmedia&parent=17442"}],"wp:term":[{"taxonomy":"category","embeddable":true,"href":"http:\/\/info.sadowne.pl\/index.php?rest_route=%2Fwp%2Fv2%2Fcategories&post=17442"},{"taxonomy":"post_tag","embeddable":true,"href":"http:\/\/info.sadowne.pl\/index.php?rest_route=%2Fwp%2Fv2%2Ftags&post=17442"}],"curies":[{"name":"wp","href":"https:\/\/api.w.org\/{rel}","templated":true}]}}