{"id":17554,"date":"2017-12-17T10:41:24","date_gmt":"2017-12-17T09:41:24","guid":{"rendered":"http:\/\/info.sadowne.pl\/?p=17554"},"modified":"2020-04-23T11:02:06","modified_gmt":"2020-04-23T09:02:06","slug":"w-krainie-koni","status":"publish","type":"post","link":"http:\/\/info.sadowne.pl\/?p=17554","title":{"rendered":"W Krainie Koni\u2026"},"content":{"rendered":"<p><strong><a href=\"http:\/\/info.sadowne.pl\/wp-content\/uploads\/2017\/12\/2017.12.16.1.jpg\" target=\"_blank\" rel=\"noopener noreferrer\"><img loading=\"lazy\" decoding=\"async\" class=\"alignleft wp-image-17555 size-thumbnail\" src=\"http:\/\/info.sadowne.pl\/wp-content\/uploads\/2017\/12\/2017.12.16.1-e1587632372953-180x130.jpg\" alt=\"\" width=\"180\" height=\"130\" \/><\/a>\u201ePierwsze Miko\u0142ajkowe Zawody Je\u017adzieckie w Krainie Koni\u201d.<\/strong><!--more--><\/p>\n<p>Pomimo, \u017ce to wydarzenie mia\u0142o miejsce 9 grudnia 2017, czyli tydzie\u0144 temu, to postanowi\u0142am co\u015b o nim napisa\u0107. Bardzo ma\u0142o os\u00f3b wie (zgodnie z powiedzeniem \u201ecudze chwalicie swego nie znacie, sami nie wiecie, co posiadacie\u201d), \u017ce na terenie naszej Gminy ka\u017cdy, kto ma ochot\u0119 nauczy\u0107 si\u0119 je\u017adzi\u0107 konno, to ma mo\u017cliwo\u015b\u0107 tego w \u201eKrainie Koni\u201d w Oci\u0119tem.<\/p>\n<p><a href=\"http:\/\/info.sadowne.pl\/wp-content\/uploads\/2017\/12\/2017.12.16.2.jpg\" target=\"_blank\" rel=\"noopener noreferrer\"><img loading=\"lazy\" decoding=\"async\" class=\"alignright wp-image-17556 size-thumbnail\" src=\"http:\/\/info.sadowne.pl\/wp-content\/uploads\/2017\/12\/2017.12.16.2-e1587632405329-180x130.jpg\" alt=\"\" width=\"180\" height=\"130\" \/><\/a>W tym roku zosta\u0142y tam zorganizowane Pierwsze Miko\u0142ajkowe Zawody Je\u017adzieckie. Mo\u017ce to nic takiego gdyby nie to, \u017ce p. Ala Niewada zorganizowa\u0142a to w jeden dzie\u0144. Startowa\u0142o cztery dru\u017cyny, kt\u00f3re by\u0142y dobrane umiej\u0119tno\u015bciami je\u017adzieckimi, a nie przez przypadek. W ka\u017cdej dru\u017cynie by\u0142o dw\u00f3ch je\u017ad\u017ac\u00f3w: dziecko i osoba z du\u017cymi umiej\u0119tno\u015bciami je\u017adzieckimi oraz jeden doros\u0142y do asekuracji dziecka na torach przeszk\u00f3d i przy zadaniach.<\/p>\n<p><a href=\"http:\/\/info.sadowne.pl\/wp-content\/uploads\/2017\/12\/2017.12.16.3.jpg\" target=\"_blank\" rel=\"noopener noreferrer\"><img loading=\"lazy\" decoding=\"async\" class=\"alignleft wp-image-17557 size-thumbnail\" src=\"http:\/\/info.sadowne.pl\/wp-content\/uploads\/2017\/12\/2017.12.16.3-180x130.jpg\" alt=\"\" width=\"180\" height=\"130\" \/><\/a>Ca\u0142e zawody, mimo kr\u00f3tkiego czasu, by\u0142y dopracowane w ka\u017cdym szczeg\u00f3le. By\u0142y dyplomy, medale, nagrody. By\u0142y przygotowane dwie trasy do pokonania, a na nich r\u00f3\u017cne przeszkody i zadania do wykonania. By\u0142y r\u00f3wnie\u017c i drobne upominki, kt\u00f3re zawodnicy musieli sami znale\u017a\u0107 na wyznaczonym terenie.<\/p>\n<p><a href=\"http:\/\/info.sadowne.pl\/wp-content\/uploads\/2017\/12\/2017.12.16.4.jpg\" target=\"_blank\" rel=\"noopener noreferrer\"><img loading=\"lazy\" decoding=\"async\" class=\"alignright wp-image-17558 size-thumbnail\" src=\"http:\/\/info.sadowne.pl\/wp-content\/uploads\/2017\/12\/2017.12.16.4-e1587632436945-180x130.jpg\" alt=\"\" width=\"180\" height=\"130\" srcset=\"http:\/\/info.sadowne.pl\/wp-content\/uploads\/2017\/12\/2017.12.16.4-e1587632436945-180x130.jpg 180w, http:\/\/info.sadowne.pl\/wp-content\/uploads\/2017\/12\/2017.12.16.4-e1587632436945-300x219.jpg 300w, http:\/\/info.sadowne.pl\/wp-content\/uploads\/2017\/12\/2017.12.16.4-e1587632436945-768x561.jpg 768w, http:\/\/info.sadowne.pl\/wp-content\/uploads\/2017\/12\/2017.12.16.4-e1587632436945.jpg 774w\" sizes=\"auto, (max-width: 180px) 100vw, 180px\" \/><\/a>Pisz\u0119 o tym, poniewa\u017c moim zdaniem nale\u017c\u0105 si\u0119 wielkie brawa dla p. Ali przede wszystkim za to, \u017ce jej si\u0119 chcia\u0142o. Niestety wiedzia\u0142y to tylko te osoby, kt\u00f3re s\u0105 cz\u0119stymi go\u015b\u0107mi \u201eKrainy Koni\u201d, kt\u00f3re je\u017cd\u017c\u0105 konno, a przede wszystkim kochaj\u0105 konie. Zazwyczaj takie imprezy s\u0105 przygotowywane przez wiele tygodni &#8211; a tu Alicja pokaza\u0142a, \u017ce jak si\u0119 chce to mo\u017cna wszystko zorganizowa\u0107.<\/p>\n<p><a href=\"http:\/\/info.sadowne.pl\/wp-content\/uploads\/2017\/12\/2017.12.16.5.jpg\" target=\"_blank\" rel=\"noopener noreferrer\"><img loading=\"lazy\" decoding=\"async\" class=\"alignleft wp-image-17559 size-thumbnail\" src=\"http:\/\/info.sadowne.pl\/wp-content\/uploads\/2017\/12\/2017.12.16.5-e1587632462191-180x130.jpg\" alt=\"\" width=\"180\" height=\"130\" \/><\/a>Tu \u201echcia\u0142o si\u0119 chcie\u0107\u201d r\u00f3wnie\u017c Robertowi, kt\u00f3ry szybciutko wydrukowa\u0142 dyplomy, zakupi\u0142 medale i nagrody, chcia\u0142o si\u0119 mamie p. Ali, kt\u00f3ra zapewni\u0142a co\u015b s\u0142odkiego dla dzieciak\u00f3w oraz kaw\u0119 dla doros\u0142ych uczestnik\u00f3w zawod\u00f3w, r\u00f3wnie\u017c chcia\u0142o si\u0119 przyj\u015b\u0107 zaprzyja\u017anionym s\u0105siadom Karolinie i Wojtkowi, kt\u00f3rzy uzupe\u0142nili jako doro\u015bli jedn\u0105 z dru\u017cyn.<\/p>\n<p><a href=\"http:\/\/info.sadowne.pl\/wp-content\/uploads\/2017\/12\/2017.12.16.6.jpg\" target=\"_blank\" rel=\"noopener noreferrer\"><img loading=\"lazy\" decoding=\"async\" class=\"alignright wp-image-17560 size-thumbnail\" src=\"http:\/\/info.sadowne.pl\/wp-content\/uploads\/2017\/12\/2017.12.16.6-e1587632485143-180x130.jpg\" alt=\"\" width=\"180\" height=\"130\" \/><\/a>Uwa\u017cam, \u017ce trzeba g\u0142o\u015bno m\u00f3wi\u0107 o tych, kt\u00f3rzy zamiast w ch\u0142odny dzie\u0144 siedzie\u0107 przed telewizorem robi\u0105 co\u015b dla dzieciak\u00f3w \u2013 te zawody by\u0142y g\u0142\u00f3wnie z my\u015bl\u0105 o nich. Dzieciaki m\u0142odsze na koniach by\u0142y w wieku 6 \u2013 10 lat, starsze to g\u0142\u00f3wnie nastolatki.<\/p>\n<p>Wszystkich, kt\u00f3rzy chc\u0105 co\u015b wi\u0119cej dowiedzie\u0107 si\u0119 o \u201eKrainie Koni\u201d zapraszamy na Facebooka.<\/p>\n<p><em><a href=\"http:\/\/info.sadowne.pl\/wp-content\/uploads\/2017\/12\/2017.12.16.7.jpg\" target=\"_blank\" rel=\"noopener noreferrer\"><img loading=\"lazy\" decoding=\"async\" class=\"alignright wp-image-17561 size-thumbnail\" src=\"http:\/\/info.sadowne.pl\/wp-content\/uploads\/2017\/12\/2017.12.16.7-e1587632514478-180x130.jpg\" alt=\"\" width=\"180\" height=\"130\" \/><\/a>\u2026\u2026 i ja tam by\u0142am,<\/em><\/p>\n<p><em>czas dru\u017cynom mierzy\u0142am,<\/em><\/p>\n<p><em>pomimo, \u017ce zmarz\u0142am,<\/em><\/p>\n<p><em>super si\u0119 bawi\u0142am\u2026.<\/em><\/p>\n<p><strong>Aga Narowska<\/strong><\/p>\n","protected":false},"excerpt":{"rendered":"<p>\u201ePierwsze Miko\u0142ajkowe Zawody Je\u017adzieckie w Krainie Koni\u201d.<\/p>\n","protected":false},"author":1,"featured_media":0,"comment_status":"closed","ping_status":"closed","sticky":false,"template":"","format":"standard","meta":{"footnotes":""},"categories":[5,2140,7],"tags":[2672,2671,2670],"class_list":["post-17554","post","type-post","status-publish","format-standard","hentry","category-newsy","category-inne-ogloszenia-sport","category-sport","tag-alicja-niewada","tag-kraina-koni-w-ocietem","tag-malgorzata-narowska"],"views":4585,"_links":{"self":[{"href":"http:\/\/info.sadowne.pl\/index.php?rest_route=\/wp\/v2\/posts\/17554","targetHints":{"allow":["GET"]}}],"collection":[{"href":"http:\/\/info.sadowne.pl\/index.php?rest_route=\/wp\/v2\/posts"}],"about":[{"href":"http:\/\/info.sadowne.pl\/index.php?rest_route=\/wp\/v2\/types\/post"}],"author":[{"embeddable":true,"href":"http:\/\/info.sadowne.pl\/index.php?rest_route=\/wp\/v2\/users\/1"}],"replies":[{"embeddable":true,"href":"http:\/\/info.sadowne.pl\/index.php?rest_route=%2Fwp%2Fv2%2Fcomments&post=17554"}],"version-history":[{"count":5,"href":"http:\/\/info.sadowne.pl\/index.php?rest_route=\/wp\/v2\/posts\/17554\/revisions"}],"predecessor-version":[{"id":23050,"href":"http:\/\/info.sadowne.pl\/index.php?rest_route=\/wp\/v2\/posts\/17554\/revisions\/23050"}],"wp:attachment":[{"href":"http:\/\/info.sadowne.pl\/index.php?rest_route=%2Fwp%2Fv2%2Fmedia&parent=17554"}],"wp:term":[{"taxonomy":"category","embeddable":true,"href":"http:\/\/info.sadowne.pl\/index.php?rest_route=%2Fwp%2Fv2%2Fcategories&post=17554"},{"taxonomy":"post_tag","embeddable":true,"href":"http:\/\/info.sadowne.pl\/index.php?rest_route=%2Fwp%2Fv2%2Ftags&post=17554"}],"curies":[{"name":"wp","href":"https:\/\/api.w.org\/{rel}","templated":true}]}}