{"id":17592,"date":"2017-12-22T17:25:31","date_gmt":"2017-12-22T16:25:31","guid":{"rendered":"http:\/\/info.sadowne.pl\/?p=17592"},"modified":"2020-04-24T11:52:47","modified_gmt":"2020-04-24T09:52:47","slug":"konkurs-rozstrzygniety-2","status":"publish","type":"post","link":"http:\/\/info.sadowne.pl\/?p=17592","title":{"rendered":"Konkurs rozstrzygni\u0119ty!"},"content":{"rendered":"<p><strong><img loading=\"lazy\" decoding=\"async\" class=\"alignleft size-thumbnail wp-image-17593\" src=\"http:\/\/info.sadowne.pl\/wp-content\/uploads\/2017\/12\/2017.12.22.1-180x130.jpg\" alt=\"\" width=\"180\" height=\"130\" \/>Gminny O\u015brodek Kultury w Sadownem og\u0142osi\u0142 Konkurs pn. \u201eNaj\u0142adniejsza bombka choinkowa\u201d. Znamy ju\u017c jego wyniki. <\/strong><!--more--><\/p>\n<p>Celem Konkursu by\u0142a promocja inicjatyw w\u015br\u00f3d mieszka\u0144c\u00f3w Gminy Sadowne oraz podtrzymywanie i piel\u0119gnacja tradycji bo\u017conarodzeniowych.<\/p>\n<p>Z regulaminu wynika\u0142o, i\u017c prace konkursowe \u2013 ozdobione bombki choinkowe (wykonane z dowolnego materia\u0142u) autor wykonuje samodzielnie i wybran\u0105 przez siebie technik\u0105, liczy si\u0119 pomys\u0142owo\u015b\u0107 i kreatywno\u015b\u0107. Ka\u017cdy uczestnik Konkursu m\u00f3g\u0142 zg\u0142osi\u0107 tylko jedn\u0105 prac\u0119.<\/p>\n<p>Po wyznaczonym terminie Komisja Konkursowa oceni\u0142a prace dostarczone do Gminnego O\u015brodka Kultury w Sadownem. Oto wyniki:<\/p>\n<p><strong>Kategoria 3-9 lat<\/strong><\/p>\n<p>I miejsce &#8211; Oliwia Sty\u015b, \u00a0Przedszkole w Sadownem<\/p>\n<p>II miejsce &#8211; Magda Narowska, Szko\u0142a Podstawowa w Sadownem<\/p>\n<p>III miejsce &#8211; Piotr Sych, Szko\u0142a Podstawowa w Sadownem<\/p>\n<p>Wyr\u00f3\u017cnienie:<\/p>\n<p>Joanna Majba\u0144ska, \u00a0Przedszkole w Sadownem<\/p>\n<p>Roksana Kowalczyk, Przedszkole w Sadownem<\/p>\n<p><strong>Kategoria 10-15 lat<\/strong><\/p>\n<p>I miejsce &#8211; Kamila \u015alusarz, \u00a0kl. VII<\/p>\n<p>II miejsce &#8211; Iza Ilczuk,\u00a0 kl. VI<\/p>\n<p>III miejsce &#8211; Weronika Mielcarz, Kl. IV<\/p>\n<p>Wyr\u00f3\u017cnienie:<\/p>\n<p>Jakub Olkowski, VII klasa<\/p>\n<p>Ga\u0142\u0105zka Anna, II gimnazjum<\/p>\n<p><strong>Kategoria 15+<\/strong><\/p>\n<p>I miejsce &#8211; Alicja Stefaniak, Szynkarzyzna<\/p>\n<p>II miejsce &#8211; Emilia Matusik, III gimnazjum<\/p>\n<p>III miejsce &#8211; Barbara Zawadzka, Krupi\u0144skie<\/p>\n<p>Wyr\u00f3\u017cnienie:<\/p>\n<p>Bo\u017cena Rostek, Sadowne<\/p>\n<p><strong>Prace bior\u0105ce udzia\u0142 w Konkursie s\u0105 prezentowane na wystawie, jako element wystroju choinki w Gminnym O\u015brodku Kultury w Sadownem. O terminie i miejscu wr\u0119czenia nagr\u00f3d zwyci\u0119zcom Konkursu wkr\u00f3tce powiadomimy.<\/strong><\/p>\n<p><a href=\"https:\/\/photos.app.goo.gl\/j22h3S2aWyhCTuUV7\" target=\"_blank\" rel=\"noopener noreferrer\"><span style=\"color: #0000ff;\"><strong>Zdj\u0119cia w galerii Google&gt;&gt;&gt;<\/strong><\/span><\/a><\/p>\n<p><strong>GOK Sadowne<\/strong><\/p>\n","protected":false},"excerpt":{"rendered":"<p>Gminny O\u015brodek Kultury w Sadownem og\u0142osi\u0142 Konkurs pn. \u201eNaj\u0142adniejsza bombka choinkowa\u201d. Znamy ju\u017c jego wyniki.<\/p>\n","protected":false},"author":1,"featured_media":0,"comment_status":"closed","ping_status":"closed","sticky":false,"template":"","format":"standard","meta":{"footnotes":""},"categories":[5,91,6],"tags":[169,2642],"class_list":["post-17592","post","type-post","status-publish","format-standard","hentry","category-newsy","category-gminny-osrodek-kultury","category-kultura-rozrywka-edukacja","tag-gminny-osrodek-kultury-w-sadownem","tag-konkurs-najladniejsza-bombka-choinkowa"],"views":2922,"_links":{"self":[{"href":"http:\/\/info.sadowne.pl\/index.php?rest_route=\/wp\/v2\/posts\/17592","targetHints":{"allow":["GET"]}}],"collection":[{"href":"http:\/\/info.sadowne.pl\/index.php?rest_route=\/wp\/v2\/posts"}],"about":[{"href":"http:\/\/info.sadowne.pl\/index.php?rest_route=\/wp\/v2\/types\/post"}],"author":[{"embeddable":true,"href":"http:\/\/info.sadowne.pl\/index.php?rest_route=\/wp\/v2\/users\/1"}],"replies":[{"embeddable":true,"href":"http:\/\/info.sadowne.pl\/index.php?rest_route=%2Fwp%2Fv2%2Fcomments&post=17592"}],"version-history":[{"count":2,"href":"http:\/\/info.sadowne.pl\/index.php?rest_route=\/wp\/v2\/posts\/17592\/revisions"}],"predecessor-version":[{"id":23081,"href":"http:\/\/info.sadowne.pl\/index.php?rest_route=\/wp\/v2\/posts\/17592\/revisions\/23081"}],"wp:attachment":[{"href":"http:\/\/info.sadowne.pl\/index.php?rest_route=%2Fwp%2Fv2%2Fmedia&parent=17592"}],"wp:term":[{"taxonomy":"category","embeddable":true,"href":"http:\/\/info.sadowne.pl\/index.php?rest_route=%2Fwp%2Fv2%2Fcategories&post=17592"},{"taxonomy":"post_tag","embeddable":true,"href":"http:\/\/info.sadowne.pl\/index.php?rest_route=%2Fwp%2Fv2%2Ftags&post=17592"}],"curies":[{"name":"wp","href":"https:\/\/api.w.org\/{rel}","templated":true}]}}