{"id":17706,"date":"2018-01-13T12:13:46","date_gmt":"2018-01-13T11:13:46","guid":{"rendered":"http:\/\/info.sadowne.pl\/?p=17706"},"modified":"2018-01-13T12:13:46","modified_gmt":"2018-01-13T11:13:46","slug":"co-to-byl-za-wieczor","status":"publish","type":"post","link":"http:\/\/info.sadowne.pl\/?p=17706","title":{"rendered":"Co to by\u0142 za wiecz\u00f3r!"},"content":{"rendered":"<p><strong><a href=\"http:\/\/info.sadowne.pl\/wp-content\/uploads\/2018\/01\/2018.01.13.11.jpg\" target=\"_blank\" rel=\"noopener noreferrer\"><img loading=\"lazy\" decoding=\"async\" class=\"alignleft wp-image-17707 size-thumbnail\" src=\"http:\/\/info.sadowne.pl\/wp-content\/uploads\/2018\/01\/2018.01.13.11-180x130.jpg\" alt=\"\" width=\"180\" height=\"130\" \/><\/a>Wsp\u00f3lne \u015bpiewanie kol\u0119d w Grabinach to ju\u017c zwyczaj. 4 stycznia miejscowa szko\u0142a zorganizowa\u0142a tam \u201eWiecz\u00f3r kol\u0119d\u201d.<\/strong><!--more--><\/p>\n<p><em>Jednym z bardzo wa\u017cnych element\u00f3w tradycji bo\u017conarodzeniowej s\u0105 kol\u0119dy i \u015bpiewy zwi\u0105zane z narodzeniem syna Bo\u017cego. Muzyka zawsze by\u0142a nieod\u0142\u0105cznym elementem wszelkich obrz\u0119d\u00f3w i uroczysto\u015bci. Na pewno ka\u017cdy z nas lubi \u015bpiewa\u0107 kol\u0119dy. Trudno dzi\u015b ustali\u0107 dok\u0142adnie czas, kiedy pierwsze kol\u0119dy pojawi\u0142y si\u0119 w Polsce. Prawdopodobnie m\u00f3g\u0142 to by\u0107\u00a0 ju\u017c XIII w. Legenda m\u00f3wi, \u017ce pierwsz\u0105 kol\u0119d\u0119 za\u015bpiewa\u0142 \u015bw. Franciszek. Franciszkanie rozpowszechniali ten zwyczaj w ca\u0142ej Europie. I nasze czasy nie zapomnia\u0142y o kol\u0119dzie. \u015apiewa si\u0119 je wsz\u0119dzie tam, gdzie chrze\u015bcijanie gromadz\u0105 si\u0119 wok\u00f3\u0142 \u017c\u0142\u00f3bka. Ten pi\u0119kny zwyczaj \u0142\u0105czy nas z Bo\u017cym Dzieci\u0105tkiem, z drugim cz\u0142owiekiem, z naszym bratem.<\/em><\/p>\n<p><em><a href=\"http:\/\/info.sadowne.pl\/wp-content\/uploads\/2018\/01\/2018.01.13.12.jpg\" target=\"_blank\" rel=\"noopener noreferrer\"><img loading=\"lazy\" decoding=\"async\" class=\"alignright wp-image-17708 size-medium\" src=\"http:\/\/info.sadowne.pl\/wp-content\/uploads\/2018\/01\/2018.01.13.12-300x225.jpg\" alt=\"\" width=\"300\" height=\"225\" srcset=\"http:\/\/info.sadowne.pl\/wp-content\/uploads\/2018\/01\/2018.01.13.12-300x225.jpg 300w, http:\/\/info.sadowne.pl\/wp-content\/uploads\/2018\/01\/2018.01.13.12-768x577.jpg 768w, http:\/\/info.sadowne.pl\/wp-content\/uploads\/2018\/01\/2018.01.13.12.jpg 783w\" sizes=\"auto, (max-width: 300px) 100vw, 300px\" \/><\/a>Dlatego w naszej szkolnej rodzinnie kultywujemy ten radosny zwyczaj. Tradycja ju\u017c si\u0119 sta\u0142o, i\u017c ka\u017cdego roku, w okresie Bo\u017cego narodzenia, organizowany jest \u201eWiecz\u00f3r kol\u0119d\u201d. W tym roku 4 I 2018 roku o godz. 16.00 zebra\u0142a si\u0119 tutejsza spo\u0142eczno\u015b\u0107, rodzice, dziadkowie i babcie, mieszka\u0144cy, nauczyciele i dzieci, aby przy \u015bwi\u0105tecznej dekoracji i skromnym pocz\u0119stunkiem wsp\u00f3lnie \u015bpiewa\u0107 kol\u0119dy. Uczniowie r\u00f3wnie\u017c zaprezentowali \u201eJase\u0142ka szkolne\u201d, w czasie kt\u00f3rych wyst\u0105pi\u0142y tak\u017ce dzieci z oddzia\u0142u przedszkolnego.<\/em><\/p>\n<p><em>Atmosfera tego spotkania wprowadzi\u0142a wszystkich w nastr\u00f3j braterstwa, jedno\u015bci, ciep\u0142a i \u017cyczliwo\u015bci. Dla wielu s\u0105 to wspomnienia z rodzinnego domu. Kol\u0119da jest jednym z wielu wa\u017cnych element\u00f3w, kt\u00f3re pomagaj\u0105 w zrozumieniu polskiej kultury i polskich obyczaj\u00f3w.<\/em><\/p>\n<p><strong>Zdj\u0119cia na stronie <span style=\"color: #0000ff;\"><a style=\"color: #0000ff;\" href=\"http:\/\/zspgrabiny.pl\/wieczor-koled\/#more-1677\" target=\"_blank\" rel=\"noopener noreferrer\">http:\/\/zspgrabiny.pl\/wieczor-koled\/#more-1677<\/a><\/span><\/strong><\/p>\n<p><strong>\u0179r\u00f3d\u0142o:<\/strong>\u00a0http:\/\/zspgrabiny.pl\/<\/p>\n","protected":false},"excerpt":{"rendered":"<p>Wsp\u00f3lne \u015bpiewanie kol\u0119d w Grabinach to ju\u017c zwyczaj. 4 stycznia miejscowa szko\u0142a zorganizowa\u0142a tam \u201eWiecz\u00f3r kol\u0119d\u201d.<\/p>\n","protected":false},"author":1,"featured_media":0,"comment_status":"closed","ping_status":"closed","sticky":false,"template":"","format":"standard","meta":{"footnotes":""},"categories":[5,1752,1120],"tags":[1143,2289],"class_list":["post-17706","post","type-post","status-publish","format-standard","hentry","category-newsy","category-edukacja","category-zespol-szkolno-przedszkolny-w-grabinach","tag-wieczor-koled-w-grabinach","tag-zespol-szkolno-przedszkolny-w-grabinach"],"views":3034,"_links":{"self":[{"href":"http:\/\/info.sadowne.pl\/index.php?rest_route=\/wp\/v2\/posts\/17706","targetHints":{"allow":["GET"]}}],"collection":[{"href":"http:\/\/info.sadowne.pl\/index.php?rest_route=\/wp\/v2\/posts"}],"about":[{"href":"http:\/\/info.sadowne.pl\/index.php?rest_route=\/wp\/v2\/types\/post"}],"author":[{"embeddable":true,"href":"http:\/\/info.sadowne.pl\/index.php?rest_route=\/wp\/v2\/users\/1"}],"replies":[{"embeddable":true,"href":"http:\/\/info.sadowne.pl\/index.php?rest_route=%2Fwp%2Fv2%2Fcomments&post=17706"}],"version-history":[{"count":1,"href":"http:\/\/info.sadowne.pl\/index.php?rest_route=\/wp\/v2\/posts\/17706\/revisions"}],"predecessor-version":[{"id":17709,"href":"http:\/\/info.sadowne.pl\/index.php?rest_route=\/wp\/v2\/posts\/17706\/revisions\/17709"}],"wp:attachment":[{"href":"http:\/\/info.sadowne.pl\/index.php?rest_route=%2Fwp%2Fv2%2Fmedia&parent=17706"}],"wp:term":[{"taxonomy":"category","embeddable":true,"href":"http:\/\/info.sadowne.pl\/index.php?rest_route=%2Fwp%2Fv2%2Fcategories&post=17706"},{"taxonomy":"post_tag","embeddable":true,"href":"http:\/\/info.sadowne.pl\/index.php?rest_route=%2Fwp%2Fv2%2Ftags&post=17706"}],"curies":[{"name":"wp","href":"https:\/\/api.w.org\/{rel}","templated":true}]}}