{"id":17740,"date":"2018-01-16T13:27:11","date_gmt":"2018-01-16T12:27:11","guid":{"rendered":"http:\/\/info.sadowne.pl\/?p=17740"},"modified":"2018-01-16T13:27:11","modified_gmt":"2018-01-16T12:27:11","slug":"polska-1926","status":"publish","type":"post","link":"http:\/\/info.sadowne.pl\/?p=17740","title":{"rendered":"\u201ePolska 1926\u201d"},"content":{"rendered":"<p><strong><a href=\"http:\/\/info.sadowne.pl\/wp-content\/uploads\/2018\/01\/2018.01.16.13.jpg\" target=\"_blank\" rel=\"noopener noreferrer\"><img loading=\"lazy\" decoding=\"async\" class=\"alignleft wp-image-17741 size-thumbnail\" src=\"http:\/\/info.sadowne.pl\/wp-content\/uploads\/2018\/01\/2018.01.16.13-180x130.jpg\" alt=\"\" width=\"180\" height=\"130\" \/><\/a>Poszukajmy nazwisk swoich bliskich, przodk\u00f3w, kt\u00f3rzy zamieszkiwali Gmin\u0119 Sadowne w 1926 r.<\/strong><!--more--><\/p>\n<p><a href=\"http:\/\/info.sadowne.pl\/wp-content\/uploads\/2018\/01\/2018.01.16.11.jpg\" target=\"_blank\" rel=\"noopener noreferrer\"><img loading=\"lazy\" decoding=\"async\" class=\"alignright wp-image-17742 size-medium\" src=\"http:\/\/info.sadowne.pl\/wp-content\/uploads\/2018\/01\/2018.01.16.11-198x300.jpg\" alt=\"\" width=\"198\" height=\"300\" srcset=\"http:\/\/info.sadowne.pl\/wp-content\/uploads\/2018\/01\/2018.01.16.11-198x300.jpg 198w, http:\/\/info.sadowne.pl\/wp-content\/uploads\/2018\/01\/2018.01.16.11.jpg 518w\" sizes=\"auto, (max-width: 198px) 100vw, 198px\" \/><\/a>Portal internetowy \u201ePolska 1926 \u2013 portret zbiorowy II RP\u201d prezentuje jeden z najwi\u0119kszych imiennych spis\u00f3w spo\u0142ecze\u0144stwa II RP. W\u015br\u00f3d 5,5 mln autograf\u00f3w \u2013 kt\u00f3re kilka lat po odzyskaniu przez Polsk\u0119 niepodleg\u0142o\u015bci, z\u0142o\u017cyli polscy obywatele pod\u00a0<em style=\"font-weight: inherit;\">Deklaracj\u0105 Podziwu i Przyja\u017ani dla Stan\u00f3w Zjednoczonych<\/em>, w podzi\u0119ce za pomoc w stanowieniu Niepodleg\u0142ej \u2013 mo\u017cemy odkry\u0107 podpisy swoich bliskich, dowiedzie\u0107 si\u0119, gdzie mieszkali, kim byli w 1926 roku.<\/p>\n<p><a href=\"http:\/\/info.sadowne.pl\/wp-content\/uploads\/2018\/01\/2018.01.16.12.jpg\" target=\"_blank\" rel=\"noopener noreferrer\"><img loading=\"lazy\" decoding=\"async\" class=\"alignleft wp-image-17743 size-medium\" src=\"http:\/\/info.sadowne.pl\/wp-content\/uploads\/2018\/01\/2018.01.16.12-206x300.jpg\" alt=\"\" width=\"206\" height=\"300\" srcset=\"http:\/\/info.sadowne.pl\/wp-content\/uploads\/2018\/01\/2018.01.16.12-206x300.jpg 206w, http:\/\/info.sadowne.pl\/wp-content\/uploads\/2018\/01\/2018.01.16.12.jpg 538w\" sizes=\"auto, (max-width: 206px) 100vw, 206px\" \/><\/a>W\u015br\u00f3d dost\u0119pnych rekord\u00f3w poszukajmy naszych miejscowo\u015bci \u2013 pewne, \u017ce dost\u0119pne jest Sadowne, Wliczog\u0119by, Morzyczyn, Sok\u00f3\u0142ka, Zieleniec, Sadole\u015b, P\u0142atkownica, Grabiny, Ra\u017cny Stare\u2026<\/p>\n<p><strong>Zapraszamy na stron\u0119 <span style=\"color: #0000ff;\"><a style=\"color: #0000ff;\" href=\"http:\/\/polska1926.pl\/karty?number_page=&amp;institution_name=&amp;place_1926=Sadowne&amp;district1926=&amp;voivodeship1926=&amp;sort=volume_no&amp;per_page=10\" target=\"_blank\" rel=\"noopener noreferrer\">http:\/\/polska1926.pl\/karty?number_page=&amp;institution_name=&amp;place_1926=Sadowne&amp;district1926=&amp;voivodeship1926=&amp;sort=volume_no&amp;per_page=10<\/a><\/span><\/strong><\/p>\n<p><strong>Tekst: <\/strong>S\u0142awek Chyli\u0144ski<\/p>\n<p><strong>\u0179r\u00f3d\u0142o: <a href=\"http:\/\/www.polska1926.pl\" target=\"_blank\" rel=\"noopener noreferrer\">www.polska1926.pl<\/a><\/strong><\/p>\n","protected":false},"excerpt":{"rendered":"<p>Poszukajmy nazwisk swoich bliskich, przodk\u00f3w, kt\u00f3rzy zamieszkiwali Gmin\u0119 Sadowne w 1926 r.<\/p>\n","protected":false},"author":1,"featured_media":0,"comment_status":"closed","ping_status":"closed","sticky":false,"template":"","format":"standard","meta":{"footnotes":""},"categories":[5,31],"tags":[101,2702],"class_list":["post-17740","post","type-post","status-publish","format-standard","hentry","category-newsy","category-historia-gminy","tag-historia-gminy-sadowne","tag-portal-polska-1926"],"views":3916,"_links":{"self":[{"href":"http:\/\/info.sadowne.pl\/index.php?rest_route=\/wp\/v2\/posts\/17740","targetHints":{"allow":["GET"]}}],"collection":[{"href":"http:\/\/info.sadowne.pl\/index.php?rest_route=\/wp\/v2\/posts"}],"about":[{"href":"http:\/\/info.sadowne.pl\/index.php?rest_route=\/wp\/v2\/types\/post"}],"author":[{"embeddable":true,"href":"http:\/\/info.sadowne.pl\/index.php?rest_route=\/wp\/v2\/users\/1"}],"replies":[{"embeddable":true,"href":"http:\/\/info.sadowne.pl\/index.php?rest_route=%2Fwp%2Fv2%2Fcomments&post=17740"}],"version-history":[{"count":1,"href":"http:\/\/info.sadowne.pl\/index.php?rest_route=\/wp\/v2\/posts\/17740\/revisions"}],"predecessor-version":[{"id":17744,"href":"http:\/\/info.sadowne.pl\/index.php?rest_route=\/wp\/v2\/posts\/17740\/revisions\/17744"}],"wp:attachment":[{"href":"http:\/\/info.sadowne.pl\/index.php?rest_route=%2Fwp%2Fv2%2Fmedia&parent=17740"}],"wp:term":[{"taxonomy":"category","embeddable":true,"href":"http:\/\/info.sadowne.pl\/index.php?rest_route=%2Fwp%2Fv2%2Fcategories&post=17740"},{"taxonomy":"post_tag","embeddable":true,"href":"http:\/\/info.sadowne.pl\/index.php?rest_route=%2Fwp%2Fv2%2Ftags&post=17740"}],"curies":[{"name":"wp","href":"https:\/\/api.w.org\/{rel}","templated":true}]}}