{"id":17781,"date":"2018-01-28T15:00:14","date_gmt":"2018-01-28T14:00:14","guid":{"rendered":"http:\/\/info.sadowne.pl\/?p=17781"},"modified":"2018-01-28T15:00:14","modified_gmt":"2018-01-28T14:00:14","slug":"ania-rozpoczela-sezon-od-podium","status":"publish","type":"post","link":"http:\/\/info.sadowne.pl\/?p=17781","title":{"rendered":"Ania rozpocz\u0119\u0142a sezon od podium!!!"},"content":{"rendered":"<p><strong><img loading=\"lazy\" decoding=\"async\" class=\"alignleft size-thumbnail wp-image-17789\" src=\"http:\/\/info.sadowne.pl\/wp-content\/uploads\/2018\/01\/2018.01.28.8-180x130.jpg\" alt=\"\" width=\"180\" height=\"130\" \/>27 stycznia w warszawskim Parku Skaryszewskim odby\u0142 si\u0119 13. Bieg Wedla, w tym 9-kilometrowy dystans zaliczany do Ligi Festiwalu Biegowego. Ania Szyszka oczywi\u015bcie stan\u0119\u0142a na najwy\u017cszym stopniu podium.<\/strong><!--more--><\/p>\n<p>Jak podaje Portal \u201eFestiwal Bieg\u00f3w\u201d, trzynasta edycja Biegu Wedla przesz\u0142a do historii nie z powodu pogody, a dlatego, \u017ce po raz trzeci w historii dublet ustrzeli\u0142 Wojciech Kope\u0107 &#8211; marato\u0144czyk z Olsztynka. Wygra\u0142 on zmagania zar\u00f3wno na dystansie 5,5 km, jak i w biegu dnia na 9 km.<\/p>\n<p>Ale przez chwil\u0119 w biegu g\u0142\u00f3wnym pachnia\u0142o te\u017c sensacj\u0105. Po pierwszym okr\u0105\u017ceniu na wysokim trzecim miejscu w klasyfikacji generalnej utrzymywa\u0142a si\u0119&#8230; Anna Szyszka. Wicemistrzyni Polski w maratonie z 2016 roku ostatecznie spad\u0142a na si\u00f3dme miejsce, ale nie da\u0142a si\u0119 wyprzedzi\u0107 \u017cadnej biegaczce. Druga by\u0142a Tamara Meloch, a trzecia Justyna \u015aliwiak.<\/p>\n<p><strong>Pani Ania po biegu powiedzia\u0142a: <\/strong><\/p>\n<p><em>By\u0142o s\u0142odko, jak to na Biegu Wedla. Oblizywa\u0142am si\u0119 na my\u015bl, o g\u00f3rze czekolady czekaj\u0105cej na mecie! Bardzo lubi\u0119 s\u0142odycze, nie rozmy\u015blam te\u017c ile musz\u0119 przebiec, by spali\u0107 tabliczk\u0119. \u017ba\u0142owa\u0142am, \u017ce nie zabra\u0142am kolc\u00f3w. Jad\u0105c tu mia\u0142am nadziej\u0119, \u017ce sytuacja w parku jest dobra. Teraz jak wychodzi si\u0119 biega\u0107, to ju\u017c nie ma \u015bniegu ani lodu na ulicach&#8230; Mimo to uda\u0142o si\u0119 \u0142adnie pobiec. <\/em><\/p>\n<p><em>Troch\u0119 szkoda, \u017ce nie jest to wynik na pe\u0142ne 10 km<\/em> \u2013 opowiada\u0142a Anna Szyszka, kt\u00f3ra rok temu&#8230; r\u00f3wnie\u017c wygra\u0142a Bieg Wedla, na dystansie 9 km.<\/p>\n<p>Bieg na dystansie 9 km zaliczany jest do Ligi Festiwalu Bieg\u00f3w w klasyfikacji \u201eNajlepszy Biegacz 5-10-15\u201d, kt\u00f3rej fina\u0142 odb\u0119dzie si\u0119 podczas 9. Festiwalu Biegowego w Krynicy-Zdroju. Oboje zwyci\u0119zcy &#8211; Anna Szyszka, jak i Wojciech Kope\u0107 \u2013 otrzymali pakiety startowe na imprez\u0119 w Krynicy i ju\u017c planuj\u0105 wrze\u015bniowy start. Zapowiadaj\u0105&#8230; niespodzianki!<\/p>\n<p><strong>A oto wyniki tego Biegu:<\/strong><\/p>\n<p>9 km m\u0119\u017cczyzn:<br \/>\n1. Wojciech Kope\u0107 &#8211; 30:23<br \/>\n2. Marek Dzi\u0119gielewski &#8211; 32:16<br \/>\n3. Micha\u0142 Jamio\u0142 &#8211; 33:04<\/p>\n<p>9 km kobiet:<br \/>\n1. Anna Szyszka &#8211; 34:26<br \/>\n2. Tamara Mieloch &#8211; 38:06<br \/>\n3. Justyna \u015aliwiak = 38:25<\/p>\n<p>5,4 \u00a0km m\u0119\u017cczyzn:<br \/>\n1. Wojciech Kope\u0107 &#8211; 17:51<br \/>\n2. Marek Dzi\u0119gielewski &#8211; 18:16<br \/>\n3. Micha\u0142 Jamio\u0142 &#8211; 18:53<\/p>\n<p>5,4\u00a0 km kobiet:<br \/>\n1. Justyna \u015aliwiak &#8211; 21:03<br \/>\n2. Paulina Koz\u0142owicz &#8211; 22:19<br \/>\n3. Katarzyna Weso\u0142owska &#8211; 22:54<\/p>\n<p><strong>Jak wyniki Biegu podsumowa\u0142a ostatecznie Pani Ania?<\/strong><\/p>\n<p><em>Jest to pierwszy start w nowym roku, wi\u0119c mam nadziej\u0119, \u017ce \u201ejaki pierwszy start, to i taki ca\u0142y rok\u201d. Mia\u0142am startowa\u0107 tydzie\u0144 temu, jak co roku na Chomicz\u00f3wce, ale niestety \u017ale si\u0119 czu\u0142am i \u0142ama\u0142o mnie jakie\u015b przezi\u0119bienie, wi\u0119c odpu\u015bci\u0142am start. Po uzgodnieniu z trenerem, \u017ce jednak fajnie gdzie\u015b wystartowa\u0107, przypomnia\u0142am sobie, \u017ce przecie\u017c rok temu wygra\u0142am bieg Wedla i fajnie by by\u0142o zn\u00f3w wygra\u0107 mn\u00f3stwo s\u0142odyczy. Tak te\u017c si\u0119 sta\u0142o. Co prawda warunki by\u0142y gorsze ni\u017c w tamtym roku, ale ciesz\u0119 si\u0119 z udanego startu.\u00a0<\/em><em>Dodatkowo dla zainteresowanych informacja, \u017ce w miesi\u0119czniku \u201eBieganie\u201d pojawi\u0142 si\u0119 wywiad z moim udzia\u0142em, wi\u0119c zapraszam do jego kupna.\u00a0\u00a0<\/em><\/p>\n\n\t\t<style type=\"text\/css\">\n\t\t\t#gallery-1 {\n\t\t\t\tmargin: auto;\n\t\t\t}\n\t\t\t#gallery-1 .gallery-item {\n\t\t\t\tfloat: left;\n\t\t\t\tmargin-top: 10px;\n\t\t\t\ttext-align: center;\n\t\t\t\twidth: 33%;\n\t\t\t}\n\t\t\t#gallery-1 img {\n\t\t\t\tborder: 2px solid #cfcfcf;\n\t\t\t}\n\t\t\t#gallery-1 .gallery-caption {\n\t\t\t\tmargin-left: 0;\n\t\t\t}\n\t\t\t\/* see gallery_shortcode() in wp-includes\/media.php *\/\n\t\t<\/style>\n\t\t<div id='gallery-1' class='gallery galleryid-17781 gallery-columns-3 gallery-size-thumbnail'><dl class='gallery-item'>\n\t\t\t<dt class='gallery-icon landscape'>\n\t\t\t\t<a href='http:\/\/info.sadowne.pl\/?attachment_id=17782'><img loading=\"lazy\" decoding=\"async\" width=\"180\" height=\"130\" src=\"http:\/\/info.sadowne.pl\/wp-content\/uploads\/2018\/01\/2018.01.28.1-180x130.jpg\" class=\"attachment-thumbnail size-thumbnail\" alt=\"\" \/><\/a>\n\t\t\t<\/dt><\/dl><dl class='gallery-item'>\n\t\t\t<dt class='gallery-icon landscape'>\n\t\t\t\t<a href='http:\/\/info.sadowne.pl\/?attachment_id=17783'><img loading=\"lazy\" decoding=\"async\" width=\"180\" height=\"130\" src=\"http:\/\/info.sadowne.pl\/wp-content\/uploads\/2018\/01\/2018.01.28.2-180x130.jpg\" class=\"attachment-thumbnail size-thumbnail\" alt=\"\" \/><\/a>\n\t\t\t<\/dt><\/dl><dl class='gallery-item'>\n\t\t\t<dt class='gallery-icon landscape'>\n\t\t\t\t<a href='http:\/\/info.sadowne.pl\/?attachment_id=17784'><img loading=\"lazy\" decoding=\"async\" width=\"180\" height=\"130\" src=\"http:\/\/info.sadowne.pl\/wp-content\/uploads\/2018\/01\/2018.01.28.3-180x130.jpg\" class=\"attachment-thumbnail size-thumbnail\" alt=\"\" \/><\/a>\n\t\t\t<\/dt><\/dl><br style=\"clear: both\" \/><dl class='gallery-item'>\n\t\t\t<dt class='gallery-icon landscape'>\n\t\t\t\t<a href='http:\/\/info.sadowne.pl\/?attachment_id=17785'><img loading=\"lazy\" decoding=\"async\" width=\"180\" height=\"130\" src=\"http:\/\/info.sadowne.pl\/wp-content\/uploads\/2018\/01\/2018.01.28.4-180x130.jpg\" class=\"attachment-thumbnail size-thumbnail\" alt=\"\" \/><\/a>\n\t\t\t<\/dt><\/dl><dl class='gallery-item'>\n\t\t\t<dt class='gallery-icon landscape'>\n\t\t\t\t<a href='http:\/\/info.sadowne.pl\/?attachment_id=17786'><img loading=\"lazy\" decoding=\"async\" width=\"180\" height=\"130\" src=\"http:\/\/info.sadowne.pl\/wp-content\/uploads\/2018\/01\/2018.01.28.5-180x130.jpg\" class=\"attachment-thumbnail size-thumbnail\" alt=\"\" \/><\/a>\n\t\t\t<\/dt><\/dl><dl class='gallery-item'>\n\t\t\t<dt class='gallery-icon portrait'>\n\t\t\t\t<a href='http:\/\/info.sadowne.pl\/?attachment_id=17787'><img loading=\"lazy\" decoding=\"async\" width=\"180\" height=\"130\" src=\"http:\/\/info.sadowne.pl\/wp-content\/uploads\/2018\/01\/2018.01.28.6-180x130.jpg\" class=\"attachment-thumbnail size-thumbnail\" alt=\"\" \/><\/a>\n\t\t\t<\/dt><\/dl><br style=\"clear: both\" \/><dl class='gallery-item'>\n\t\t\t<dt class='gallery-icon portrait'>\n\t\t\t\t<a href='http:\/\/info.sadowne.pl\/?attachment_id=17788'><img loading=\"lazy\" decoding=\"async\" width=\"180\" height=\"130\" src=\"http:\/\/info.sadowne.pl\/wp-content\/uploads\/2018\/01\/2018.01.28.7-180x130.jpg\" class=\"attachment-thumbnail size-thumbnail\" alt=\"\" \/><\/a>\n\t\t\t<\/dt><\/dl><dl class='gallery-item'>\n\t\t\t<dt class='gallery-icon landscape'>\n\t\t\t\t<a href='http:\/\/info.sadowne.pl\/?attachment_id=17789'><img loading=\"lazy\" decoding=\"async\" width=\"180\" height=\"130\" src=\"http:\/\/info.sadowne.pl\/wp-content\/uploads\/2018\/01\/2018.01.28.8-180x130.jpg\" class=\"attachment-thumbnail size-thumbnail\" alt=\"\" \/><\/a>\n\t\t\t<\/dt><\/dl><dl class='gallery-item'>\n\t\t\t<dt class='gallery-icon landscape'>\n\t\t\t\t<a href='http:\/\/info.sadowne.pl\/?attachment_id=17790'><img loading=\"lazy\" decoding=\"async\" width=\"180\" height=\"130\" src=\"http:\/\/info.sadowne.pl\/wp-content\/uploads\/2018\/01\/2018.01.28.9-180x130.jpg\" class=\"attachment-thumbnail size-thumbnail\" alt=\"\" \/><\/a>\n\t\t\t<\/dt><\/dl><br style=\"clear: both\" \/><dl class='gallery-item'>\n\t\t\t<dt class='gallery-icon landscape'>\n\t\t\t\t<a href='http:\/\/info.sadowne.pl\/?attachment_id=17791'><img loading=\"lazy\" decoding=\"async\" width=\"180\" height=\"130\" src=\"http:\/\/info.sadowne.pl\/wp-content\/uploads\/2018\/01\/2018.01.28.10-180x130.jpg\" class=\"attachment-thumbnail size-thumbnail\" alt=\"\" \/><\/a>\n\t\t\t<\/dt><\/dl><dl class='gallery-item'>\n\t\t\t<dt class='gallery-icon portrait'>\n\t\t\t\t<a href='http:\/\/info.sadowne.pl\/?attachment_id=17792'><img loading=\"lazy\" decoding=\"async\" width=\"180\" height=\"130\" src=\"http:\/\/info.sadowne.pl\/wp-content\/uploads\/2018\/01\/2018.01.28.11-180x130.jpg\" class=\"attachment-thumbnail size-thumbnail\" alt=\"\" \/><\/a>\n\t\t\t<\/dt><\/dl><dl class='gallery-item'>\n\t\t\t<dt class='gallery-icon portrait'>\n\t\t\t\t<a href='http:\/\/info.sadowne.pl\/?attachment_id=17793'><img loading=\"lazy\" decoding=\"async\" width=\"180\" height=\"130\" src=\"http:\/\/info.sadowne.pl\/wp-content\/uploads\/2018\/01\/2018.01.28.12-180x130.jpg\" class=\"attachment-thumbnail size-thumbnail\" alt=\"\" \/><\/a>\n\t\t\t<\/dt><\/dl><br style=\"clear: both\" \/><dl class='gallery-item'>\n\t\t\t<dt class='gallery-icon landscape'>\n\t\t\t\t<a href='http:\/\/info.sadowne.pl\/?attachment_id=17794'><img loading=\"lazy\" decoding=\"async\" width=\"180\" height=\"130\" src=\"http:\/\/info.sadowne.pl\/wp-content\/uploads\/2018\/01\/2018.01.28.13-180x130.jpg\" class=\"attachment-thumbnail size-thumbnail\" alt=\"\" \/><\/a>\n\t\t\t<\/dt><\/dl>\n\t\t\t<br style='clear: both' \/>\n\t\t<\/div>\n\n<p><strong>Tekst:<\/strong> S\u0142awek Chyli\u0144ski\/Anna Szyszka<\/p>\n<p><strong>Foto:<\/strong> Anna Szyszka\/Festiwal Biegowy<\/p>\n<p><strong>\u0179r\u00f3d\u0142o:<\/strong> <a href=\"http:\/\/www.festiwalbiegowy.pl\" target=\"_blank\" rel=\"noopener noreferrer\">www.festiwalbiegowy.pl<\/a><\/p>\n","protected":false},"excerpt":{"rendered":"<p>27 stycznia w warszawskim Parku Skaryszewskim odby\u0142 si\u0119 13. Bieg Wedla, w tym 9-kilometrowy dystans zaliczany do Ligi Festiwalu Biegowego. Ania Szyszka oczywi\u015bcie stan\u0119\u0142a na najwy\u017cszym stopniu podium.<\/p>\n","protected":false},"author":1,"featured_media":0,"comment_status":"closed","ping_status":"closed","sticky":false,"template":"","format":"standard","meta":{"footnotes":""},"categories":[5,2135,7],"tags":[2708,734,1590],"class_list":["post-17781","post","type-post","status-publish","format-standard","hentry","category-newsy","category-bieganie","category-sport","tag-13-bieg-wedla","tag-anna-szyszka","tag-bieganie"],"views":2871,"_links":{"self":[{"href":"http:\/\/info.sadowne.pl\/index.php?rest_route=\/wp\/v2\/posts\/17781","targetHints":{"allow":["GET"]}}],"collection":[{"href":"http:\/\/info.sadowne.pl\/index.php?rest_route=\/wp\/v2\/posts"}],"about":[{"href":"http:\/\/info.sadowne.pl\/index.php?rest_route=\/wp\/v2\/types\/post"}],"author":[{"embeddable":true,"href":"http:\/\/info.sadowne.pl\/index.php?rest_route=\/wp\/v2\/users\/1"}],"replies":[{"embeddable":true,"href":"http:\/\/info.sadowne.pl\/index.php?rest_route=%2Fwp%2Fv2%2Fcomments&post=17781"}],"version-history":[{"count":1,"href":"http:\/\/info.sadowne.pl\/index.php?rest_route=\/wp\/v2\/posts\/17781\/revisions"}],"predecessor-version":[{"id":17795,"href":"http:\/\/info.sadowne.pl\/index.php?rest_route=\/wp\/v2\/posts\/17781\/revisions\/17795"}],"wp:attachment":[{"href":"http:\/\/info.sadowne.pl\/index.php?rest_route=%2Fwp%2Fv2%2Fmedia&parent=17781"}],"wp:term":[{"taxonomy":"category","embeddable":true,"href":"http:\/\/info.sadowne.pl\/index.php?rest_route=%2Fwp%2Fv2%2Fcategories&post=17781"},{"taxonomy":"post_tag","embeddable":true,"href":"http:\/\/info.sadowne.pl\/index.php?rest_route=%2Fwp%2Fv2%2Ftags&post=17781"}],"curies":[{"name":"wp","href":"https:\/\/api.w.org\/{rel}","templated":true}]}}