{"id":17815,"date":"2018-01-31T18:32:38","date_gmt":"2018-01-31T17:32:38","guid":{"rendered":"http:\/\/info.sadowne.pl\/?p=17815"},"modified":"2020-04-24T11:41:09","modified_gmt":"2020-04-24T09:41:09","slug":"juz-po-feriach","status":"publish","type":"post","link":"http:\/\/info.sadowne.pl\/?p=17815","title":{"rendered":"Ju\u017c po feriach!!!"},"content":{"rendered":"<p><strong><img loading=\"lazy\" decoding=\"async\" class=\"alignleft size-thumbnail wp-image-17816\" src=\"http:\/\/info.sadowne.pl\/wp-content\/uploads\/2018\/01\/2018.01.31.21-180x130.jpg\" alt=\"\" width=\"180\" height=\"130\" \/>Zako\u0144czy\u0142y si\u0119 ferie zimowe w naszych szko\u0142ach. Wspomnijmy je jeszcze raz.<\/strong><!--more--><\/p>\n<p>W Sadownem specjaln\u0105 ofert\u0119 dla dzieci, a nawet ca\u0142ych, rodzin przygotowa\u0142 na tegoroczne ferie zimowe Gminny O\u015brodek Kultury w Sadownem.<\/p>\n<p>&#8211; <em>R\u00f3wnie\u017c w tym roku nasza plac\u00f3wka przygotowa\u0142a na ferie zimowe ciekaw\u0105 ofert\u0119 zaj\u0119\u0107 dla naszych najm\u0142odszych i nie tylko<\/em> \u2013 stwierdza Dyrektor sadowie\u0144skiego GOK p. Ewa Pi\u00f3rkowska.<\/p>\n<p><em><img loading=\"lazy\" decoding=\"async\" class=\"alignright size-full wp-image-9108\" src=\"http:\/\/info.sadowne.pl\/wp-content\/uploads\/2015\/06\/EP2.jpg\" alt=\"\" width=\"151\" height=\"188\" \/>\u2013 Przez dwa tygodnie, we wszystkie dni robocze &#8211; opr\u00f3cz poniedzia\u0142k\u00f3w, na zaj\u0119ciach mieli\u015bmy komplet dzieciak\u00f3w, kt\u00f3re czynnie w nich uczestniczy\u0142y. Opr\u00f3cz zaj\u0119\u0107 w hali sportowej czy zaj\u0119\u0107 ceramicznych lub plastycznych, zainteresowani mogli podczas warsztat\u00f3w nauczy\u0107 si\u0119 sztuki tworzenia komiks\u00f3w, a wytrwali brali udzia\u0142 w zabawach na \u015bniegu i mogli zaprezentowa\u0107 swoje umiej\u0119tno\u015bci jazdy na \u0142y\u017cwach podczas wyjazdu na lodowisko w Ostrowi Mazowieckiej. Podsumowaniem zaj\u0119\u0107 by\u0142 bal karnawa\u0142owy, podczas kt\u00f3rego zabawom nie by\u0142o ko\u0144ca \u2013<\/em> podsumowuje p. Dyrektor.<\/p>\n<p>Faktycznie dzieciaki mia\u0142y mn\u00f3stwo zaj\u0119\u0107 i te, kt\u00f3re by\u0142y sta\u0142ymi bywalcami Gminnego O\u015brodka Kultury, na pewno nie nudzi\u0142y si\u0119. Oferta feryjnych zaj\u0119\u0107 by\u0142a bogata, a o balu, o kt\u00f3rym wspomnia\u0142a p. Dyrektor, pisali\u015bmy ju\u017c w artykule pt. <span style=\"color: #0000ff;\"><a style=\"color: #0000ff;\" href=\"http:\/\/info.sadowne.pl\/?p=17766\" target=\"_blank\" rel=\"noopener noreferrer\"><strong>\u201eWeso\u0142o, zabawowo, karnawa\u0142owo\u2026\u201d<\/strong><\/a><\/span>. Obejrzyjmy jeszcze kr\u00f3tk\u0105 fotorelacj\u0119 z pozosta\u0142ych zaj\u0119\u0107, a po feriach\u2026 zapraszamy do GOK-u na r\u00f3wnie ciekawe zaj\u0119cia sta\u0142e.<\/p>\n<p><a href=\"https:\/\/photos.app.goo.gl\/3VgHBBjof9VwSisJ8\" target=\"_blank\" rel=\"noopener noreferrer\"><span style=\"color: #0000ff;\"><strong>Zdj\u0119cia w galerii Google&gt;&gt;&gt;<\/strong><\/span><\/a><\/p>\n<p><strong>Tekst: S\u0142awek Chyli\u0144ski<\/strong><\/p>\n<p><strong>Foto: <\/strong>GOK\/S\u0142awek Chyli\u0144ski<\/p>\n","protected":false},"excerpt":{"rendered":"<p>Zako\u0144czy\u0142y si\u0119 ferie zimowe w naszych szko\u0142ach. Wspomnijmy je jeszcze raz.<\/p>\n","protected":false},"author":1,"featured_media":0,"comment_status":"closed","ping_status":"closed","sticky":false,"template":"","format":"standard","meta":{"footnotes":""},"categories":[5,91,6],"tags":[591,2689,169],"class_list":["post-17815","post","type-post","status-publish","format-standard","hentry","category-newsy","category-gminny-osrodek-kultury","category-kultura-rozrywka-edukacja","tag-ewa-piorkowska","tag-ferie-zimowe-2018-w-sadownem","tag-gminny-osrodek-kultury-w-sadownem"],"views":2871,"_links":{"self":[{"href":"http:\/\/info.sadowne.pl\/index.php?rest_route=\/wp\/v2\/posts\/17815","targetHints":{"allow":["GET"]}}],"collection":[{"href":"http:\/\/info.sadowne.pl\/index.php?rest_route=\/wp\/v2\/posts"}],"about":[{"href":"http:\/\/info.sadowne.pl\/index.php?rest_route=\/wp\/v2\/types\/post"}],"author":[{"embeddable":true,"href":"http:\/\/info.sadowne.pl\/index.php?rest_route=\/wp\/v2\/users\/1"}],"replies":[{"embeddable":true,"href":"http:\/\/info.sadowne.pl\/index.php?rest_route=%2Fwp%2Fv2%2Fcomments&post=17815"}],"version-history":[{"count":3,"href":"http:\/\/info.sadowne.pl\/index.php?rest_route=\/wp\/v2\/posts\/17815\/revisions"}],"predecessor-version":[{"id":23073,"href":"http:\/\/info.sadowne.pl\/index.php?rest_route=\/wp\/v2\/posts\/17815\/revisions\/23073"}],"wp:attachment":[{"href":"http:\/\/info.sadowne.pl\/index.php?rest_route=%2Fwp%2Fv2%2Fmedia&parent=17815"}],"wp:term":[{"taxonomy":"category","embeddable":true,"href":"http:\/\/info.sadowne.pl\/index.php?rest_route=%2Fwp%2Fv2%2Fcategories&post=17815"},{"taxonomy":"post_tag","embeddable":true,"href":"http:\/\/info.sadowne.pl\/index.php?rest_route=%2Fwp%2Fv2%2Ftags&post=17815"}],"curies":[{"name":"wp","href":"https:\/\/api.w.org\/{rel}","templated":true}]}}