{"id":17859,"date":"2018-02-07T19:00:15","date_gmt":"2018-02-07T18:00:15","guid":{"rendered":"http:\/\/info.sadowne.pl\/?p=17859"},"modified":"2018-02-07T19:00:15","modified_gmt":"2018-02-07T18:00:15","slug":"wreczono-stypendia-starosty-2","status":"publish","type":"post","link":"http:\/\/info.sadowne.pl\/?p=17859","title":{"rendered":"Wr\u0119czono stypendia Starosty"},"content":{"rendered":"<p><strong><a href=\"http:\/\/info.sadowne.pl\/wp-content\/uploads\/2018\/02\/2018.02.07.13.jpg\" target=\"_blank\" rel=\"noopener noreferrer\"><img loading=\"lazy\" decoding=\"async\" class=\"alignleft wp-image-17860 size-thumbnail\" src=\"http:\/\/info.sadowne.pl\/wp-content\/uploads\/2018\/02\/2018.02.07.13-180x130.jpg\" alt=\"\" width=\"180\" height=\"130\" \/><\/a>W\u015br\u00f3d stypendyst\u00f3w s\u0105 te\u017c uczniowie ZSP Sadowne.<\/strong><!--more--><\/p>\n<p>Podczas Gali Stypendyst\u00f3w, kt\u00f3ra odby\u0142a si\u0119 7.02.2018 r. w sali konferencyjnej Starostwa Powiatowego w W\u0119growie, wr\u0119czone zosta\u0142y stypendia Starosty W\u0119growskiego uczniom szk\u00f3\u0142 prowadzonych przez powiat, kt\u00f3rzy osi\u0105gn\u0119li wysokie wyniki w nauce i sporcie.<\/p>\n<p>Stypendia motywacyjne Starosty otrzymali tak\u017ce uczniowie Zespo\u0142u Szk\u00f3\u0142 Ponadgimnazjalnych w Sadownem:<\/p>\n<p><strong><a href=\"http:\/\/info.sadowne.pl\/wp-content\/uploads\/2018\/02\/2018.02.07.12.jpg\" target=\"_blank\" rel=\"noopener noreferrer\"><img loading=\"lazy\" decoding=\"async\" class=\"alignright wp-image-17861 size-medium\" src=\"http:\/\/info.sadowne.pl\/wp-content\/uploads\/2018\/02\/2018.02.07.12-300x200.jpg\" alt=\"\" width=\"300\" height=\"200\" srcset=\"http:\/\/info.sadowne.pl\/wp-content\/uploads\/2018\/02\/2018.02.07.12-300x200.jpg 300w, http:\/\/info.sadowne.pl\/wp-content\/uploads\/2018\/02\/2018.02.07.12-768x513.jpg 768w, http:\/\/info.sadowne.pl\/wp-content\/uploads\/2018\/02\/2018.02.07.12.jpg 800w\" sizes=\"auto, (max-width: 300px) 100vw, 300px\" \/><\/a>za osi\u0105gni\u0119cie wybitnych wynik\u00f3w w nauce w I sem. r. szk. 2017\/2018<\/strong><\/p>\n<p><strong>&#8211; <\/strong>Zuzanna Majba\u0144ska, II, LO, \u015brednia ocen 5,20,<\/p>\n<p><strong>za osi\u0105gni\u0119cie bardzo dobrych wynik\u00f3w w nauce w I sem. r. szk. 2017\/2018<\/strong><\/p>\n<p><strong>&#8211; <\/strong>Aleksandra Rukat, II, LO, \u015brednia ocen 5,10<\/p>\n<p>&#8211; Alicja Zy\u015bk, II, LO, \u015brednia ocen 4,90<\/p>\n<p>&#8211; Agata Kami\u0144ska, II, T, \u015brednia ocen 4,79<\/p>\n<p><strong>Gratulujemy!<\/strong><\/p>\n<p><a href=\"http:\/\/info.sadowne.pl\/wp-content\/uploads\/2018\/02\/2018.02.07.11.jpg\" target=\"_blank\" rel=\"noopener noreferrer\"><img loading=\"lazy\" decoding=\"async\" class=\"aligncenter wp-image-17862 size-medium\" src=\"http:\/\/info.sadowne.pl\/wp-content\/uploads\/2018\/02\/2018.02.07.11-300x200.jpg\" alt=\"\" width=\"300\" height=\"200\" srcset=\"http:\/\/info.sadowne.pl\/wp-content\/uploads\/2018\/02\/2018.02.07.11-300x200.jpg 300w, http:\/\/info.sadowne.pl\/wp-content\/uploads\/2018\/02\/2018.02.07.11-768x513.jpg 768w, http:\/\/info.sadowne.pl\/wp-content\/uploads\/2018\/02\/2018.02.07.11.jpg 800w\" sizes=\"auto, (max-width: 300px) 100vw, 300px\" \/><\/a><\/p>\n<p><strong>\u0179r\u00f3d\u0142o:<\/strong> <a href=\"https:\/\/powiatwegrowski.pl\/aktualnosci\/wiadomosci-dnia\/gala-stypendystow-starosty-2018.5925\/\" target=\"_blank\" rel=\"noopener noreferrer\">https:\/\/powiatwegrowski.pl\/aktualnosci\/wiadomosci-dnia\/gala-stypendystow-starosty-2018.5925\/<\/a><\/p>\n<p><strong>\u00a0<\/strong><\/p>\n","protected":false},"excerpt":{"rendered":"<p>W\u015br\u00f3d stypendyst\u00f3w s\u0105 te\u017c uczniowie ZSP Sadowne.<\/p>\n","protected":false},"author":1,"featured_media":0,"comment_status":"closed","ping_status":"closed","sticky":false,"template":"","format":"standard","meta":{"footnotes":""},"categories":[5,1752,85],"tags":[2717,182],"class_list":["post-17859","post","type-post","status-publish","format-standard","hentry","category-newsy","category-edukacja","category-zsp","tag-stypendia-starosty-wegrowskiego-2018","tag-zespol-szkol-ponadgimnazjalnych-w-sadownem"],"views":3089,"_links":{"self":[{"href":"http:\/\/info.sadowne.pl\/index.php?rest_route=\/wp\/v2\/posts\/17859","targetHints":{"allow":["GET"]}}],"collection":[{"href":"http:\/\/info.sadowne.pl\/index.php?rest_route=\/wp\/v2\/posts"}],"about":[{"href":"http:\/\/info.sadowne.pl\/index.php?rest_route=\/wp\/v2\/types\/post"}],"author":[{"embeddable":true,"href":"http:\/\/info.sadowne.pl\/index.php?rest_route=\/wp\/v2\/users\/1"}],"replies":[{"embeddable":true,"href":"http:\/\/info.sadowne.pl\/index.php?rest_route=%2Fwp%2Fv2%2Fcomments&post=17859"}],"version-history":[{"count":1,"href":"http:\/\/info.sadowne.pl\/index.php?rest_route=\/wp\/v2\/posts\/17859\/revisions"}],"predecessor-version":[{"id":17863,"href":"http:\/\/info.sadowne.pl\/index.php?rest_route=\/wp\/v2\/posts\/17859\/revisions\/17863"}],"wp:attachment":[{"href":"http:\/\/info.sadowne.pl\/index.php?rest_route=%2Fwp%2Fv2%2Fmedia&parent=17859"}],"wp:term":[{"taxonomy":"category","embeddable":true,"href":"http:\/\/info.sadowne.pl\/index.php?rest_route=%2Fwp%2Fv2%2Fcategories&post=17859"},{"taxonomy":"post_tag","embeddable":true,"href":"http:\/\/info.sadowne.pl\/index.php?rest_route=%2Fwp%2Fv2%2Ftags&post=17859"}],"curies":[{"name":"wp","href":"https:\/\/api.w.org\/{rel}","templated":true}]}}