{"id":17932,"date":"2018-02-22T10:09:41","date_gmt":"2018-02-22T09:09:41","guid":{"rendered":"http:\/\/info.sadowne.pl\/?p=17932"},"modified":"2018-02-23T10:16:24","modified_gmt":"2018-02-23T09:16:24","slug":"o-mieszkancach-sadownego-w-tvp-1","status":"publish","type":"post","link":"http:\/\/info.sadowne.pl\/?p=17932","title":{"rendered":"O mieszka\u0144cach Sadownego w TVP 1 &#8211; aktualizacja"},"content":{"rendered":"<p><strong><img loading=\"lazy\" decoding=\"async\" class=\"alignleft size-thumbnail wp-image-17933\" src=\"http:\/\/info.sadowne.pl\/wp-content\/uploads\/2018\/02\/2018.02.21.2-180x130.jpg\" alt=\"\" width=\"180\" height=\"130\" \/>Zach\u0119cam do obejrzenia jutrzejszego programu &#8222;Warto Rozmawia\u0107&#8221; Jana Pospieszalskiego w TVP 1 (czwartek 22.02.2018) o godz. 22.20. <\/strong><!--more--><\/p>\n<p><strong>W audycji poruszony zostanie temat rodziny Lubkiewicz\u00f3w z Sadownego.<\/strong><\/p>\n<p><strong>Gor\u0105co polecam!<\/strong><\/p>\n<p><strong>Marek Renik<\/strong><\/p>\n<p>UWAGA! Je\u015bli kto\u015b nie zd\u0105\u017cy\u0142 obejrze\u0107 programu w TVP 1, to teraz jest ku temu okazja. Zapraszamy!<\/p>\n<p><span style=\"color: #0000ff;\"><strong><a style=\"color: #0000ff;\" href=\"https:\/\/vod.tvp.pl\/video\/warto-rozmawiac,22022018,35857721\" target=\"_blank\" rel=\"noopener noreferrer\">&#8222;Warto rozmawia\u0107&#8221; &#8211; 22.02.2018&gt;&gt;&gt;<\/a><\/strong><\/span><\/p>\n","protected":false},"excerpt":{"rendered":"<p>Zach\u0119cam do obejrzenia jutrzejszego programu &#8222;Warto Rozmawia\u0107&#8221; Jana Pospieszalskiego w TVP 1 (czwartek 22.02.2018) o godz. 22.20.<\/p>\n","protected":false},"author":1,"featured_media":0,"comment_status":"closed","ping_status":"closed","sticky":false,"template":"","format":"standard","meta":{"footnotes":""},"categories":[5,1],"tags":[2724,395],"class_list":["post-17932","post","type-post","status-publish","format-standard","hentry","category-newsy","category-inne","tag-warto-rozmawiac","tag-marek-renik"],"views":3493,"_links":{"self":[{"href":"http:\/\/info.sadowne.pl\/index.php?rest_route=\/wp\/v2\/posts\/17932","targetHints":{"allow":["GET"]}}],"collection":[{"href":"http:\/\/info.sadowne.pl\/index.php?rest_route=\/wp\/v2\/posts"}],"about":[{"href":"http:\/\/info.sadowne.pl\/index.php?rest_route=\/wp\/v2\/types\/post"}],"author":[{"embeddable":true,"href":"http:\/\/info.sadowne.pl\/index.php?rest_route=\/wp\/v2\/users\/1"}],"replies":[{"embeddable":true,"href":"http:\/\/info.sadowne.pl\/index.php?rest_route=%2Fwp%2Fv2%2Fcomments&post=17932"}],"version-history":[{"count":4,"href":"http:\/\/info.sadowne.pl\/index.php?rest_route=\/wp\/v2\/posts\/17932\/revisions"}],"predecessor-version":[{"id":17937,"href":"http:\/\/info.sadowne.pl\/index.php?rest_route=\/wp\/v2\/posts\/17932\/revisions\/17937"}],"wp:attachment":[{"href":"http:\/\/info.sadowne.pl\/index.php?rest_route=%2Fwp%2Fv2%2Fmedia&parent=17932"}],"wp:term":[{"taxonomy":"category","embeddable":true,"href":"http:\/\/info.sadowne.pl\/index.php?rest_route=%2Fwp%2Fv2%2Fcategories&post=17932"},{"taxonomy":"post_tag","embeddable":true,"href":"http:\/\/info.sadowne.pl\/index.php?rest_route=%2Fwp%2Fv2%2Ftags&post=17932"}],"curies":[{"name":"wp","href":"https:\/\/api.w.org\/{rel}","templated":true}]}}