{"id":17981,"date":"2018-03-02T11:28:58","date_gmt":"2018-03-02T10:28:58","guid":{"rendered":"http:\/\/info.sadowne.pl\/?p=17981"},"modified":"2018-03-02T11:29:32","modified_gmt":"2018-03-02T10:29:32","slug":"polacy-nie-gesi","status":"publish","type":"post","link":"http:\/\/info.sadowne.pl\/?p=17981","title":{"rendered":"Polacy nie g\u0119si&#8230;,"},"content":{"rendered":"<p><strong><a href=\"http:\/\/info.sadowne.pl\/wp-content\/uploads\/2018\/03\/2018.03.02.11.jpg\" target=\"_blank\" rel=\"noopener noreferrer\"><img loading=\"lazy\" decoding=\"async\" class=\"alignleft wp-image-17982 size-thumbnail\" src=\"http:\/\/info.sadowne.pl\/wp-content\/uploads\/2018\/03\/2018.03.02.11-180x130.jpg\" alt=\"\" width=\"180\" height=\"130\" \/><\/a>czyli Tydzie\u0144 J\u0119zyka Ojczystego w Niepublicznej Szkole Podstawowej w Orze\u0142ku.<\/strong><!--more--><\/p>\n<p><em>W dniach 19 &#8211; 22 lutego 2018 r. obchodzili\u015bmy w naszej szkole Tydzie\u0144 J\u0119zyka Ojczystego. W ten spos\u00f3b w\u0142\u0105czyli\u015bmy si\u0119 w \u015bwiatowy projekt maj\u0105cy na celu ochron\u0119 i promowanie warto\u015bci j\u0119zyk\u00f3w narodowych. Ka\u017cdy dzie\u0144 po\u015bwi\u0119cony by\u0142 r\u00f3\u017cnym jego aspektom.<\/em><\/p>\n<p><em><a href=\"http:\/\/info.sadowne.pl\/wp-content\/uploads\/2018\/03\/2018.03.02.12.jpg\" target=\"_blank\" rel=\"noopener noreferrer\"><img loading=\"lazy\" decoding=\"async\" class=\"alignright wp-image-17983 size-medium\" src=\"http:\/\/info.sadowne.pl\/wp-content\/uploads\/2018\/03\/2018.03.02.12-225x300.jpg\" alt=\"\" width=\"225\" height=\"300\" srcset=\"http:\/\/info.sadowne.pl\/wp-content\/uploads\/2018\/03\/2018.03.02.12-225x300.jpg 225w, http:\/\/info.sadowne.pl\/wp-content\/uploads\/2018\/03\/2018.03.02.12.jpg 594w\" sizes=\"auto, (max-width: 225px) 100vw, 225px\" \/><\/a>Nauczyciele j. polskiego Iwona Nowska, Marta Nowacka, dyrektor szko\u0142y Barbara Kie\u0142ek zaprosili wszystkich uczni\u00f3w do sprawdzenia swych umiej\u0119tno\u015bci j\u0119zykowych w kilku dziedzinach. Spotka\u0142o si\u0119 to z bardzo du\u017cym zainteresowaniem zar\u00f3wno m\u0142odszych, jak i starszych dzieci, kt\u00f3re licznie zg\u0142asza\u0142y si\u0119 do zaproponowanych konkurs\u00f3w polonistycznych. Najwi\u0119cej os\u00f3b pr\u00f3bowa\u0142o swych si\u0142\u00a0 w\u00a0 Wielkim Dyktandzie.\u00a0Oto nasi zwyci\u0119zcy:<\/em><\/p>\n<p><em><strong>\u00a0&#8211;\u00a0<\/strong>\u00a0W kategorii;<strong>\u00a0CORRIDA, CZYLI WALKA Z BYKAMI<\/strong>\u00a0tytu\u0142 Mistrza Ortografii zdoby\u0142a Emilia Kania z klasy II, Jakub Sobotka z klasy III i Kinga Rydzewska z klasy V.<\/em><\/p>\n<p><em><strong>&#8211;\u00a0<\/strong>W kategorii;<strong>\u00a0\u201eWierszyki \u0142ami\u0105ce j\u0119zyki\u201d\u00a0<\/strong>tytu\u0142\u00a0Mistrza Pi\u0119knego Czytania\u00a0 zdobyli \u2013 Emilia Kania, Kinga Rydzewska, Amelia Podg\u00f3rska i Kacper Wlaz\u0142owski.<\/em><\/p>\n<p><em><strong>&#8211; W kategorii; M\u00f3j j\u0119zyk \u015bwiadczy o mnie- wypowiadamy wojn\u0119 wulgaryzmom- plakaty i has\u0142a; dyplomy uznania zosta\u0142y wr\u0119czone wszystkim bior\u0105cym udzia\u0142 w konkursie.<\/strong><\/em><\/p>\n<p><em>Gratulujemy wszystkim uczestnikom oraz zwyci\u0119zcom! Cieszymy si\u0119, \u017ce tak wielu uczni\u00f3w spr\u00f3bowa\u0142o swych si\u0142 w konkursach polonistycznych. Do zobaczenia za rok!<\/em><\/p>\n<p><em><strong>Iwona Nowska<\/strong><\/em><\/p>\n<p><strong>Zdj\u0119cia na stronie <span style=\"color: #0000ff;\"><a style=\"color: #0000ff;\" href=\"http:\/\/www.sporzelek.szkolnastrona.pl\/index.php\" target=\"_blank\" rel=\"noopener noreferrer\">http:\/\/www.sporzelek.szkolnastrona.pl\/index.php<\/a><\/span><\/strong><\/p>\n<p><strong>\u0179r\u00f3d\u0142o:<\/strong> <a href=\"http:\/\/www.sporzelek.szkolnastrona.pl\" target=\"_blank\" rel=\"noopener noreferrer\">www.sporzelek.szkolnastrona.pl<\/a><\/p>\n","protected":false},"excerpt":{"rendered":"<p>czyli Tydzie\u0144 J\u0119zyka Ojczystego w Niepublicznej Szkole Podstawowej w Orze\u0142ku.<\/p>\n","protected":false},"author":1,"featured_media":0,"comment_status":"closed","ping_status":"closed","sticky":false,"template":"","format":"standard","meta":{"footnotes":""},"categories":[5,1752,43],"tags":[937,2728],"class_list":["post-17981","post","type-post","status-publish","format-standard","hentry","category-newsy","category-edukacja","category-szkola-podstawowa-w-orzelku","tag-niepubliczna-szkola-podstawowa-w-orzelku","tag-tydzien-jezyka-ojczystego-w-orzelku"],"views":2918,"_links":{"self":[{"href":"http:\/\/info.sadowne.pl\/index.php?rest_route=\/wp\/v2\/posts\/17981","targetHints":{"allow":["GET"]}}],"collection":[{"href":"http:\/\/info.sadowne.pl\/index.php?rest_route=\/wp\/v2\/posts"}],"about":[{"href":"http:\/\/info.sadowne.pl\/index.php?rest_route=\/wp\/v2\/types\/post"}],"author":[{"embeddable":true,"href":"http:\/\/info.sadowne.pl\/index.php?rest_route=\/wp\/v2\/users\/1"}],"replies":[{"embeddable":true,"href":"http:\/\/info.sadowne.pl\/index.php?rest_route=%2Fwp%2Fv2%2Fcomments&post=17981"}],"version-history":[{"count":2,"href":"http:\/\/info.sadowne.pl\/index.php?rest_route=\/wp\/v2\/posts\/17981\/revisions"}],"predecessor-version":[{"id":17985,"href":"http:\/\/info.sadowne.pl\/index.php?rest_route=\/wp\/v2\/posts\/17981\/revisions\/17985"}],"wp:attachment":[{"href":"http:\/\/info.sadowne.pl\/index.php?rest_route=%2Fwp%2Fv2%2Fmedia&parent=17981"}],"wp:term":[{"taxonomy":"category","embeddable":true,"href":"http:\/\/info.sadowne.pl\/index.php?rest_route=%2Fwp%2Fv2%2Fcategories&post=17981"},{"taxonomy":"post_tag","embeddable":true,"href":"http:\/\/info.sadowne.pl\/index.php?rest_route=%2Fwp%2Fv2%2Ftags&post=17981"}],"curies":[{"name":"wp","href":"https:\/\/api.w.org\/{rel}","templated":true}]}}