{"id":18217,"date":"2018-03-26T14:53:50","date_gmt":"2018-03-26T12:53:50","guid":{"rendered":"http:\/\/info.sadowne.pl\/?p=18217"},"modified":"2020-04-24T11:11:50","modified_gmt":"2020-04-24T09:11:50","slug":"to-juz-czterdziesty-pierwszy-raz","status":"publish","type":"post","link":"http:\/\/info.sadowne.pl\/?p=18217","title":{"rendered":"To ju\u017c czterdziesty pierwszy raz\u2026"},"content":{"rendered":"<p><strong><img loading=\"lazy\" decoding=\"async\" class=\"alignleft size-thumbnail wp-image-18218\" src=\"http:\/\/info.sadowne.pl\/wp-content\/uploads\/2018\/03\/2018.03.26.1-180x130.jpg\" alt=\"\" width=\"180\" height=\"130\" \/>Na Mazowszu trwaj\u0105 eliminacje do 41. Konkursu Recytatorskiego \u201eWarszawska Syrenka\u201d. W Sadownem odby\u0142y si\u0119 26 marca.<\/strong><!--more--><\/p>\n<p>Istot\u0105 tego Konkursu jest pobudzanie aktywno\u015bci artystycznej, ujawnianie m\u0142odych talent\u00f3w recytatorskich, ale r\u00f3wnie\u017c wyrobienie nawyku czytania, rozw\u00f3j czytelnictwa i popularyzacja literatury. W Konkursie bior\u0105 udzia\u0142 uczniowie klas 0 \u2013 VI szko\u0142y podstawowej\u00a0oraz wszystkich klas gimnazjum. Dzieci przechodz\u0105 przez kilka szczebli eliminacji\u00a0\u2013 26 marca odby\u0142y si\u0119 eliminacje gminne w Sadownem.<\/p>\n<p><img loading=\"lazy\" decoding=\"async\" class=\"aligncenter size-full wp-image-18219\" src=\"http:\/\/info.sadowne.pl\/wp-content\/uploads\/2018\/03\/2018.03.26.jpg\" alt=\"\" width=\"432\" height=\"286\" srcset=\"http:\/\/info.sadowne.pl\/wp-content\/uploads\/2018\/03\/2018.03.26.jpg 432w, http:\/\/info.sadowne.pl\/wp-content\/uploads\/2018\/03\/2018.03.26-300x199.jpg 300w\" sizes=\"auto, (max-width: 432px) 100vw, 432px\" \/><\/p>\n<p>Uczestnik\u00f3w eliminacji ocenia\u0142a Komisja w sk\u0142adzie: p. Ryszard Warda, p. Barbara Klimek i p. Magdalena Zy\u015bk, kt\u00f3ra ostatecznie wy\u0142oni\u0142a zwyci\u0119zc\u00f3w:<\/p>\n<p><strong>Kategoria 0-III &#8211; Szko\u0142a Podstawowa<\/strong><\/p>\n<p>I miejsce \u2013 Amelia Suska , Niepubliczna Szko\u0142a Podstawowa w Orze\u0142ku<\/p>\n<p><strong>Kategoria IV-VI \u2013 Szko\u0142a Podstawowa<\/strong><\/p>\n<p>I miejsce \u2013 Kinga Rydzewska, Niepubliczna Szko\u0142a Podstawowa w Orze\u0142ku<\/p>\n<p>II miejsce \u2013 Patrycja Dobosz, Szko\u0142a Podstawowa w Sadownem<\/p>\n<p>III miejsce \u2013 Wiktoria Ga\u0142\u0105zka, Szko\u0142a Podstawowa w Sadownem<\/p>\n<p><strong>Kategoria VII &#8211; Szko\u0142a Podstawowa i Gimnazjum<\/strong><\/p>\n<p>I miejsce \u2013 Iga K\u0142\u00f3sek, Gimnazjum Sadowne<\/p>\n<p>II miejsce \u2013 Aleksandra Pu\u015bcion, Gimnazjum Sadowne<\/p>\n<p>III miejsce \u2013 Weronika Akonom, Gimnazjum Sadowne<\/p>\n<p>Dyplomy oraz drobne upominki zwyci\u0119zcom Konkursu i uczestnikom wr\u0119czyli przedstawiciele Komisji oraz p. Ewa Pi\u00f3rkowska \u2013 Dyrektor Gminnego O\u015brodka Kultury w Sadownem.<\/p>\n<p>Eliminacje powiatowe Konkursu odb\u0119d\u0105 si\u0119 ju\u017c 5 kwietnia w MiGOK w \u0141ochowie. \u017byczymy powodzenia reprezentantom Gminy Sadowne.<\/p>\n<p><a href=\"https:\/\/photos.app.goo.gl\/TMQNpjE5Qve8stiC7\" target=\"_blank\" rel=\"noopener noreferrer\"><span style=\"color: #0000ff;\"><strong>Zdj\u0119cia w Galerii Google&gt;&gt;&gt;<\/strong><\/span><\/a><\/p>\n<p><strong>Tekst\/foto:<\/strong> S\u0142awek Chyli\u0144ski<\/p>\n","protected":false},"excerpt":{"rendered":"<p>Na Mazowszu trwaj\u0105 eliminacje do 41. Konkursu Recytatorskiego \u201eWarszawska Syrenka\u201d. W Sadownem odby\u0142y si\u0119 26 marca.<\/p>\n","protected":false},"author":1,"featured_media":0,"comment_status":"closed","ping_status":"closed","sticky":false,"template":"","format":"standard","meta":{"footnotes":""},"categories":[5,91,6],"tags":[2762,169],"class_list":["post-18217","post","type-post","status-publish","format-standard","hentry","category-newsy","category-gminny-osrodek-kultury","category-kultura-rozrywka-edukacja","tag-gminne-eliminacje-do-konkursu-warszawska-syrenka","tag-gminny-osrodek-kultury-w-sadownem"],"views":2879,"_links":{"self":[{"href":"http:\/\/info.sadowne.pl\/index.php?rest_route=\/wp\/v2\/posts\/18217","targetHints":{"allow":["GET"]}}],"collection":[{"href":"http:\/\/info.sadowne.pl\/index.php?rest_route=\/wp\/v2\/posts"}],"about":[{"href":"http:\/\/info.sadowne.pl\/index.php?rest_route=\/wp\/v2\/types\/post"}],"author":[{"embeddable":true,"href":"http:\/\/info.sadowne.pl\/index.php?rest_route=\/wp\/v2\/users\/1"}],"replies":[{"embeddable":true,"href":"http:\/\/info.sadowne.pl\/index.php?rest_route=%2Fwp%2Fv2%2Fcomments&post=18217"}],"version-history":[{"count":2,"href":"http:\/\/info.sadowne.pl\/index.php?rest_route=\/wp\/v2\/posts\/18217\/revisions"}],"predecessor-version":[{"id":23057,"href":"http:\/\/info.sadowne.pl\/index.php?rest_route=\/wp\/v2\/posts\/18217\/revisions\/23057"}],"wp:attachment":[{"href":"http:\/\/info.sadowne.pl\/index.php?rest_route=%2Fwp%2Fv2%2Fmedia&parent=18217"}],"wp:term":[{"taxonomy":"category","embeddable":true,"href":"http:\/\/info.sadowne.pl\/index.php?rest_route=%2Fwp%2Fv2%2Fcategories&post=18217"},{"taxonomy":"post_tag","embeddable":true,"href":"http:\/\/info.sadowne.pl\/index.php?rest_route=%2Fwp%2Fv2%2Ftags&post=18217"}],"curies":[{"name":"wp","href":"https:\/\/api.w.org\/{rel}","templated":true}]}}