{"id":18221,"date":"2018-03-27T16:46:15","date_gmt":"2018-03-27T14:46:15","guid":{"rendered":"http:\/\/info.sadowne.pl\/?p=18221"},"modified":"2020-04-01T14:20:39","modified_gmt":"2020-04-01T12:20:39","slug":"baby-mazurki-i-aranzacje","status":"publish","type":"post","link":"http:\/\/info.sadowne.pl\/?p=18221","title":{"rendered":"Baby, mazurki i\u2026 aran\u017cacje"},"content":{"rendered":"<p><strong><img loading=\"lazy\" decoding=\"async\" class=\"alignleft size-thumbnail wp-image-18222\" src=\"http:\/\/info.sadowne.pl\/wp-content\/uploads\/2018\/03\/2018.03.27.1-180x130.jpg\" alt=\"\" width=\"180\" height=\"130\" \/>Zbli\u017caj\u0105ce si\u0119 \u015awi\u0119ta Wielkiej Nocy s\u0105 okazj\u0105 do przypomnienia przepis\u00f3w na r\u00f3\u017cne \u015bwi\u0105teczne potrawy, ale te\u017c atrakcyjnego sposobu ich podania. <\/strong><!--more--><\/p>\n<p>27 marca w Zespole Szk\u00f3\u0142 Ponadgimnazjalnych w Sadownem odby\u0142o si\u0119 przed\u015bwi\u0105teczne spotkanie, kt\u00f3rego g\u0142\u00f3wnym celem by\u0142o zaprezentowanie: tradycyjnych s\u0142odkich wypiek\u00f3w kojarz\u0105cych si\u0119 z Wielkanoc\u0105 oraz wystroju sto\u0142\u00f3w, na kt\u00f3rych znajd\u0105 si\u0119 nasze \u015bwi\u0105teczne potrawy. Prezentacje przygotowano w formie konkursowej w kategoriach: \u201eNajpi\u0119kniejsza aran\u017cacja sto\u0142u Wielkanoc 2018\u201d oraz \u201eBaby i mazurki wielkanocne 2018\u201d.<\/p>\n<p>W szkolnej sali gimnastycznej przyby\u0142ych go\u015bci oraz uczni\u00f3w powita\u0142 Dyrektor ZSP p. S\u0142awomir Ryszawa, omawiaj\u0105c wst\u0119pnie zasady konkursowe i spos\u00f3b oceny ich uczestnik\u00f3w. Po wyborze Komisji spo\u015br\u00f3d zaproszonych go\u015bci, jej cz\u0142onkowie przyst\u0105pili do oceny oznaczonych numerami aran\u017cacji sto\u0142\u00f3w i \u015bwi\u0105tecznych ciast. Wyb\u00f3r by\u0142 trudny, gdy\u017c wg oceniaj\u0105cych wszyscy uczestnicy konkurs\u00f3w zas\u0142ugiwali na wyr\u00f3\u017cnienie, jednak nale\u017ca\u0142o wskaza\u0107 najlepszych. Ostateczne wyniki przedstawiaj\u0105 si\u0119 nast\u0119puj\u0105co:<\/p>\n<p><strong>Konkurs \u201eNajpi\u0119kniejsza aran\u017cacja sto\u0142u Wielkanoc 2018\u201d<\/strong><\/p>\n<p><em><strong>Nr sto\u0142u\/uczestnik<\/strong><\/em><\/p>\n<ol>\n<li>Urszula Uzi\u0119b\u0142o i Sandra Karczmarczyk (I T.)<\/li>\n<li>Klaudia Pielech i Patrycja Fr\u0105ckiewicz (III T.)<\/li>\n<li>Patryk Ryszawa i Emilia G\u00f3ral (II T.)<\/li>\n<li>Kamila D\u0105browska i Justyna Str\u0105k (I T.)<\/li>\n<li>Aleksandra Rukat i Katarzyna K\u0105dziela (II LO)<\/li>\n<li>Mariola Nowak i Anna Jagsch (IV T.)<\/li>\n<li>Paulina Wieliczko i Justyna Angowska (III T.)<\/li>\n<li>Ewa Pigul i Natalia K\u0142usek (III T.)<\/li>\n<li>Inga Tarapata i Micha\u0142 Glinka (III LO\/III T.)<\/li>\n<li>Monika Wyszy\u0144ska i Mateusz G\u00f3ral (III T.\/IV T.)<\/li>\n<li>Karolina Wyszy\u0144ska i Anna Krawcowa (IV T.)<\/li>\n<li>Katarzyna Skibniewska i Klaudia Ogonowska (II T.)<\/li>\n<li>Agata Kami\u0144ska i Izabela Olkowska (II T.)<\/li>\n<li>Patrycja Le\u015bniewska i Natalia Wysocka (I T.)<\/li>\n<li>Angelika Pasek i Jakub Krzycki (I T.)<\/li>\n<li>Karolina Dzieci\u0105tko i Kinga Wyszogrodzka (IV T.)<\/li>\n<li>Daniel Cesarczyk i Karolina Kania (IV T.)<\/li>\n<\/ol>\n<p><strong>Wyniki Konkursu:<\/strong><\/p>\n<p>&#8211; I miejsce \u2013 Paulina Wieliczko i Justyna Angowska, III T., stolik nr 7<\/p>\n<p>&#8211; II miejsce \u2013 Karolina Dzieci\u0105tko i Kinga Wyszogrodzka, IV T., stolik nr 16<\/p>\n<p>&#8211; III miejsce \u2013 Inga Tarapata i Micha\u0142 Glinka, III LO\/III T., stolik nr 9<\/p>\n<p>&#8211; wyr\u00f3\u017cnienie:<\/p>\n<p>&#8211; Aleksandra Rukat i Katarzyna K\u0105dziela, II LO, stolik nr 5<\/p>\n<p>&#8211; Katarzyna Skibniewska i Klaudia Ogonowska, II T., stolik nr 12<\/p>\n<p><strong>Konkurs \u201eBaby i mazurki wielkanocne 2018\u201d<\/strong><\/p>\n<p><em><strong>Nr potrawy\/uczestnik<\/strong><\/em><\/p>\n<ol>\n<li>Marcin Polewski<\/li>\n<li>Natalia Sawicka<\/li>\n<li>Hubert Rudnik<\/li>\n<li>Dominika Dawidowska<\/li>\n<li>Maciej Ko\u015bciesza<\/li>\n<li>Agata Karczmarczyk<\/li>\n<li>Justyna Kozio\u0142<\/li>\n<li>Katarzyna Skibniewska<\/li>\n<li>Miko\u0142aj Banasiuk<\/li>\n<li>Patrycja Szczurowska<\/li>\n<li>Natalia Skorupka<\/li>\n<li>Magdalena Bereza<\/li>\n<li>Milena Robak<\/li>\n<li>Monika Rogalska<\/li>\n<li>Kamil Puchta<\/li>\n<li>Patrycja Zi\u00f3\u0142kowska<\/li>\n<li>Wiktoria G\u00f3ral<\/li>\n<li>Anna Uzi\u0119b\u0142o<\/li>\n<li>Edyta Str\u0105k<\/li>\n<li>Piotr Figiel<\/li>\n<li>Weronika Kalbarczyk<\/li>\n<li>Weronika Szewczyk<\/li>\n<\/ol>\n<p><strong>Wyniki Konkursu:<\/strong><\/p>\n<p>&#8211; I miejsce \u2013 Marcin Polewski, III T., potrawa nr 1<\/p>\n<p>&#8211; II miejsce \u2013 Kamil Puchta, IV T., potrawa nr 15<\/p>\n<p>&#8211; III miejsce \u2013 Anna Uzi\u0119b\u0142o, III T., potrawa nr 18<\/p>\n<p>&#8211; wyr\u00f3\u017cnienie:<\/p>\n<p>&#8211; Katarzyna Skibniewska, II T., potrawa nr 8<\/p>\n<p>&#8211; Patrycja Zi\u00f3\u0142kowska, III T, potrawa nr 16<\/p>\n<p>Finali\u015bci konkurs\u00f3w otrzymali dyplomy i drobne upominki z r\u0105k Dyrektora p. S\u0142awomira Ryszawy oraz przedstawicieli Komisji p. Marsza\u0142ek Ewy Orze\u0142owskiej i p. Marsza\u0142ek El\u017cbiety Lanc.<\/p>\n<p>Spotkanie przed\u015bwi\u0105teczne, po\u0142\u0105czone z konkursami w tych kategoriach, odby\u0142o si\u0119 w Zespole Szk\u00f3\u0142 Ponadgimnazjalnych w Sadownem ju\u017c po raz drugi. Jest to bardzo dobry pomys\u0142 na przypomnienie i utrwalenie tradycji \u015bwi\u0105tecznych, a tak\u017ce zaprezentowanie ich w najatrakcyjniejszej formie. To tak\u017ce dobra forma sprawdzenia w praktyce nabytych ju\u017c umiej\u0119tno\u015bci przez uczni\u00f3w Technikum \u017bywienia i Us\u0142ug Gastronomicznych, a jak stwierdzili w swoich wypowiedziach cz\u0142onkowie Komisji Konkursowej &#8211; umiej\u0119tno\u015bci te zas\u0142uguj\u0105 na jak najlepsz\u0105 ocen\u0119, a to g\u0142\u00f3wnie dzi\u0119ki w\u0142a\u015bciwie przekazywanej wiedzy przez wykwalifikowan\u0105 i prezentuj\u0105c\u0105 wysoki poziom kadr\u0119 pedagogiczn\u0105 sadowie\u0144skiego Technikum.<\/p>\n<p><strong>Spotkanie zako\u0144czy\u0142o si\u0119 w mi\u0142ej atmosferze i \u017cyczeniami udanych oraz spokojnych \u015awi\u0105t Wielkanocnych.<\/strong><\/p>\n<p><span style=\"color: #0000ff;\"><a style=\"color: #0000ff;\" href=\"https:\/\/photos.app.goo.gl\/WNShk27LmvsFXqzZA\" target=\"_blank\" rel=\"noopener noreferrer\"><strong>Zdj\u0119cia w Galerii Google&gt;&gt;&gt;<\/strong><\/a><\/span><\/p>\n<p><strong>Tekst\/foto:<\/strong> S\u0142awek Chyli\u0144ski<\/p>\n","protected":false},"excerpt":{"rendered":"<p>Zbli\u017caj\u0105ce si\u0119 \u015awi\u0119ta Wielkiej Nocy s\u0105 okazj\u0105 do przypomnienia przepis\u00f3w na r\u00f3\u017cne \u015bwi\u0105teczne potrawy, ale te\u017c atrakcyjnego sposobu ich podania.<\/p>\n","protected":false},"author":1,"featured_media":0,"comment_status":"closed","ping_status":"closed","sticky":false,"template":"","format":"standard","meta":{"footnotes":""},"categories":[5,1752,85],"tags":[2412,182],"class_list":["post-18221","post","type-post","status-publish","format-standard","hentry","category-newsy","category-edukacja","category-zsp","tag-gastronomiczny-konkurs-wielkanocny-w-sadownem","tag-zespol-szkol-ponadgimnazjalnych-w-sadownem"],"views":2874,"_links":{"self":[{"href":"http:\/\/info.sadowne.pl\/index.php?rest_route=\/wp\/v2\/posts\/18221","targetHints":{"allow":["GET"]}}],"collection":[{"href":"http:\/\/info.sadowne.pl\/index.php?rest_route=\/wp\/v2\/posts"}],"about":[{"href":"http:\/\/info.sadowne.pl\/index.php?rest_route=\/wp\/v2\/types\/post"}],"author":[{"embeddable":true,"href":"http:\/\/info.sadowne.pl\/index.php?rest_route=\/wp\/v2\/users\/1"}],"replies":[{"embeddable":true,"href":"http:\/\/info.sadowne.pl\/index.php?rest_route=%2Fwp%2Fv2%2Fcomments&post=18221"}],"version-history":[{"count":3,"href":"http:\/\/info.sadowne.pl\/index.php?rest_route=\/wp\/v2\/posts\/18221\/revisions"}],"predecessor-version":[{"id":22067,"href":"http:\/\/info.sadowne.pl\/index.php?rest_route=\/wp\/v2\/posts\/18221\/revisions\/22067"}],"wp:attachment":[{"href":"http:\/\/info.sadowne.pl\/index.php?rest_route=%2Fwp%2Fv2%2Fmedia&parent=18221"}],"wp:term":[{"taxonomy":"category","embeddable":true,"href":"http:\/\/info.sadowne.pl\/index.php?rest_route=%2Fwp%2Fv2%2Fcategories&post=18221"},{"taxonomy":"post_tag","embeddable":true,"href":"http:\/\/info.sadowne.pl\/index.php?rest_route=%2Fwp%2Fv2%2Ftags&post=18221"}],"curies":[{"name":"wp","href":"https:\/\/api.w.org\/{rel}","templated":true}]}}