{"id":18363,"date":"2018-04-26T20:28:55","date_gmt":"2018-04-26T18:28:55","guid":{"rendered":"http:\/\/info.sadowne.pl\/?p=18363"},"modified":"2018-04-26T20:33:40","modified_gmt":"2018-04-26T18:33:40","slug":"dla-roberta","status":"publish","type":"post","link":"http:\/\/info.sadowne.pl\/?p=18363","title":{"rendered":"Dla Roberta\u2026"},"content":{"rendered":"<p><strong><img loading=\"lazy\" decoding=\"async\" class=\"alignleft size-thumbnail wp-image-18364\" src=\"http:\/\/info.sadowne.pl\/wp-content\/uploads\/2018\/04\/2018.04.26.11-180x130.jpg\" alt=\"\" width=\"180\" height=\"130\" \/>Robert Pawe\u0142as potrzebuje pilnie wsparcia na sfinansowanie kosztownej rehabilitacji. Pierwszy krok w tym kierunku wykona\u0142 ju\u017c Zesp\u00f3\u0142 Szk\u00f3\u0142 Ponadgimnazjalnych w Sadownem.<\/strong><!--more--><\/p>\n<p><strong>W czym rzecz?<\/strong><\/p>\n<p>Jak informowa\u0142o tvn24<em>, w<\/em><em> sobot\u0119 14 kwietnia oko\u0142o 16.30 w Sitnem k. Jadowa kierowca traci panowanie nad pojazdem i uderza w prawid\u0142ow\u0105 jad\u0105c\u0105 na rowerach rodzin\u0119. W wyniku wypadku na miejscu ginie Ma\u0142gorzata Pawe\u0142as, nauczycielka Zespo\u0142u Szk\u00f3\u0142 w Mokrej Wsi, jej 6-letnia c\u00f3rka, druga 8-letnia c\u00f3rka umiera wkr\u00f3tce po przewiezieniu do szpitala. M\u0105\u017c i ojciec dziewczynek w szpitalu walczy o \u017cycie. W domu pozosta\u0142o dw\u00f3ch syn\u00f3w: 16 i 19-letni.<\/em>\u00a0 Wi\u0119cej na stronie: <span style=\"color: #0000ff;\"><strong><a style=\"color: #0000ff;\" href=\"https:\/\/tvnwarszawa.tvn24.pl\/informacje,news,poslizg-karpa-jazda-bokiem-prawdopodobnie-tak-doszlo-do-wypadku,257770.html\" target=\"_blank\" rel=\"noopener noreferrer\">https:\/\/tvnwarszawa.tvn24.pl\/informacje,news,poslizg-karpa-jazda-bokiem-prawdopodobnie-tak-doszlo-do-wypadku,257770.html<\/a><\/strong><\/span><\/p>\n<p><img loading=\"lazy\" decoding=\"async\" class=\"aligncenter size-full wp-image-18365\" src=\"http:\/\/info.sadowne.pl\/wp-content\/uploads\/2018\/04\/2018.04.26.12.jpg\" alt=\"\" width=\"593\" height=\"205\" srcset=\"http:\/\/info.sadowne.pl\/wp-content\/uploads\/2018\/04\/2018.04.26.12.jpg 593w, http:\/\/info.sadowne.pl\/wp-content\/uploads\/2018\/04\/2018.04.26.12-300x104.jpg 300w\" sizes=\"auto, (max-width: 593px) 100vw, 593px\" \/><\/p>\n<p><strong>Ale sk\u0105d pomys\u0142 na organizowanie pomocy i dlaczego w Sadownem?<\/strong><\/p>\n<p>Pokr\u00f3tce wyja\u015bnia to p. Pawe\u0142 Sty\u015b \u2013 nauczyciel Zespo\u0142u Szk\u00f3\u0142 Ponadgimnazjalnych w Sadownem:\u00a0 \u00a0 \u00a0 \u00a0 \u00a0 \u00a0 \u00a0 \u00a0 \u00a0 \u00a0 \u00a0 \u00a0 \u00a0 \u00a0 \u00a0 \u00a0 \u00a0 &#8211; <em>Wg mnie to naturalna reakcja na tak wielk\u0105 tragedi\u0119 rodziny, zw\u0142aszcza dla mnie. Po pierwsze &#8211; pracowa\u0142em dwa lata z Ma\u0142gorzat\u0105 w Zespole Szk\u00f3\u0142 w Mokrej Wsi, po drugie &#8211; gdy uczennicy Technikum Gastronomicznego w Sadownem spali\u0142 si\u0119 dom, to uczniowie, rodzice i nauczyciele szko\u0142y w Mokrej Wsi przeprowadzili zbi\u00f3rk\u0119 i przekazali 1000 z\u0142 na rzecz poszkodowanej uczennicy, a po trzecie &#8211; nie mo\u017cna przej\u015b\u0107 obok takiej tragedii tym bardziej, \u017ce mo\u017cemy pom\u00f3c.<\/em><\/p>\n<p>Z realizacj\u0105 tego pomys\u0142u i zorganizowania pomocy nie mo\u017cna by\u0142o zwleka\u0107. Tu\u017c po tragicznym wypadku, w poniedzia\u0142ek rano &#8211; po porozumieniu z Dyrektorem Szko\u0142y \u2013 Pan Pawe\u0142 i Szkolne Ko\u0142o Wolontariatu Zespo\u0142u Szk\u00f3\u0142 Ponagimnazjalnych w Sadownem zdecydowali o zbi\u00f3rce pieni\u0119dzy na leczenie i rehabilitacj\u0119 ocala\u0142ego z wypadku Roberta Pawe\u0142asa. P. Pawe\u0142 umie\u015bci\u0142 informacj\u0119 na facebook&#8217;u oraz &#8211; po wielu pytaniach o numer konta &#8211; zainicjowa\u0142 zbi\u00f3rk\u0119 pieni\u0119\u017cn\u0105 na portalu\u00a0zrzutka.pl. Po kilku dniach tej akcji Uczniowie, Rodzice i Pracownicy Zespo\u0142u Szk\u00f3\u0142 Ponadgimnazjalnych w Sadownem zebrali ponad 2000 z\u0142, na portalu\u00a0zrzutka.pl\u00a0 ponad 18 000 z\u0142. Jednak jak to si\u0119 m\u00f3wi: wszystko to jest \u201ekropl\u0105 w morzu potrzeb\u201d, dlatego te\u017c apelujemy do wszystkich ludzi o \u201edobrym sercu\u201d, aby wsparli t\u0119 inicjatyw\u0119 i udzielili pomocy potrzebuj\u0105cemu jej Robertowi.<\/p>\n<p><strong>Zbi\u00f3rka pieni\u0119\u017cna w internecie trwa do 31 maja. Wystarczy wej\u015b\u0107 na stron\u0119 <span style=\"color: #0000ff;\"><a style=\"color: #0000ff;\" href=\"https:\/\/zrzutka.pl\/dk6sf6\" target=\"_blank\" rel=\"noopener noreferrer\">https:\/\/zrzutka.pl\/dk6sf6<\/a><\/span> i wp\u0142aci\u0107 elektronicznie deklarowan\u0105 kwot\u0119 \u2013 to zajmuje tylko chwil\u0119.<\/strong><\/p>\n<p><strong>Ale ten szczytny cel mo\u017cna wesprze\u0107 r\u00f3wnie\u017c poprzez:<\/strong><\/p>\n<p><strong>&#8211; wp\u0142aty got\u00f3wk\u0105 &#8211; zapraszamy do Sekretariatu ZSP w Sadownem (I pi\u0119tro)<\/strong><strong>\u00a0<\/strong><\/p>\n<p><strong>&#8211; wp\u0142aty na konto tradycyjnie przy pomocy druku (na poczcie lub w okienku bankowym) na nr konta: 33 1750 1312 6885 5517 6001 1869.<\/strong><\/p>\n<p><strong>Jeszcze raz zach\u0119cam \u2013 pom\u00f3\u017cmy Robertowi i pami\u0119tajmy: <\/strong><strong><em>kiedy pomagamy innym, to pomagamy sobie, bo ka\u017cde dobro, kt\u00f3re czynimy, wraca do nas ze zdwojon\u0105 si\u0142\u0105<\/em><\/strong><strong>.<\/strong><\/p>\n<p><strong>Pawe\u0142 Sty\u015b\/S\u0142awek Chyli\u0144ski<\/strong><\/p>\n","protected":false},"excerpt":{"rendered":"<p>Robert Pawe\u0142as potrzebuje pilnie wsparcia na sfinansowanie kosztownej rehabilitacji. Pierwszy krok w tym kierunku wykona\u0142 ju\u017c Zesp\u00f3\u0142 Szk\u00f3\u0142 Ponadgimnazjalnych w Sadownem.<\/p>\n","protected":false},"author":1,"featured_media":0,"comment_status":"closed","ping_status":"closed","sticky":false,"template":"","format":"standard","meta":{"footnotes":""},"categories":[5,1752,1370,85],"tags":[2784,1132,2783,182],"class_list":["post-18363","post","type-post","status-publish","format-standard","hentry","category-newsy","category-edukacja","category-wolontariat","category-zsp","tag-akcja-charytatywna","tag-pawel-stys","tag-robert-pawelas","tag-zespol-szkol-ponadgimnazjalnych-w-sadownem"],"views":3400,"_links":{"self":[{"href":"http:\/\/info.sadowne.pl\/index.php?rest_route=\/wp\/v2\/posts\/18363","targetHints":{"allow":["GET"]}}],"collection":[{"href":"http:\/\/info.sadowne.pl\/index.php?rest_route=\/wp\/v2\/posts"}],"about":[{"href":"http:\/\/info.sadowne.pl\/index.php?rest_route=\/wp\/v2\/types\/post"}],"author":[{"embeddable":true,"href":"http:\/\/info.sadowne.pl\/index.php?rest_route=\/wp\/v2\/users\/1"}],"replies":[{"embeddable":true,"href":"http:\/\/info.sadowne.pl\/index.php?rest_route=%2Fwp%2Fv2%2Fcomments&post=18363"}],"version-history":[{"count":2,"href":"http:\/\/info.sadowne.pl\/index.php?rest_route=\/wp\/v2\/posts\/18363\/revisions"}],"predecessor-version":[{"id":18367,"href":"http:\/\/info.sadowne.pl\/index.php?rest_route=\/wp\/v2\/posts\/18363\/revisions\/18367"}],"wp:attachment":[{"href":"http:\/\/info.sadowne.pl\/index.php?rest_route=%2Fwp%2Fv2%2Fmedia&parent=18363"}],"wp:term":[{"taxonomy":"category","embeddable":true,"href":"http:\/\/info.sadowne.pl\/index.php?rest_route=%2Fwp%2Fv2%2Fcategories&post=18363"},{"taxonomy":"post_tag","embeddable":true,"href":"http:\/\/info.sadowne.pl\/index.php?rest_route=%2Fwp%2Fv2%2Ftags&post=18363"}],"curies":[{"name":"wp","href":"https:\/\/api.w.org\/{rel}","templated":true}]}}